{"id":8944,"date":"2024-05-08T17:04:30","date_gmt":"2024-05-08T20:04:30","guid":{"rendered":"http:\/\/saec.sp.gov.br\/?p=8944"},"modified":"2024-05-08T17:04:30","modified_gmt":"2024-05-08T20:04:30","slug":"interdicoes-de-ruas-em-09-05-2024","status":"publish","type":"post","link":"http:\/\/saec.sp.gov.br\/index.php\/2024\/05\/08\/interdicoes-de-ruas-em-09-05-2024\/","title":{"rendered":"INTERDI\u00c7\u00d5ES DE RUAS EM 09\/05\/2024"},"content":{"rendered":"<div class=\"xdj266r x11i5rnm xat24cr x1mh8g0r x1vvkbs x126k92a\">\n<div dir=\"auto\">A SAEC informa sobre interdi\u00e7\u00f5es de ruas para a substitui\u00e7\u00e3o de ramais que ser\u00e3o executadas nesta quinta-feira, dia 9, nos seguintes locais:<\/div>\n<\/div>\n<div class=\"x11i5rnm xat24cr x1mh8g0r x1vvkbs xtlvy1s x126k92a\">\n<div dir=\"auto\"><\/div>\n<div dir=\"auto\">7h \u00e0s 9h &#8211; rua Minas Gerais entre as ruas Cear\u00e1 x Belo Horizonte<\/div>\n<div dir=\"auto\">9h \u00e0s 12h30 &#8211; avenida 24 de Fevereiro entre as ruas Bel\u00e9m x Aracaj\u00fa<\/div>\n<div dir=\"auto\">13h \u00e0s 15h &#8211; rua Rio Claro entre as ruas Teresina x Olinda<\/div>\n<\/div>\n<div class=\"x11i5rnm xat24cr x1mh8g0r x1vvkbs xtlvy1s x126k92a\">\n<div dir=\"auto\"><\/div>\n<div dir=\"auto\">A Saec orienta os motoristas a procurarem por rotas alternativas durante os trabalhos.<\/div>\n<\/div>\n<div dir=\"auto\"><\/div>\n<div dir=\"auto\">08\/05\/2024<\/div>\n","protected":false},"excerpt":{"rendered":"<p>A SAEC informa sobre interdi\u00e7\u00f5es de ruas para a substitui\u00e7\u00e3o de ramais que ser\u00e3o executadas nesta quinta-feira, dia 9, nos seguintes locais: 7h \u00e0s 9h &#8211; rua Minas Gerais entre as ruas Cear\u00e1 x Belo Horizonte 9h \u00e0s 12h30 &#8211; avenida 24 de Fevereiro entre as ruas Bel\u00e9m x Aracaj\u00fa 13h \u00e0s 15h &#8211; rua [&hellip;]<\/p>\n","protected":false},"author":12,"featured_media":8748,"comment_status":"closed","ping_status":"closed","sticky":false,"template":"","format":"standard","meta":{"footnotes":""},"categories":[49],"tags":[],"yoast_head":"<!-- This site is optimized with the Yoast SEO plugin v15.3 - https:\/\/yoast.com\/wordpress\/plugins\/seo\/ -->\n<title>INTERDI\u00c7\u00d5ES DE RUAS EM 09\/05\/2024 - SAEC Superintendencia de Agua e Esgoto de Catanduva<\/title>\n<meta name=\"robots\" content=\"index, follow, max-snippet:-1, max-image-preview:large, max-video-preview:-1\" \/>\n<link rel=\"canonical\" href=\"http:\/\/saec.sp.gov.br\/index.php\/2024\/05\/08\/interdicoes-de-ruas-em-09-05-2024\/\" \/>\n<meta property=\"og:locale\" content=\"pt_BR\" \/>\n<meta property=\"og:type\" content=\"article\" \/>\n<meta property=\"og:title\" content=\"INTERDI\u00c7\u00d5ES DE RUAS EM 09\/05\/2024 - SAEC Superintendencia de Agua e Esgoto de Catanduva\" \/>\n<meta property=\"og:description\" content=\"A SAEC informa sobre interdi\u00e7\u00f5es de ruas para a substitui\u00e7\u00e3o de ramais que ser\u00e3o executadas nesta quinta-feira, dia 9, nos seguintes locais: 7h \u00e0s 9h &#8211; rua Minas Gerais entre as ruas Cear\u00e1 x Belo Horizonte 9h \u00e0s 12h30 &#8211; avenida 24 de Fevereiro entre as ruas Bel\u00e9m x Aracaj\u00fa 13h \u00e0s 15h &#8211; rua [&hellip;]\" \/>\n<meta property=\"og:url\" content=\"http:\/\/saec.sp.gov.br\/index.php\/2024\/05\/08\/interdicoes-de-ruas-em-09-05-2024\/\" \/>\n<meta property=\"og:site_name\" content=\"SAEC Superintendencia de Agua e Esgoto de Catanduva\" \/>\n<meta property=\"article:published_time\" content=\"2024-05-08T20:04:30+00:00\" \/>\n<meta property=\"og:image\" content=\"http:\/\/saec.sp.gov.br\/wp-content\/uploads\/2024\/04\/interdicao040424.jpg\" \/>\n\t<meta property=\"og:image:width\" content=\"526\" \/>\n\t<meta property=\"og:image:height\" content=\"526\" \/>\n<meta name=\"twitter:card\" content=\"summary\" \/>\n<meta name=\"twitter:label1\" content=\"Written by\">\n\t<meta name=\"twitter:data1\" content=\"Karla Sibro\">\n\t<meta name=\"twitter:label2\" content=\"Est. reading time\">\n\t<meta name=\"twitter:data2\" content=\"0 minuto\">\n<script type=\"application\/ld+json\" class=\"yoast-schema-graph\">{\"@context\":\"https:\/\/schema.org\",\"@graph\":[{\"@type\":\"WebSite\",\"@id\":\"http:\/\/saec.sp.gov.br\/#website\",\"url\":\"http:\/\/saec.sp.gov.br\/\",\"name\":\"SAEC Superintendencia de Agua e Esgoto de Catanduva\",\"description\":\"SAEC\",\"potentialAction\":[{\"@type\":\"SearchAction\",\"target\":\"http:\/\/saec.sp.gov.br\/?s={search_term_string}\",\"query-input\":\"required name=search_term_string\"}],\"inLanguage\":\"pt-BR\"},{\"@type\":\"ImageObject\",\"@id\":\"http:\/\/saec.sp.gov.br\/index.php\/2024\/05\/08\/interdicoes-de-ruas-em-09-05-2024\/#primaryimage\",\"inLanguage\":\"pt-BR\",\"url\":\"http:\/\/saec.sp.gov.br\/wp-content\/uploads\/2024\/04\/interdicao040424.jpg\",\"width\":526,\"height\":526},{\"@type\":\"WebPage\",\"@id\":\"http:\/\/saec.sp.gov.br\/index.php\/2024\/05\/08\/interdicoes-de-ruas-em-09-05-2024\/#webpage\",\"url\":\"http:\/\/saec.sp.gov.br\/index.php\/2024\/05\/08\/interdicoes-de-ruas-em-09-05-2024\/\",\"name\":\"INTERDI\\u00c7\\u00d5ES DE RUAS EM 09\/05\/2024 - SAEC Superintendencia de Agua e Esgoto de Catanduva\",\"isPartOf\":{\"@id\":\"http:\/\/saec.sp.gov.br\/#website\"},\"primaryImageOfPage\":{\"@id\":\"http:\/\/saec.sp.gov.br\/index.php\/2024\/05\/08\/interdicoes-de-ruas-em-09-05-2024\/#primaryimage\"},\"datePublished\":\"2024-05-08T20:04:30+00:00\",\"dateModified\":\"2024-05-08T20:04:30+00:00\",\"author\":{\"@id\":\"http:\/\/saec.sp.gov.br\/#\/schema\/person\/0adeb299f513c0b2fcb1812012e43dea\"},\"inLanguage\":\"pt-BR\",\"potentialAction\":[{\"@type\":\"ReadAction\",\"target\":[\"http:\/\/saec.sp.gov.br\/index.php\/2024\/05\/08\/interdicoes-de-ruas-em-09-05-2024\/\"]}]},{\"@type\":\"Person\",\"@id\":\"http:\/\/saec.sp.gov.br\/#\/schema\/person\/0adeb299f513c0b2fcb1812012e43dea\",\"name\":\"Karla Sibro\"}]}<\/script>\n<!-- \/ Yoast SEO plugin. -->","amp_validity":null,"amp_enabled":true,"_links":{"self":[{"href":"http:\/\/saec.sp.gov.br\/index.php\/wp-json\/wp\/v2\/posts\/8944"}],"collection":[{"href":"http:\/\/saec.sp.gov.br\/index.php\/wp-json\/wp\/v2\/posts"}],"about":[{"href":"http:\/\/saec.sp.gov.br\/index.php\/wp-json\/wp\/v2\/types\/post"}],"author":[{"embeddable":true,"href":"http:\/\/saec.sp.gov.br\/index.php\/wp-json\/wp\/v2\/users\/12"}],"replies":[{"embeddable":true,"href":"http:\/\/saec.sp.gov.br\/index.php\/wp-json\/wp\/v2\/comments?post=8944"}],"version-history":[{"count":1,"href":"http:\/\/saec.sp.gov.br\/index.php\/wp-json\/wp\/v2\/posts\/8944\/revisions"}],"predecessor-version":[{"id":8945,"href":"http:\/\/saec.sp.gov.br\/index.php\/wp-json\/wp\/v2\/posts\/8944\/revisions\/8945"}],"wp:featuredmedia":[{"embeddable":true,"href":"http:\/\/saec.sp.gov.br\/index.php\/wp-json\/wp\/v2\/media\/8748"}],"wp:attachment":[{"href":"http:\/\/saec.sp.gov.br\/index.php\/wp-json\/wp\/v2\/media?parent=8944"}],"wp:term":[{"taxonomy":"category","embeddable":true,"href":"http:\/\/saec.sp.gov.br\/index.php\/wp-json\/wp\/v2\/categories?post=8944"},{"taxonomy":"post_tag","embeddable":true,"href":"http:\/\/saec.sp.gov.br\/index.php\/wp-json\/wp\/v2\/tags?post=8944"}],"curies":[{"name":"wp","href":"https:\/\/api.w.org\/{rel}","templated":true}]}}