{"id":9943,"date":"2025-02-10T11:02:08","date_gmt":"2025-02-10T14:02:08","guid":{"rendered":"https:\/\/saec.sp.gov.br\/?p=9943"},"modified":"2025-02-10T11:02:08","modified_gmt":"2025-02-10T14:02:08","slug":"interrupcao-programada-no-abastecimento-em-11-02-2025","status":"publish","type":"post","link":"http:\/\/saec.sp.gov.br\/index.php\/2025\/02\/10\/interrupcao-programada-no-abastecimento-em-11-02-2025\/","title":{"rendered":"INTERRUP\u00c7\u00c3O PROGRAMADA NO ABASTECIMENTO EM 11\/02\/2025"},"content":{"rendered":"<div class=\"xdj266r x11i5rnm xat24cr x1mh8g0r x1vvkbs x126k92a\">\n<div dir=\"auto\">A Saec comunica aos moradores sobre a interrup\u00e7\u00e3o programada no fornecimento de \u00e1gua nesta ter\u00e7a-feira, dia 11 de fevereiro, na Unidade de Reserva\u00e7\u00e3o (UR-8) Conjunto Euclides, po\u00e7o 2, a partir das 7h.<\/div>\n<\/div>\n<div class=\"x11i5rnm xat24cr x1mh8g0r x1vvkbs xtlvy1s x126k92a\">\n<div dir=\"auto\"><\/div>\n<div dir=\"auto\">Ser\u00e3o afetados os seguintes bairros: Conjunto Euclides I e II.<\/div>\n<\/div>\n<div class=\"x11i5rnm xat24cr x1mh8g0r x1vvkbs xtlvy1s x126k92a\">\n<div dir=\"auto\"><\/div>\n<div dir=\"auto\">Na ocasi\u00e3o, a UR-8, que abastece os bairros, ficar\u00e1 sem energia, devido \u00e0 manuten\u00e7\u00e3o na rede el\u00e9trica, executada pela Energisa.<\/div>\n<\/div>\n<div class=\"x11i5rnm xat24cr x1mh8g0r x1vvkbs xtlvy1s x126k92a\">\n<div dir=\"auto\"><\/div>\n<div dir=\"auto\">A previs\u00e3o \u00e9 de que o servi\u00e7o seja conclu\u00eddo at\u00e9 \u00e0s 12h.<\/div>\n<\/div>\n<div class=\"x11i5rnm xat24cr x1mh8g0r x1vvkbs xtlvy1s x126k92a\">\n<div dir=\"auto\"><\/div>\n<div dir=\"auto\">A orienta\u00e7\u00e3o \u00e9 para que os moradores economizem \u00e1gua durante o per\u00edodo para que n\u00e3o ocorra desabastecimento.<\/div>\n<\/div>\n","protected":false},"excerpt":{"rendered":"<p>A Saec comunica aos moradores sobre a interrup\u00e7\u00e3o programada no fornecimento de \u00e1gua nesta ter\u00e7a-feira, dia 11 de fevereiro, na Unidade de Reserva\u00e7\u00e3o (UR-8) Conjunto Euclides, po\u00e7o 2, a partir das 7h. Ser\u00e3o afetados os seguintes bairros: Conjunto Euclides I e II. Na ocasi\u00e3o, a UR-8, que abastece os bairros, ficar\u00e1 sem energia, devido \u00e0 [&hellip;]<\/p>\n","protected":false},"author":12,"featured_media":9837,"comment_status":"closed","ping_status":"closed","sticky":false,"template":"","format":"standard","meta":{"footnotes":""},"categories":[41],"tags":[],"yoast_head":"<!-- This site is optimized with the Yoast SEO plugin v15.3 - https:\/\/yoast.com\/wordpress\/plugins\/seo\/ -->\n<title>INTERRUP\u00c7\u00c3O PROGRAMADA NO ABASTECIMENTO EM 11\/02\/2025 - SAEC Superintendencia de Agua e Esgoto de Catanduva<\/title>\n<meta name=\"robots\" content=\"index, follow, max-snippet:-1, max-image-preview:large, max-video-preview:-1\" \/>\n<link rel=\"canonical\" href=\"http:\/\/saec.sp.gov.br\/index.php\/2025\/02\/10\/interrupcao-programada-no-abastecimento-em-11-02-2025\/\" \/>\n<meta property=\"og:locale\" content=\"pt_BR\" \/>\n<meta property=\"og:type\" content=\"article\" \/>\n<meta property=\"og:title\" content=\"INTERRUP\u00c7\u00c3O PROGRAMADA NO ABASTECIMENTO EM 11\/02\/2025 - SAEC Superintendencia de Agua e Esgoto de Catanduva\" \/>\n<meta property=\"og:description\" content=\"A Saec comunica aos moradores sobre a interrup\u00e7\u00e3o programada no fornecimento de \u00e1gua nesta ter\u00e7a-feira, dia 11 de fevereiro, na Unidade de Reserva\u00e7\u00e3o (UR-8) Conjunto Euclides, po\u00e7o 2, a partir das 7h. Ser\u00e3o afetados os seguintes bairros: Conjunto Euclides I e II. Na ocasi\u00e3o, a UR-8, que abastece os bairros, ficar\u00e1 sem energia, devido \u00e0 [&hellip;]\" \/>\n<meta property=\"og:url\" content=\"http:\/\/saec.sp.gov.br\/index.php\/2025\/02\/10\/interrupcao-programada-no-abastecimento-em-11-02-2025\/\" \/>\n<meta property=\"og:site_name\" content=\"SAEC Superintendencia de Agua e Esgoto de Catanduva\" \/>\n<meta property=\"article:published_time\" content=\"2025-02-10T14:02:08+00:00\" \/>\n<meta property=\"og:image\" content=\"http:\/\/saec.sp.gov.br\/wp-content\/uploads\/2025\/01\/interrupcao.jpg\" \/>\n\t<meta property=\"og:image:width\" content=\"1080\" \/>\n\t<meta property=\"og:image:height\" content=\"1080\" \/>\n<meta name=\"twitter:card\" content=\"summary\" \/>\n<meta name=\"twitter:label1\" content=\"Written by\">\n\t<meta name=\"twitter:data1\" content=\"Karla Sibro\">\n\t<meta name=\"twitter:label2\" content=\"Est. reading time\">\n\t<meta name=\"twitter:data2\" content=\"0 minuto\">\n<script type=\"application\/ld+json\" class=\"yoast-schema-graph\">{\"@context\":\"https:\/\/schema.org\",\"@graph\":[{\"@type\":\"WebSite\",\"@id\":\"http:\/\/saec.sp.gov.br\/#website\",\"url\":\"http:\/\/saec.sp.gov.br\/\",\"name\":\"SAEC Superintendencia de Agua e Esgoto de Catanduva\",\"description\":\"SAEC\",\"potentialAction\":[{\"@type\":\"SearchAction\",\"target\":\"http:\/\/saec.sp.gov.br\/?s={search_term_string}\",\"query-input\":\"required name=search_term_string\"}],\"inLanguage\":\"pt-BR\"},{\"@type\":\"ImageObject\",\"@id\":\"http:\/\/saec.sp.gov.br\/index.php\/2025\/02\/10\/interrupcao-programada-no-abastecimento-em-11-02-2025\/#primaryimage\",\"inLanguage\":\"pt-BR\",\"url\":\"http:\/\/saec.sp.gov.br\/wp-content\/uploads\/2025\/01\/interrupcao.jpg\",\"width\":1080,\"height\":1080},{\"@type\":\"WebPage\",\"@id\":\"http:\/\/saec.sp.gov.br\/index.php\/2025\/02\/10\/interrupcao-programada-no-abastecimento-em-11-02-2025\/#webpage\",\"url\":\"http:\/\/saec.sp.gov.br\/index.php\/2025\/02\/10\/interrupcao-programada-no-abastecimento-em-11-02-2025\/\",\"name\":\"INTERRUP\\u00c7\\u00c3O PROGRAMADA NO ABASTECIMENTO EM 11\/02\/2025 - SAEC Superintendencia de Agua e Esgoto de Catanduva\",\"isPartOf\":{\"@id\":\"http:\/\/saec.sp.gov.br\/#website\"},\"primaryImageOfPage\":{\"@id\":\"http:\/\/saec.sp.gov.br\/index.php\/2025\/02\/10\/interrupcao-programada-no-abastecimento-em-11-02-2025\/#primaryimage\"},\"datePublished\":\"2025-02-10T14:02:08+00:00\",\"dateModified\":\"2025-02-10T14:02:08+00:00\",\"author\":{\"@id\":\"http:\/\/saec.sp.gov.br\/#\/schema\/person\/0adeb299f513c0b2fcb1812012e43dea\"},\"inLanguage\":\"pt-BR\",\"potentialAction\":[{\"@type\":\"ReadAction\",\"target\":[\"http:\/\/saec.sp.gov.br\/index.php\/2025\/02\/10\/interrupcao-programada-no-abastecimento-em-11-02-2025\/\"]}]},{\"@type\":\"Person\",\"@id\":\"http:\/\/saec.sp.gov.br\/#\/schema\/person\/0adeb299f513c0b2fcb1812012e43dea\",\"name\":\"Karla Sibro\"}]}<\/script>\n<!-- \/ Yoast SEO plugin. -->","amp_validity":null,"amp_enabled":true,"_links":{"self":[{"href":"http:\/\/saec.sp.gov.br\/index.php\/wp-json\/wp\/v2\/posts\/9943"}],"collection":[{"href":"http:\/\/saec.sp.gov.br\/index.php\/wp-json\/wp\/v2\/posts"}],"about":[{"href":"http:\/\/saec.sp.gov.br\/index.php\/wp-json\/wp\/v2\/types\/post"}],"author":[{"embeddable":true,"href":"http:\/\/saec.sp.gov.br\/index.php\/wp-json\/wp\/v2\/users\/12"}],"replies":[{"embeddable":true,"href":"http:\/\/saec.sp.gov.br\/index.php\/wp-json\/wp\/v2\/comments?post=9943"}],"version-history":[{"count":1,"href":"http:\/\/saec.sp.gov.br\/index.php\/wp-json\/wp\/v2\/posts\/9943\/revisions"}],"predecessor-version":[{"id":9944,"href":"http:\/\/saec.sp.gov.br\/index.php\/wp-json\/wp\/v2\/posts\/9943\/revisions\/9944"}],"wp:featuredmedia":[{"embeddable":true,"href":"http:\/\/saec.sp.gov.br\/index.php\/wp-json\/wp\/v2\/media\/9837"}],"wp:attachment":[{"href":"http:\/\/saec.sp.gov.br\/index.php\/wp-json\/wp\/v2\/media?parent=9943"}],"wp:term":[{"taxonomy":"category","embeddable":true,"href":"http:\/\/saec.sp.gov.br\/index.php\/wp-json\/wp\/v2\/categories?post=9943"},{"taxonomy":"post_tag","embeddable":true,"href":"http:\/\/saec.sp.gov.br\/index.php\/wp-json\/wp\/v2\/tags?post=9943"}],"curies":[{"name":"wp","href":"https:\/\/api.w.org\/{rel}","templated":true}]}}