{"id":10033,"date":"2025-03-03T16:55:39","date_gmt":"2025-03-03T19:55:39","guid":{"rendered":"https:\/\/saec.sp.gov.br\/?p=10033"},"modified":"2025-03-05T16:57:19","modified_gmt":"2025-03-05T19:57:19","slug":"plantao-de-carnaval-obras-em-andamento","status":"publish","type":"post","link":"https:\/\/saec.sp.gov.br\/index.php\/2025\/03\/03\/plantao-de-carnaval-obras-em-andamento\/","title":{"rendered":"PLANT\u00c3O DE CARNAVAL \u2013 OBRAS EM ANDAMENTO"},"content":{"rendered":"<div class=\"xdj266r x11i5rnm xat24cr x1mh8g0r x1vvkbs x126k92a\">\n<div dir=\"auto\">Nesta segunda-feira de Carnaval, dia 3, ao som de &#8220;\u00d4 Abre Alas&#8221;, a equipe da SAEC segue trabalhando para melhorar a infraestrutura da cidade!<\/div>\n<div dir=\"auto\"><\/div>\n<\/div>\n<div class=\"x11i5rnm xat24cr x1mh8g0r x1vvkbs xtlvy1s x126k92a\">\n<div dir=\"auto\">Rua Brasil (entre as ruas Cedral e Borborema)<\/div>\n<div dir=\"auto\"><\/div>\n<div dir=\"auto\">Rede de \u00e1gua substitu\u00edda<\/div>\n<div dir=\"auto\"><\/div>\n<div dir=\"auto\">Agora, reposi\u00e7\u00e3o da massa asf\u00e1ltica em todo o trecho<\/div>\n<\/div>\n<div class=\"x11i5rnm xat24cr x1mh8g0r x1vvkbs xtlvy1s x126k92a\">\n<div dir=\"auto\"><\/div>\n<div dir=\"auto\">Aten\u00e7\u00e3o, motoristas e pedestres! O local est\u00e1 parcialmente interditado. Dirija com cuidado e respeite a sinaliza\u00e7\u00e3o.<\/div>\n<\/div>\n<div class=\"x11i5rnm xat24cr x1mh8g0r x1vvkbs xtlvy1s x126k92a\">\n<div dir=\"auto\"><\/div>\n<div dir=\"auto\">Nosso compromisso \u00e9 com uma cidade melhor para todos!<\/div>\n<\/div>\n","protected":false},"excerpt":{"rendered":"<p>Nesta segunda-feira de Carnaval, dia 3, ao som de &#8220;\u00d4 Abre Alas&#8221;, a equipe da SAEC segue trabalhando para melhorar a infraestrutura da cidade! Rua Brasil (entre as ruas Cedral e Borborema) Rede de \u00e1gua substitu\u00edda Agora, reposi\u00e7\u00e3o da massa asf\u00e1ltica em todo o trecho Aten\u00e7\u00e3o, motoristas e pedestres! O local est\u00e1 parcialmente interditado. Dirija [&hellip;]<\/p>\n","protected":false},"author":12,"featured_media":10034,"comment_status":"closed","ping_status":"closed","sticky":false,"template":"","format":"standard","meta":{"footnotes":""},"categories":[41],"tags":[],"yoast_head":"<!-- This site is optimized with the Yoast SEO plugin v15.3 - https:\/\/yoast.com\/wordpress\/plugins\/seo\/ -->\n<title>PLANT\u00c3O DE CARNAVAL \u2013 OBRAS EM ANDAMENTO - SAEC Superintendencia de Agua e Esgoto de Catanduva<\/title>\n<meta name=\"robots\" content=\"index, follow, max-snippet:-1, max-image-preview:large, max-video-preview:-1\" \/>\n<link rel=\"canonical\" href=\"https:\/\/saec.sp.gov.br\/index.php\/2025\/03\/03\/plantao-de-carnaval-obras-em-andamento\/\" \/>\n<meta property=\"og:locale\" content=\"pt_BR\" \/>\n<meta property=\"og:type\" content=\"article\" \/>\n<meta property=\"og:title\" content=\"PLANT\u00c3O DE CARNAVAL \u2013 OBRAS EM ANDAMENTO - SAEC Superintendencia de Agua e Esgoto de Catanduva\" \/>\n<meta property=\"og:description\" content=\"Nesta segunda-feira de Carnaval, dia 3, ao som de &#8220;\u00d4 Abre Alas&#8221;, a equipe da SAEC segue trabalhando para melhorar a infraestrutura da cidade! Rua Brasil (entre as ruas Cedral e Borborema) Rede de \u00e1gua substitu\u00edda Agora, reposi\u00e7\u00e3o da massa asf\u00e1ltica em todo o trecho Aten\u00e7\u00e3o, motoristas e pedestres! O local est\u00e1 parcialmente interditado. Dirija [&hellip;]\" \/>\n<meta property=\"og:url\" content=\"https:\/\/saec.sp.gov.br\/index.php\/2025\/03\/03\/plantao-de-carnaval-obras-em-andamento\/\" \/>\n<meta property=\"og:site_name\" content=\"SAEC Superintendencia de Agua e Esgoto de Catanduva\" \/>\n<meta property=\"article:published_time\" content=\"2025-03-03T19:55:39+00:00\" \/>\n<meta property=\"article:modified_time\" content=\"2025-03-05T19:57:19+00:00\" \/>\n<meta property=\"og:image\" content=\"https:\/\/saec.sp.gov.br\/wp-content\/uploads\/2025\/03\/site.jpg\" \/>\n\t<meta property=\"og:image:width\" content=\"681\" \/>\n\t<meta property=\"og:image:height\" content=\"720\" \/>\n<meta name=\"twitter:card\" content=\"summary\" \/>\n<meta name=\"twitter:label1\" content=\"Written by\">\n\t<meta name=\"twitter:data1\" content=\"Karla Sibro\">\n\t<meta name=\"twitter:label2\" content=\"Est. reading time\">\n\t<meta name=\"twitter:data2\" content=\"0 minuto\">\n<script type=\"application\/ld+json\" class=\"yoast-schema-graph\">{\"@context\":\"https:\/\/schema.org\",\"@graph\":[{\"@type\":\"WebSite\",\"@id\":\"https:\/\/saec.sp.gov.br\/#website\",\"url\":\"https:\/\/saec.sp.gov.br\/\",\"name\":\"SAEC Superintendencia de Agua e Esgoto de Catanduva\",\"description\":\"SAEC\",\"potentialAction\":[{\"@type\":\"SearchAction\",\"target\":\"https:\/\/saec.sp.gov.br\/?s={search_term_string}\",\"query-input\":\"required name=search_term_string\"}],\"inLanguage\":\"pt-BR\"},{\"@type\":\"ImageObject\",\"@id\":\"https:\/\/saec.sp.gov.br\/index.php\/2025\/03\/03\/plantao-de-carnaval-obras-em-andamento\/#primaryimage\",\"inLanguage\":\"pt-BR\",\"url\":\"https:\/\/saec.sp.gov.br\/wp-content\/uploads\/2025\/03\/site.jpg\",\"width\":681,\"height\":720},{\"@type\":\"WebPage\",\"@id\":\"https:\/\/saec.sp.gov.br\/index.php\/2025\/03\/03\/plantao-de-carnaval-obras-em-andamento\/#webpage\",\"url\":\"https:\/\/saec.sp.gov.br\/index.php\/2025\/03\/03\/plantao-de-carnaval-obras-em-andamento\/\",\"name\":\"PLANT\\u00c3O DE CARNAVAL \\u2013 OBRAS EM ANDAMENTO - SAEC Superintendencia de Agua e Esgoto de Catanduva\",\"isPartOf\":{\"@id\":\"https:\/\/saec.sp.gov.br\/#website\"},\"primaryImageOfPage\":{\"@id\":\"https:\/\/saec.sp.gov.br\/index.php\/2025\/03\/03\/plantao-de-carnaval-obras-em-andamento\/#primaryimage\"},\"datePublished\":\"2025-03-03T19:55:39+00:00\",\"dateModified\":\"2025-03-05T19:57:19+00:00\",\"author\":{\"@id\":\"https:\/\/saec.sp.gov.br\/#\/schema\/person\/0adeb299f513c0b2fcb1812012e43dea\"},\"inLanguage\":\"pt-BR\",\"potentialAction\":[{\"@type\":\"ReadAction\",\"target\":[\"https:\/\/saec.sp.gov.br\/index.php\/2025\/03\/03\/plantao-de-carnaval-obras-em-andamento\/\"]}]},{\"@type\":\"Person\",\"@id\":\"https:\/\/saec.sp.gov.br\/#\/schema\/person\/0adeb299f513c0b2fcb1812012e43dea\",\"name\":\"Karla Sibro\"}]}<\/script>\n<!-- \/ Yoast SEO plugin. -->","amp_validity":null,"amp_enabled":true,"_links":{"self":[{"href":"https:\/\/saec.sp.gov.br\/index.php\/wp-json\/wp\/v2\/posts\/10033"}],"collection":[{"href":"https:\/\/saec.sp.gov.br\/index.php\/wp-json\/wp\/v2\/posts"}],"about":[{"href":"https:\/\/saec.sp.gov.br\/index.php\/wp-json\/wp\/v2\/types\/post"}],"author":[{"embeddable":true,"href":"https:\/\/saec.sp.gov.br\/index.php\/wp-json\/wp\/v2\/users\/12"}],"replies":[{"embeddable":true,"href":"https:\/\/saec.sp.gov.br\/index.php\/wp-json\/wp\/v2\/comments?post=10033"}],"version-history":[{"count":1,"href":"https:\/\/saec.sp.gov.br\/index.php\/wp-json\/wp\/v2\/posts\/10033\/revisions"}],"predecessor-version":[{"id":10035,"href":"https:\/\/saec.sp.gov.br\/index.php\/wp-json\/wp\/v2\/posts\/10033\/revisions\/10035"}],"wp:featuredmedia":[{"embeddable":true,"href":"https:\/\/saec.sp.gov.br\/index.php\/wp-json\/wp\/v2\/media\/10034"}],"wp:attachment":[{"href":"https:\/\/saec.sp.gov.br\/index.php\/wp-json\/wp\/v2\/media?parent=10033"}],"wp:term":[{"taxonomy":"category","embeddable":true,"href":"https:\/\/saec.sp.gov.br\/index.php\/wp-json\/wp\/v2\/categories?post=10033"},{"taxonomy":"post_tag","embeddable":true,"href":"https:\/\/saec.sp.gov.br\/index.php\/wp-json\/wp\/v2\/tags?post=10033"}],"curies":[{"name":"wp","href":"https:\/\/api.w.org\/{rel}","templated":true}]}}