{"id":10224,"date":"2025-04-09T18:05:46","date_gmt":"2025-04-09T21:05:46","guid":{"rendered":"https:\/\/saec.sp.gov.br\/?p=10224"},"modified":"2025-04-09T18:05:46","modified_gmt":"2025-04-09T21:05:46","slug":"saec-em-acao-no-parque-jose-cury","status":"publish","type":"post","link":"https:\/\/saec.sp.gov.br\/index.php\/2025\/04\/09\/saec-em-acao-no-parque-jose-cury\/","title":{"rendered":"SAEC EM A\u00c7\u00c3O NO PARQUE JOS\u00c9 CURY"},"content":{"rendered":"<div class=\"xdj266r x11i5rnm xat24cr x1mh8g0r x1vvkbs x126k92a\">\n<div dir=\"auto\">Equipes da Saec finalizaram com sucesso a instala\u00e7\u00e3o de um po\u00e7o de visita (PV) na rua Leonor Lazarin, entre as ruas Vale Verde e Anis Bauab, nesta quarta-feira, dia 9. A interven\u00e7\u00e3o \u00e9 parte de um pacote de melhorias que a Saec est\u00e1 implementando no bairro.<\/div>\n<div dir=\"auto\"><\/div>\n<\/div>\n<div class=\"x11i5rnm xat24cr x1mh8g0r x1vvkbs xtlvy1s x126k92a\">\n<div dir=\"auto\">E tem mais! A partir de agora, na \u00e1rea verde do bairro, a Saec iniciar\u00e1 a substitui\u00e7\u00e3o de cerca de 70 metros da rede coletora de esgoto, trocando as antigas manilhas por PVC Corrugado de 150mm, o que garante um sistema mais eficiente e dur\u00e1vel,<\/div>\n<\/div>\n<div class=\"x11i5rnm xat24cr x1mh8g0r x1vvkbs xtlvy1s x126k92a\">\n<div dir=\"auto\"><\/div>\n<div dir=\"auto\">Para a seguran\u00e7a de todos, a sinaliza\u00e7\u00e3o adequada estar\u00e1 presente no local durante toda a execu\u00e7\u00e3o dos servi\u00e7os.<\/div>\n<div dir=\"auto\"><\/div>\n<\/div>\n<div class=\"x11i5rnm xat24cr x1mh8g0r x1vvkbs xtlvy1s x126k92a\">\n<div dir=\"auto\">Pedimos a colabora\u00e7\u00e3o dos motoristas e pedestres para respeitar as orienta\u00e7\u00f5es e garantir um tr\u00e2nsito seguro.<\/div>\n<div dir=\"auto\"><\/div>\n<\/div>\n<div class=\"x11i5rnm xat24cr x1mh8g0r x1vvkbs xtlvy1s x126k92a\">\n<div dir=\"auto\">\u00a0A previs\u00e3o \u00e9 que todos os servi\u00e7os sejam finalizados ainda neste final de semana. Agradecemos a compreens\u00e3o de todos durante as obras e seguimos trabalhando para melhorar a infraestrutura da nossa comunidade.<\/div>\n<div dir=\"auto\"><\/div>\n<\/div>\n<div class=\"x11i5rnm xat24cr x1mh8g0r x1vvkbs xtlvy1s x126k92a\">\n<div dir=\"auto\">\u00a0Todo o trecho estar\u00e1 sinalizado!<\/div>\n<\/div>\n<div dir=\"auto\"><img loading=\"lazy\" decoding=\"async\" class=\"alignnone size-medium wp-image-10227 lazyload\" src=\"data:image\/gif;base64,R0lGODlhAQABAAAAACH5BAEKAAEALAAAAAABAAEAAAICTAEAOw==\" data-src=\"http:\/\/saec.sp.gov.br\/wp-content\/uploads\/2025\/04\/WhatsApp-Image-2025-04-09-at-18.00.42-300x169.jpeg\" alt=\"\" width=\"300\" height=\"169\" data-sizes=\"auto\" data-srcset=\"https:\/\/saec.sp.gov.br\/wp-content\/uploads\/2025\/04\/WhatsApp-Image-2025-04-09-at-18.00.42-300x169.jpeg 300w, https:\/\/saec.sp.gov.br\/wp-content\/uploads\/2025\/04\/WhatsApp-Image-2025-04-09-at-18.00.42-1024x576.jpeg 1024w, https:\/\/saec.sp.gov.br\/wp-content\/uploads\/2025\/04\/WhatsApp-Image-2025-04-09-at-18.00.42-768x432.jpeg 768w, https:\/\/saec.sp.gov.br\/wp-content\/uploads\/2025\/04\/WhatsApp-Image-2025-04-09-at-18.00.42-1536x864.jpeg 1536w, https:\/\/saec.sp.gov.br\/wp-content\/uploads\/2025\/04\/WhatsApp-Image-2025-04-09-at-18.00.42-1100x619.jpeg 1100w, https:\/\/saec.sp.gov.br\/wp-content\/uploads\/2025\/04\/WhatsApp-Image-2025-04-09-at-18.00.42-600x338.jpeg 600w, https:\/\/saec.sp.gov.br\/wp-content\/uploads\/2025\/04\/WhatsApp-Image-2025-04-09-at-18.00.42-20x11.jpeg 20w, https:\/\/saec.sp.gov.br\/wp-content\/uploads\/2025\/04\/WhatsApp-Image-2025-04-09-at-18.00.42.jpeg 1600w\" sizes=\"(max-width: 300px) 100vw, 300px\" \/><\/div>\n<div dir=\"auto\"><img loading=\"lazy\" decoding=\"async\" class=\"alignnone size-medium wp-image-10226 lazyload\" src=\"data:image\/gif;base64,R0lGODlhAQABAAAAACH5BAEKAAEALAAAAAABAAEAAAICTAEAOw==\" data-src=\"http:\/\/saec.sp.gov.br\/wp-content\/uploads\/2025\/04\/WhatsApp-Image-2025-04-09-at-18.00.54-300x169.jpeg\" alt=\"\" width=\"300\" height=\"169\" data-sizes=\"auto\" data-srcset=\"https:\/\/saec.sp.gov.br\/wp-content\/uploads\/2025\/04\/WhatsApp-Image-2025-04-09-at-18.00.54-300x169.jpeg 300w, https:\/\/saec.sp.gov.br\/wp-content\/uploads\/2025\/04\/WhatsApp-Image-2025-04-09-at-18.00.54-1024x576.jpeg 1024w, https:\/\/saec.sp.gov.br\/wp-content\/uploads\/2025\/04\/WhatsApp-Image-2025-04-09-at-18.00.54-768x432.jpeg 768w, https:\/\/saec.sp.gov.br\/wp-content\/uploads\/2025\/04\/WhatsApp-Image-2025-04-09-at-18.00.54-1536x864.jpeg 1536w, https:\/\/saec.sp.gov.br\/wp-content\/uploads\/2025\/04\/WhatsApp-Image-2025-04-09-at-18.00.54-1100x619.jpeg 1100w, https:\/\/saec.sp.gov.br\/wp-content\/uploads\/2025\/04\/WhatsApp-Image-2025-04-09-at-18.00.54-600x338.jpeg 600w, https:\/\/saec.sp.gov.br\/wp-content\/uploads\/2025\/04\/WhatsApp-Image-2025-04-09-at-18.00.54-20x11.jpeg 20w, https:\/\/saec.sp.gov.br\/wp-content\/uploads\/2025\/04\/WhatsApp-Image-2025-04-09-at-18.00.54.jpeg 1600w\" sizes=\"(max-width: 300px) 100vw, 300px\" \/><\/div>\n<div dir=\"auto\"><img loading=\"lazy\" decoding=\"async\" class=\"alignnone size-medium wp-image-10225 lazyload\" src=\"data:image\/gif;base64,R0lGODlhAQABAAAAACH5BAEKAAEALAAAAAABAAEAAAICTAEAOw==\" data-src=\"http:\/\/saec.sp.gov.br\/wp-content\/uploads\/2025\/04\/WhatsApp-Image-2025-04-09-at-18.01.04-300x169.jpeg\" alt=\"\" width=\"300\" height=\"169\" data-sizes=\"auto\" data-srcset=\"https:\/\/saec.sp.gov.br\/wp-content\/uploads\/2025\/04\/WhatsApp-Image-2025-04-09-at-18.01.04-300x169.jpeg 300w, https:\/\/saec.sp.gov.br\/wp-content\/uploads\/2025\/04\/WhatsApp-Image-2025-04-09-at-18.01.04-1024x576.jpeg 1024w, https:\/\/saec.sp.gov.br\/wp-content\/uploads\/2025\/04\/WhatsApp-Image-2025-04-09-at-18.01.04-768x432.jpeg 768w, https:\/\/saec.sp.gov.br\/wp-content\/uploads\/2025\/04\/WhatsApp-Image-2025-04-09-at-18.01.04-1536x864.jpeg 1536w, https:\/\/saec.sp.gov.br\/wp-content\/uploads\/2025\/04\/WhatsApp-Image-2025-04-09-at-18.01.04-1100x619.jpeg 1100w, https:\/\/saec.sp.gov.br\/wp-content\/uploads\/2025\/04\/WhatsApp-Image-2025-04-09-at-18.01.04-600x338.jpeg 600w, https:\/\/saec.sp.gov.br\/wp-content\/uploads\/2025\/04\/WhatsApp-Image-2025-04-09-at-18.01.04-20x11.jpeg 20w, https:\/\/saec.sp.gov.br\/wp-content\/uploads\/2025\/04\/WhatsApp-Image-2025-04-09-at-18.01.04.jpeg 1600w\" sizes=\"(max-width: 300px) 100vw, 300px\" \/><\/div>\n","protected":false},"excerpt":{"rendered":"<p>Equipes da Saec finalizaram com sucesso a instala\u00e7\u00e3o de um po\u00e7o de visita (PV) na rua Leonor Lazarin, entre as ruas Vale Verde e Anis Bauab, nesta quarta-feira, dia 9. A interven\u00e7\u00e3o \u00e9 parte de um pacote de melhorias que a Saec est\u00e1 implementando no bairro. E tem mais! A partir de agora, na \u00e1rea [&hellip;]<\/p>\n","protected":false},"author":12,"featured_media":10228,"comment_status":"closed","ping_status":"closed","sticky":false,"template":"","format":"standard","meta":{"footnotes":""},"categories":[41],"tags":[],"yoast_head":"<!-- This site is optimized with the Yoast SEO plugin v15.3 - https:\/\/yoast.com\/wordpress\/plugins\/seo\/ -->\n<title>SAEC EM A\u00c7\u00c3O NO PARQUE JOS\u00c9 CURY - SAEC Superintendencia de Agua e Esgoto de Catanduva<\/title>\n<meta name=\"robots\" content=\"index, follow, max-snippet:-1, max-image-preview:large, max-video-preview:-1\" \/>\n<link rel=\"canonical\" href=\"https:\/\/saec.sp.gov.br\/index.php\/2025\/04\/09\/saec-em-acao-no-parque-jose-cury\/\" \/>\n<meta property=\"og:locale\" content=\"pt_BR\" \/>\n<meta property=\"og:type\" content=\"article\" \/>\n<meta property=\"og:title\" content=\"SAEC EM A\u00c7\u00c3O NO PARQUE JOS\u00c9 CURY - SAEC Superintendencia de Agua e Esgoto de Catanduva\" \/>\n<meta property=\"og:description\" content=\"Equipes da Saec finalizaram com sucesso a instala\u00e7\u00e3o de um po\u00e7o de visita (PV) na rua Leonor Lazarin, entre as ruas Vale Verde e Anis Bauab, nesta quarta-feira, dia 9. A interven\u00e7\u00e3o \u00e9 parte de um pacote de melhorias que a Saec est\u00e1 implementando no bairro. E tem mais! A partir de agora, na \u00e1rea [&hellip;]\" \/>\n<meta property=\"og:url\" content=\"https:\/\/saec.sp.gov.br\/index.php\/2025\/04\/09\/saec-em-acao-no-parque-jose-cury\/\" \/>\n<meta property=\"og:site_name\" content=\"SAEC Superintendencia de Agua e Esgoto de Catanduva\" \/>\n<meta property=\"article:published_time\" content=\"2025-04-09T21:05:46+00:00\" \/>\n<meta property=\"og:image\" content=\"https:\/\/saec.sp.gov.br\/wp-content\/uploads\/2025\/04\/WhatsApp-Image-2025-04-09-at-18.00.31.jpeg\" \/>\n\t<meta property=\"og:image:width\" content=\"1600\" \/>\n\t<meta property=\"og:image:height\" content=\"900\" \/>\n<meta name=\"twitter:card\" content=\"summary\" \/>\n<meta name=\"twitter:label1\" content=\"Written by\">\n\t<meta name=\"twitter:data1\" content=\"Karla Sibro\">\n\t<meta name=\"twitter:label2\" content=\"Est. reading time\">\n\t<meta name=\"twitter:data2\" content=\"1 minuto\">\n<script type=\"application\/ld+json\" class=\"yoast-schema-graph\">{\"@context\":\"https:\/\/schema.org\",\"@graph\":[{\"@type\":\"WebSite\",\"@id\":\"https:\/\/saec.sp.gov.br\/#website\",\"url\":\"https:\/\/saec.sp.gov.br\/\",\"name\":\"SAEC Superintendencia de Agua e Esgoto de Catanduva\",\"description\":\"SAEC\",\"potentialAction\":[{\"@type\":\"SearchAction\",\"target\":\"https:\/\/saec.sp.gov.br\/?s={search_term_string}\",\"query-input\":\"required name=search_term_string\"}],\"inLanguage\":\"pt-BR\"},{\"@type\":\"ImageObject\",\"@id\":\"https:\/\/saec.sp.gov.br\/index.php\/2025\/04\/09\/saec-em-acao-no-parque-jose-cury\/#primaryimage\",\"inLanguage\":\"pt-BR\",\"url\":\"https:\/\/saec.sp.gov.br\/wp-content\/uploads\/2025\/04\/WhatsApp-Image-2025-04-09-at-18.00.31.jpeg\",\"width\":1600,\"height\":900},{\"@type\":\"WebPage\",\"@id\":\"https:\/\/saec.sp.gov.br\/index.php\/2025\/04\/09\/saec-em-acao-no-parque-jose-cury\/#webpage\",\"url\":\"https:\/\/saec.sp.gov.br\/index.php\/2025\/04\/09\/saec-em-acao-no-parque-jose-cury\/\",\"name\":\"SAEC EM A\\u00c7\\u00c3O NO PARQUE JOS\\u00c9 CURY - SAEC Superintendencia de Agua e Esgoto de Catanduva\",\"isPartOf\":{\"@id\":\"https:\/\/saec.sp.gov.br\/#website\"},\"primaryImageOfPage\":{\"@id\":\"https:\/\/saec.sp.gov.br\/index.php\/2025\/04\/09\/saec-em-acao-no-parque-jose-cury\/#primaryimage\"},\"datePublished\":\"2025-04-09T21:05:46+00:00\",\"dateModified\":\"2025-04-09T21:05:46+00:00\",\"author\":{\"@id\":\"https:\/\/saec.sp.gov.br\/#\/schema\/person\/0adeb299f513c0b2fcb1812012e43dea\"},\"inLanguage\":\"pt-BR\",\"potentialAction\":[{\"@type\":\"ReadAction\",\"target\":[\"https:\/\/saec.sp.gov.br\/index.php\/2025\/04\/09\/saec-em-acao-no-parque-jose-cury\/\"]}]},{\"@type\":\"Person\",\"@id\":\"https:\/\/saec.sp.gov.br\/#\/schema\/person\/0adeb299f513c0b2fcb1812012e43dea\",\"name\":\"Karla Sibro\"}]}<\/script>\n<!-- \/ Yoast SEO plugin. -->","amp_validity":null,"amp_enabled":true,"_links":{"self":[{"href":"https:\/\/saec.sp.gov.br\/index.php\/wp-json\/wp\/v2\/posts\/10224"}],"collection":[{"href":"https:\/\/saec.sp.gov.br\/index.php\/wp-json\/wp\/v2\/posts"}],"about":[{"href":"https:\/\/saec.sp.gov.br\/index.php\/wp-json\/wp\/v2\/types\/post"}],"author":[{"embeddable":true,"href":"https:\/\/saec.sp.gov.br\/index.php\/wp-json\/wp\/v2\/users\/12"}],"replies":[{"embeddable":true,"href":"https:\/\/saec.sp.gov.br\/index.php\/wp-json\/wp\/v2\/comments?post=10224"}],"version-history":[{"count":1,"href":"https:\/\/saec.sp.gov.br\/index.php\/wp-json\/wp\/v2\/posts\/10224\/revisions"}],"predecessor-version":[{"id":10229,"href":"https:\/\/saec.sp.gov.br\/index.php\/wp-json\/wp\/v2\/posts\/10224\/revisions\/10229"}],"wp:featuredmedia":[{"embeddable":true,"href":"https:\/\/saec.sp.gov.br\/index.php\/wp-json\/wp\/v2\/media\/10228"}],"wp:attachment":[{"href":"https:\/\/saec.sp.gov.br\/index.php\/wp-json\/wp\/v2\/media?parent=10224"}],"wp:term":[{"taxonomy":"category","embeddable":true,"href":"https:\/\/saec.sp.gov.br\/index.php\/wp-json\/wp\/v2\/categories?post=10224"},{"taxonomy":"post_tag","embeddable":true,"href":"https:\/\/saec.sp.gov.br\/index.php\/wp-json\/wp\/v2\/tags?post=10224"}],"curies":[{"name":"wp","href":"https:\/\/api.w.org\/{rel}","templated":true}]}}