{"id":10338,"date":"2025-05-09T09:10:02","date_gmt":"2025-05-09T12:10:02","guid":{"rendered":"https:\/\/saec.sp.gov.br\/?p=10338"},"modified":"2025-05-09T09:10:02","modified_gmt":"2025-05-09T12:10:02","slug":"interdicao-na-rua-bahia-em-09-05-2025","status":"publish","type":"post","link":"https:\/\/saec.sp.gov.br\/index.php\/2025\/05\/09\/interdicao-na-rua-bahia-em-09-05-2025\/","title":{"rendered":"INTERDI\u00c7\u00c3O NA RUA BAHIA EM 09\/05\/2025"},"content":{"rendered":"<div dir=\"auto\">Aten\u00e7\u00e3o, motoristas e moradores!<\/div>\n<div dir=\"auto\"><\/div>\n<div dir=\"auto\">A Saec informa que a rua Bahia esquina com a rua Belo Horizonte estar\u00e1 interditada, nesta sexta-feira, dia 09, para manuten\u00e7\u00e3o no local.<\/div>\n<div dir=\"auto\"><\/div>\n<div dir=\"auto\">\u00a0Previs\u00e3o de libera\u00e7\u00e3o: at\u00e9 \u00e0s 10h<\/div>\n<div dir=\"auto\"><\/div>\n<div dir=\"auto\">\u00a0Evite o trecho e utilize rotas alternativas.<\/div>\n<div dir=\"auto\"><\/div>\n<div dir=\"auto\">Toda a \u00e1rea estar\u00e1 sinalizada com cones para sua seguran\u00e7a.<\/div>\n<div dir=\"auto\"><\/div>\n<div dir=\"auto\">Contamos com a compreens\u00e3o de todos.<\/div>\n<div dir=\"auto\"><\/div>\n<div dir=\"auto\">Saec \u2013 Cuidando da \u00e1gua e da cidade.<\/div>\n<div dir=\"auto\"><img loading=\"lazy\" decoding=\"async\" class=\"alignnone size-medium wp-image-10340 lazyload\" src=\"data:image\/gif;base64,R0lGODlhAQABAAAAACH5BAEKAAEALAAAAAABAAEAAAICTAEAOw==\" data-src=\"http:\/\/saec.sp.gov.br\/wp-content\/uploads\/2025\/05\/WhatsApp-Image-2025-05-09-at-08.50.45-300x225.jpeg\" alt=\"\" width=\"300\" height=\"225\" data-sizes=\"auto\" data-srcset=\"https:\/\/saec.sp.gov.br\/wp-content\/uploads\/2025\/05\/WhatsApp-Image-2025-05-09-at-08.50.45-300x225.jpeg 300w, https:\/\/saec.sp.gov.br\/wp-content\/uploads\/2025\/05\/WhatsApp-Image-2025-05-09-at-08.50.45-1024x768.jpeg 1024w, https:\/\/saec.sp.gov.br\/wp-content\/uploads\/2025\/05\/WhatsApp-Image-2025-05-09-at-08.50.45-768x576.jpeg 768w, https:\/\/saec.sp.gov.br\/wp-content\/uploads\/2025\/05\/WhatsApp-Image-2025-05-09-at-08.50.45-1536x1152.jpeg 1536w, https:\/\/saec.sp.gov.br\/wp-content\/uploads\/2025\/05\/WhatsApp-Image-2025-05-09-at-08.50.45-2048x1536.jpeg 2048w, https:\/\/saec.sp.gov.br\/wp-content\/uploads\/2025\/05\/WhatsApp-Image-2025-05-09-at-08.50.45-1600x1200.jpeg 1600w, https:\/\/saec.sp.gov.br\/wp-content\/uploads\/2025\/05\/WhatsApp-Image-2025-05-09-at-08.50.45-1100x825.jpeg 1100w, https:\/\/saec.sp.gov.br\/wp-content\/uploads\/2025\/05\/WhatsApp-Image-2025-05-09-at-08.50.45-600x450.jpeg 600w, https:\/\/saec.sp.gov.br\/wp-content\/uploads\/2025\/05\/WhatsApp-Image-2025-05-09-at-08.50.45-20x15.jpeg 20w\" sizes=\"(max-width: 300px) 100vw, 300px\" \/><\/div>\n","protected":false},"excerpt":{"rendered":"<p>Aten\u00e7\u00e3o, motoristas e moradores! A Saec informa que a rua Bahia esquina com a rua Belo Horizonte estar\u00e1 interditada, nesta sexta-feira, dia 09, para manuten\u00e7\u00e3o no local. \u00a0Previs\u00e3o de libera\u00e7\u00e3o: at\u00e9 \u00e0s 10h \u00a0Evite o trecho e utilize rotas alternativas. Toda a \u00e1rea estar\u00e1 sinalizada com cones para sua seguran\u00e7a. Contamos com a compreens\u00e3o de [&hellip;]<\/p>\n","protected":false},"author":12,"featured_media":10339,"comment_status":"closed","ping_status":"closed","sticky":false,"template":"","format":"standard","meta":{"footnotes":""},"categories":[41],"tags":[],"yoast_head":"<!-- This site is optimized with the Yoast SEO plugin v15.3 - https:\/\/yoast.com\/wordpress\/plugins\/seo\/ -->\n<title>INTERDI\u00c7\u00c3O NA RUA BAHIA EM 09\/05\/2025 - SAEC Superintendencia de Agua e Esgoto de Catanduva<\/title>\n<meta name=\"robots\" content=\"index, follow, max-snippet:-1, max-image-preview:large, max-video-preview:-1\" \/>\n<link rel=\"canonical\" href=\"https:\/\/saec.sp.gov.br\/index.php\/2025\/05\/09\/interdicao-na-rua-bahia-em-09-05-2025\/\" \/>\n<meta property=\"og:locale\" content=\"pt_BR\" \/>\n<meta property=\"og:type\" content=\"article\" \/>\n<meta property=\"og:title\" content=\"INTERDI\u00c7\u00c3O NA RUA BAHIA EM 09\/05\/2025 - SAEC Superintendencia de Agua e Esgoto de Catanduva\" \/>\n<meta property=\"og:description\" content=\"Aten\u00e7\u00e3o, motoristas e moradores! A Saec informa que a rua Bahia esquina com a rua Belo Horizonte estar\u00e1 interditada, nesta sexta-feira, dia 09, para manuten\u00e7\u00e3o no local. \u00a0Previs\u00e3o de libera\u00e7\u00e3o: at\u00e9 \u00e0s 10h \u00a0Evite o trecho e utilize rotas alternativas. Toda a \u00e1rea estar\u00e1 sinalizada com cones para sua seguran\u00e7a. Contamos com a compreens\u00e3o de [&hellip;]\" \/>\n<meta property=\"og:url\" content=\"https:\/\/saec.sp.gov.br\/index.php\/2025\/05\/09\/interdicao-na-rua-bahia-em-09-05-2025\/\" \/>\n<meta property=\"og:site_name\" content=\"SAEC Superintendencia de Agua e Esgoto de Catanduva\" \/>\n<meta property=\"article:published_time\" content=\"2025-05-09T12:10:02+00:00\" \/>\n<meta property=\"og:image\" content=\"https:\/\/saec.sp.gov.br\/wp-content\/uploads\/2025\/05\/WhatsApp-Image-2025-05-09-at-08.50.44-scaled.jpeg\" \/>\n\t<meta property=\"og:image:width\" content=\"2560\" \/>\n\t<meta property=\"og:image:height\" content=\"1920\" \/>\n<meta name=\"twitter:card\" content=\"summary\" \/>\n<meta name=\"twitter:label1\" content=\"Written by\">\n\t<meta name=\"twitter:data1\" content=\"Karla Sibro\">\n\t<meta name=\"twitter:label2\" content=\"Est. reading time\">\n\t<meta name=\"twitter:data2\" content=\"0 minuto\">\n<script type=\"application\/ld+json\" class=\"yoast-schema-graph\">{\"@context\":\"https:\/\/schema.org\",\"@graph\":[{\"@type\":\"WebSite\",\"@id\":\"https:\/\/saec.sp.gov.br\/#website\",\"url\":\"https:\/\/saec.sp.gov.br\/\",\"name\":\"SAEC Superintendencia de Agua e Esgoto de Catanduva\",\"description\":\"SAEC\",\"potentialAction\":[{\"@type\":\"SearchAction\",\"target\":\"https:\/\/saec.sp.gov.br\/?s={search_term_string}\",\"query-input\":\"required name=search_term_string\"}],\"inLanguage\":\"pt-BR\"},{\"@type\":\"ImageObject\",\"@id\":\"https:\/\/saec.sp.gov.br\/index.php\/2025\/05\/09\/interdicao-na-rua-bahia-em-09-05-2025\/#primaryimage\",\"inLanguage\":\"pt-BR\",\"url\":\"https:\/\/saec.sp.gov.br\/wp-content\/uploads\/2025\/05\/WhatsApp-Image-2025-05-09-at-08.50.44-scaled.jpeg\",\"width\":2560,\"height\":1920},{\"@type\":\"WebPage\",\"@id\":\"https:\/\/saec.sp.gov.br\/index.php\/2025\/05\/09\/interdicao-na-rua-bahia-em-09-05-2025\/#webpage\",\"url\":\"https:\/\/saec.sp.gov.br\/index.php\/2025\/05\/09\/interdicao-na-rua-bahia-em-09-05-2025\/\",\"name\":\"INTERDI\\u00c7\\u00c3O NA RUA BAHIA EM 09\/05\/2025 - SAEC Superintendencia de Agua e Esgoto de Catanduva\",\"isPartOf\":{\"@id\":\"https:\/\/saec.sp.gov.br\/#website\"},\"primaryImageOfPage\":{\"@id\":\"https:\/\/saec.sp.gov.br\/index.php\/2025\/05\/09\/interdicao-na-rua-bahia-em-09-05-2025\/#primaryimage\"},\"datePublished\":\"2025-05-09T12:10:02+00:00\",\"dateModified\":\"2025-05-09T12:10:02+00:00\",\"author\":{\"@id\":\"https:\/\/saec.sp.gov.br\/#\/schema\/person\/0adeb299f513c0b2fcb1812012e43dea\"},\"inLanguage\":\"pt-BR\",\"potentialAction\":[{\"@type\":\"ReadAction\",\"target\":[\"https:\/\/saec.sp.gov.br\/index.php\/2025\/05\/09\/interdicao-na-rua-bahia-em-09-05-2025\/\"]}]},{\"@type\":\"Person\",\"@id\":\"https:\/\/saec.sp.gov.br\/#\/schema\/person\/0adeb299f513c0b2fcb1812012e43dea\",\"name\":\"Karla Sibro\"}]}<\/script>\n<!-- \/ Yoast SEO plugin. -->","amp_validity":null,"amp_enabled":true,"_links":{"self":[{"href":"https:\/\/saec.sp.gov.br\/index.php\/wp-json\/wp\/v2\/posts\/10338"}],"collection":[{"href":"https:\/\/saec.sp.gov.br\/index.php\/wp-json\/wp\/v2\/posts"}],"about":[{"href":"https:\/\/saec.sp.gov.br\/index.php\/wp-json\/wp\/v2\/types\/post"}],"author":[{"embeddable":true,"href":"https:\/\/saec.sp.gov.br\/index.php\/wp-json\/wp\/v2\/users\/12"}],"replies":[{"embeddable":true,"href":"https:\/\/saec.sp.gov.br\/index.php\/wp-json\/wp\/v2\/comments?post=10338"}],"version-history":[{"count":1,"href":"https:\/\/saec.sp.gov.br\/index.php\/wp-json\/wp\/v2\/posts\/10338\/revisions"}],"predecessor-version":[{"id":10341,"href":"https:\/\/saec.sp.gov.br\/index.php\/wp-json\/wp\/v2\/posts\/10338\/revisions\/10341"}],"wp:featuredmedia":[{"embeddable":true,"href":"https:\/\/saec.sp.gov.br\/index.php\/wp-json\/wp\/v2\/media\/10339"}],"wp:attachment":[{"href":"https:\/\/saec.sp.gov.br\/index.php\/wp-json\/wp\/v2\/media?parent=10338"}],"wp:term":[{"taxonomy":"category","embeddable":true,"href":"https:\/\/saec.sp.gov.br\/index.php\/wp-json\/wp\/v2\/categories?post=10338"},{"taxonomy":"post_tag","embeddable":true,"href":"https:\/\/saec.sp.gov.br\/index.php\/wp-json\/wp\/v2\/tags?post=10338"}],"curies":[{"name":"wp","href":"https:\/\/api.w.org\/{rel}","templated":true}]}}