{"id":1061,"date":"2017-05-08T11:44:02","date_gmt":"2017-05-08T11:44:02","guid":{"rendered":"http:\/\/saec.sp.gov.br\/?p=1061"},"modified":"2020-11-23T15:10:08","modified_gmt":"2020-11-23T15:10:08","slug":"prefeito-reforca-equipe-de-fiscalizacao-em-vistorias-ambientais","status":"publish","type":"post","link":"https:\/\/saec.sp.gov.br\/index.php\/2017\/05\/08\/prefeito-reforca-equipe-de-fiscalizacao-em-vistorias-ambientais\/","title":{"rendered":"Prefeito refor\u00e7a equipe de fiscaliza\u00e7\u00e3o em vistorias ambientais"},"content":{"rendered":"<p>&nbsp;<\/p>\n<p>O prefeito Afonso Macchione Neto cumpriu, na sexta-feira (28), um roteiro de fiscaliza\u00e7\u00e3o ambiental. Ele esteve no aterro sanit\u00e1rio, na unidade de capta\u00e7\u00e3o de \u00e1gua Biri<img loading=\"lazy\" decoding=\"async\" class=\"size-medium wp-image-1059 alignright lazyload\" src=\"data:image\/gif;base64,R0lGODlhAQABAAAAACH5BAEKAAEALAAAAAABAAEAAAICTAEAOw==\" data-src=\"http:\/\/saec.sp.gov.br\/wp-content\/uploads\/2017\/05\/PREFEITO_VISITA_CAPTACAO_28_04_2017-300x225.jpg\" alt=\"prefeito_visita_captacao_28_04_2017\" width=\"300\" height=\"225\" data-sizes=\"auto\" data-srcset=\"https:\/\/saec.sp.gov.br\/wp-content\/uploads\/2017\/05\/PREFEITO_VISITA_CAPTACAO_28_04_2017-300x225.jpg 300w, https:\/\/saec.sp.gov.br\/wp-content\/uploads\/2017\/05\/PREFEITO_VISITA_CAPTACAO_28_04_2017-768x576.jpg 768w, https:\/\/saec.sp.gov.br\/wp-content\/uploads\/2017\/05\/PREFEITO_VISITA_CAPTACAO_28_04_2017-100x76.jpg 100w, https:\/\/saec.sp.gov.br\/wp-content\/uploads\/2017\/05\/PREFEITO_VISITA_CAPTACAO_28_04_2017-533x400.jpg 533w, https:\/\/saec.sp.gov.br\/wp-content\/uploads\/2017\/05\/PREFEITO_VISITA_CAPTACAO_28_04_2017.jpg 800w\" sizes=\"(max-width: 300px) 100vw, 300px\" \/>gui e na Esta\u00e7\u00e3o de Tratamento de Esgoto (ETE). O objetivo \u00e9 verificar se as unidades atendem os requisitos de sustentabilidade preconizados pela Companhia Ambiental do Estado de S\u00e3o Paulo (Cetesb).<\/p>\n<p>Durante o percurso, Macchione contou com a companhia do diretor de Meio Ambiente, Jos\u00e9 Maur\u00edcio Braga \u2013 interlocutor da administra\u00e7\u00e3o municipal no Programa Munic\u00edpio VerdeAzul (PMVA), da fiscal Daniela Amaral, gestora do contrato com a empresa de coleta de lixo na cidade e do superintendente da SAEC, Marcos Augusto Jardim. Al\u00e9m deles, estiveram presentes nos tr\u00eas locais especialistas e encarregados de cada unidade.<\/p>\n<p>A fiscaliza\u00e7\u00e3o \u00e9 realizada duas vezes por ano, de acordo com as exig\u00eancias do Programa Munic\u00edpio VerdeAzul. No total, 17 itens foram vistoriados no aterro sanit\u00e1rio, seis na unidade de capta\u00e7\u00e3o de \u00e1gua e outros 19 nos pontos de entrada e sa\u00edda da ETE.<\/p>\n<p>Para Macchione, Catanduva est\u00e1 em condi\u00e7\u00f5es satisfat\u00f3rias de saneamento e sustentabilidade. \u201cO n\u00edvel de nossos profissionais, sejam de empresas privadas ou p\u00fablicas, est\u00e1 excelente. S\u00e3o pessoas competentes que atuam com seriedade em \u00e1reas important\u00edssimas, que interferem diretamente na qualidade de vida de nossos mun\u00edcipes. Esses profissionais est\u00e3o fazendo o trabalho de maneira exemplar. Fiquei muito satisfeito com o que presenciei nas visitas.\u201d<\/p>\n","protected":false},"excerpt":{"rendered":"<p>&nbsp; O prefeito Afonso Macchione Neto cumpriu, na sexta-feira (28), um roteiro de fiscaliza\u00e7\u00e3o ambiental. Ele esteve no aterro sanit\u00e1rio, na unidade de capta\u00e7\u00e3o de \u00e1gua Birigui e na Esta\u00e7\u00e3o de Tratamento de Esgoto (ETE). O objetivo \u00e9 verificar se as unidades atendem os requisitos de sustentabilidade preconizados pela Companhia Ambiental do Estado de S\u00e3o [&hellip;]<\/p>\n","protected":false},"author":2,"featured_media":1060,"comment_status":"closed","ping_status":"closed","sticky":false,"template":"","format":"standard","meta":{"footnotes":""},"categories":[41],"tags":[],"yoast_head":"<!-- This site is optimized with the Yoast SEO plugin v15.3 - https:\/\/yoast.com\/wordpress\/plugins\/seo\/ -->\n<title>Prefeito refor\u00e7a equipe de fiscaliza\u00e7\u00e3o em vistorias ambientais - SAEC Superintendencia de Agua e Esgoto de Catanduva<\/title>\n<meta name=\"robots\" content=\"index, follow, max-snippet:-1, max-image-preview:large, max-video-preview:-1\" \/>\n<link rel=\"canonical\" href=\"https:\/\/saec.sp.gov.br\/index.php\/2017\/05\/08\/prefeito-reforca-equipe-de-fiscalizacao-em-vistorias-ambientais\/\" \/>\n<meta property=\"og:locale\" content=\"pt_BR\" \/>\n<meta property=\"og:type\" content=\"article\" \/>\n<meta property=\"og:title\" content=\"Prefeito refor\u00e7a equipe de fiscaliza\u00e7\u00e3o em vistorias ambientais - SAEC Superintendencia de Agua e Esgoto de Catanduva\" \/>\n<meta property=\"og:description\" content=\"&nbsp; O prefeito Afonso Macchione Neto cumpriu, na sexta-feira (28), um roteiro de fiscaliza\u00e7\u00e3o ambiental. Ele esteve no aterro sanit\u00e1rio, na unidade de capta\u00e7\u00e3o de \u00e1gua Birigui e na Esta\u00e7\u00e3o de Tratamento de Esgoto (ETE). O objetivo \u00e9 verificar se as unidades atendem os requisitos de sustentabilidade preconizados pela Companhia Ambiental do Estado de S\u00e3o [&hellip;]\" \/>\n<meta property=\"og:url\" content=\"https:\/\/saec.sp.gov.br\/index.php\/2017\/05\/08\/prefeito-reforca-equipe-de-fiscalizacao-em-vistorias-ambientais\/\" \/>\n<meta property=\"og:site_name\" content=\"SAEC Superintendencia de Agua e Esgoto de Catanduva\" \/>\n<meta property=\"article:published_time\" content=\"2017-05-08T11:44:02+00:00\" \/>\n<meta property=\"article:modified_time\" content=\"2020-11-23T15:10:08+00:00\" \/>\n<meta property=\"og:image\" content=\"https:\/\/saec.sp.gov.br\/wp-content\/uploads\/2017\/05\/PREFEITO_VISITA_ETE_28_04_2017.jpg\" \/>\n\t<meta property=\"og:image:width\" content=\"800\" \/>\n\t<meta property=\"og:image:height\" content=\"534\" \/>\n<meta name=\"twitter:card\" content=\"summary\" \/>\n<meta name=\"twitter:label1\" content=\"Written by\">\n\t<meta name=\"twitter:data1\" content=\"Henrique Carlessi\">\n\t<meta name=\"twitter:label2\" content=\"Est. reading time\">\n\t<meta name=\"twitter:data2\" content=\"1 minuto\">\n<script type=\"application\/ld+json\" class=\"yoast-schema-graph\">{\"@context\":\"https:\/\/schema.org\",\"@graph\":[{\"@type\":\"WebSite\",\"@id\":\"https:\/\/saec.sp.gov.br\/#website\",\"url\":\"https:\/\/saec.sp.gov.br\/\",\"name\":\"SAEC Superintendencia de Agua e Esgoto de Catanduva\",\"description\":\"SAEC\",\"potentialAction\":[{\"@type\":\"SearchAction\",\"target\":\"https:\/\/saec.sp.gov.br\/?s={search_term_string}\",\"query-input\":\"required name=search_term_string\"}],\"inLanguage\":\"pt-BR\"},{\"@type\":\"ImageObject\",\"@id\":\"https:\/\/saec.sp.gov.br\/index.php\/2017\/05\/08\/prefeito-reforca-equipe-de-fiscalizacao-em-vistorias-ambientais\/#primaryimage\",\"inLanguage\":\"pt-BR\",\"url\":\"https:\/\/saec.sp.gov.br\/wp-content\/uploads\/2017\/05\/PREFEITO_VISITA_ETE_28_04_2017.jpg\",\"width\":800,\"height\":534},{\"@type\":\"WebPage\",\"@id\":\"https:\/\/saec.sp.gov.br\/index.php\/2017\/05\/08\/prefeito-reforca-equipe-de-fiscalizacao-em-vistorias-ambientais\/#webpage\",\"url\":\"https:\/\/saec.sp.gov.br\/index.php\/2017\/05\/08\/prefeito-reforca-equipe-de-fiscalizacao-em-vistorias-ambientais\/\",\"name\":\"Prefeito refor\\u00e7a equipe de fiscaliza\\u00e7\\u00e3o em vistorias ambientais - SAEC Superintendencia de Agua e Esgoto de Catanduva\",\"isPartOf\":{\"@id\":\"https:\/\/saec.sp.gov.br\/#website\"},\"primaryImageOfPage\":{\"@id\":\"https:\/\/saec.sp.gov.br\/index.php\/2017\/05\/08\/prefeito-reforca-equipe-de-fiscalizacao-em-vistorias-ambientais\/#primaryimage\"},\"datePublished\":\"2017-05-08T11:44:02+00:00\",\"dateModified\":\"2020-11-23T15:10:08+00:00\",\"author\":{\"@id\":\"https:\/\/saec.sp.gov.br\/#\/schema\/person\/c535f1c4ce07aa317d3e4512466d6e7a\"},\"inLanguage\":\"pt-BR\",\"potentialAction\":[{\"@type\":\"ReadAction\",\"target\":[\"https:\/\/saec.sp.gov.br\/index.php\/2017\/05\/08\/prefeito-reforca-equipe-de-fiscalizacao-em-vistorias-ambientais\/\"]}]},{\"@type\":\"Person\",\"@id\":\"https:\/\/saec.sp.gov.br\/#\/schema\/person\/c535f1c4ce07aa317d3e4512466d6e7a\",\"name\":\"Henrique Carlessi\",\"sameAs\":[\"http:\/\/saec.sp.gov.br\"]}]}<\/script>\n<!-- \/ Yoast SEO plugin. -->","amp_validity":null,"amp_enabled":true,"_links":{"self":[{"href":"https:\/\/saec.sp.gov.br\/index.php\/wp-json\/wp\/v2\/posts\/1061"}],"collection":[{"href":"https:\/\/saec.sp.gov.br\/index.php\/wp-json\/wp\/v2\/posts"}],"about":[{"href":"https:\/\/saec.sp.gov.br\/index.php\/wp-json\/wp\/v2\/types\/post"}],"author":[{"embeddable":true,"href":"https:\/\/saec.sp.gov.br\/index.php\/wp-json\/wp\/v2\/users\/2"}],"replies":[{"embeddable":true,"href":"https:\/\/saec.sp.gov.br\/index.php\/wp-json\/wp\/v2\/comments?post=1061"}],"version-history":[{"count":2,"href":"https:\/\/saec.sp.gov.br\/index.php\/wp-json\/wp\/v2\/posts\/1061\/revisions"}],"predecessor-version":[{"id":1063,"href":"https:\/\/saec.sp.gov.br\/index.php\/wp-json\/wp\/v2\/posts\/1061\/revisions\/1063"}],"wp:featuredmedia":[{"embeddable":true,"href":"https:\/\/saec.sp.gov.br\/index.php\/wp-json\/wp\/v2\/media\/1060"}],"wp:attachment":[{"href":"https:\/\/saec.sp.gov.br\/index.php\/wp-json\/wp\/v2\/media?parent=1061"}],"wp:term":[{"taxonomy":"category","embeddable":true,"href":"https:\/\/saec.sp.gov.br\/index.php\/wp-json\/wp\/v2\/categories?post=1061"},{"taxonomy":"post_tag","embeddable":true,"href":"https:\/\/saec.sp.gov.br\/index.php\/wp-json\/wp\/v2\/tags?post=1061"}],"curies":[{"name":"wp","href":"https:\/\/api.w.org\/{rel}","templated":true}]}}