{"id":1064,"date":"2017-05-08T11:47:51","date_gmt":"2017-05-08T11:47:51","guid":{"rendered":"http:\/\/saec.sp.gov.br\/?p=1064"},"modified":"2020-11-23T15:10:04","modified_gmt":"2020-11-23T15:10:04","slug":"predio-da-saec-e-modelo-de-sustentabilidade","status":"publish","type":"post","link":"https:\/\/saec.sp.gov.br\/index.php\/2017\/05\/08\/predio-da-saec-e-modelo-de-sustentabilidade\/","title":{"rendered":"Pr\u00e9dio da SAEC \u00e9 modelo de sustentabilidade"},"content":{"rendered":"<p>A sede da Superintend\u00eancia de \u00c1gua e Esgoto de Catanduva (SAEC) \u00e9 considerada modelo de sustentabilidade para o Comit\u00ea Gestor local do Programa Munic\u00edpio VerdeAzul (PMVA). O pr\u00e9dio atende a pelo menos dez itens de preserva\u00e7\u00e3o ou prote\u00e7\u00e3o ao meio ambiente, conforme a diretiva Munic\u00edpio Sustent\u00e1vel do programa.<img loading=\"lazy\" decoding=\"async\" class=\"size-medium wp-image-1056 alignright lazyload\" src=\"data:image\/gif;base64,R0lGODlhAQABAAAAACH5BAEKAAEALAAAAAABAAEAAAICTAEAOw==\" data-src=\"http:\/\/saec.sp.gov.br\/wp-content\/uploads\/2017\/05\/INSTALACAO_MODELO_1_05_05_2017-300x169.jpg\" alt=\"instalacao_modelo_1_05_05_2017\" width=\"300\" height=\"169\" data-sizes=\"auto\" data-srcset=\"https:\/\/saec.sp.gov.br\/wp-content\/uploads\/2017\/05\/INSTALACAO_MODELO_1_05_05_2017-300x169.jpg 300w, https:\/\/saec.sp.gov.br\/wp-content\/uploads\/2017\/05\/INSTALACAO_MODELO_1_05_05_2017-768x432.jpg 768w, https:\/\/saec.sp.gov.br\/wp-content\/uploads\/2017\/05\/INSTALACAO_MODELO_1_05_05_2017-671x377.jpg 671w, https:\/\/saec.sp.gov.br\/wp-content\/uploads\/2017\/05\/INSTALACAO_MODELO_1_05_05_2017.jpg 800w\" sizes=\"(max-width: 300px) 100vw, 300px\" \/><\/p>\n<p>A SAEC esclarece que o pr\u00e9dio foi constru\u00eddo priorizando as quest\u00f5es de efici\u00eancia energ\u00e9tica, ventila\u00e7\u00e3o cruzada, temporizador, sensor de presen\u00e7a, biciclet\u00e1rio, cal\u00e7ada ecol\u00f3gica, claraboia, cisterna, cal\u00e7ada perme\u00e1vel e redutor de press\u00e3o.<\/p>\n<p>A a\u00e7\u00e3o integra as diretivas do PMVA, que solicita \u2013 dentre outros itens \u2013 a implanta\u00e7\u00e3o da institui\u00e7\u00e3o modelo, que pode ser empresa p\u00fablica ou privada. O objetivo \u00e9 fazer com que outras empresas sejam incentivadas a adotar medidas sustent\u00e1veis.<\/p>\n<p>A placa, contendo os dez itens que levaram a SAEC a ser eleita como modelo de sustentabilidade, foi instalada nesta sexta-feira, dia 5, em frente \u00e0 autarquia.<\/p>\n<p>\u201c\u00c9 motivo de orgulho para a SAEC ser escolhida como institui\u00e7\u00e3o modelo. Trabalhamos, cada vez mais, para a preserva\u00e7\u00e3o do meio ambiente e de nossos recursos naturais, t\u00e3o importantes para as pr\u00f3ximas gera\u00e7\u00f5es\u201d, afirmou o \u00f3rg\u00e3o.<\/p>\n<p>&nbsp;<\/p>\n<p>&nbsp;<\/p>\n","protected":false},"excerpt":{"rendered":"<p>A sede da Superintend\u00eancia de \u00c1gua e Esgoto de Catanduva (SAEC) \u00e9 considerada modelo de sustentabilidade para o Comit\u00ea Gestor local do Programa Munic\u00edpio VerdeAzul (PMVA). O pr\u00e9dio atende a pelo menos dez itens de preserva\u00e7\u00e3o ou prote\u00e7\u00e3o ao meio ambiente, conforme a diretiva Munic\u00edpio Sustent\u00e1vel do programa. A SAEC esclarece que o pr\u00e9dio foi [&hellip;]<\/p>\n","protected":false},"author":2,"featured_media":1057,"comment_status":"closed","ping_status":"closed","sticky":false,"template":"","format":"standard","meta":{"footnotes":""},"categories":[41],"tags":[],"yoast_head":"<!-- This site is optimized with the Yoast SEO plugin v15.3 - https:\/\/yoast.com\/wordpress\/plugins\/seo\/ -->\n<title>Pr\u00e9dio da SAEC \u00e9 modelo de sustentabilidade - SAEC Superintendencia de Agua e Esgoto de Catanduva<\/title>\n<meta name=\"robots\" content=\"index, follow, max-snippet:-1, max-image-preview:large, max-video-preview:-1\" \/>\n<link rel=\"canonical\" href=\"https:\/\/saec.sp.gov.br\/index.php\/2017\/05\/08\/predio-da-saec-e-modelo-de-sustentabilidade\/\" \/>\n<meta property=\"og:locale\" content=\"pt_BR\" \/>\n<meta property=\"og:type\" content=\"article\" \/>\n<meta property=\"og:title\" content=\"Pr\u00e9dio da SAEC \u00e9 modelo de sustentabilidade - SAEC Superintendencia de Agua e Esgoto de Catanduva\" \/>\n<meta property=\"og:description\" content=\"A sede da Superintend\u00eancia de \u00c1gua e Esgoto de Catanduva (SAEC) \u00e9 considerada modelo de sustentabilidade para o Comit\u00ea Gestor local do Programa Munic\u00edpio VerdeAzul (PMVA). O pr\u00e9dio atende a pelo menos dez itens de preserva\u00e7\u00e3o ou prote\u00e7\u00e3o ao meio ambiente, conforme a diretiva Munic\u00edpio Sustent\u00e1vel do programa. A SAEC esclarece que o pr\u00e9dio foi [&hellip;]\" \/>\n<meta property=\"og:url\" content=\"https:\/\/saec.sp.gov.br\/index.php\/2017\/05\/08\/predio-da-saec-e-modelo-de-sustentabilidade\/\" \/>\n<meta property=\"og:site_name\" content=\"SAEC Superintendencia de Agua e Esgoto de Catanduva\" \/>\n<meta property=\"article:published_time\" content=\"2017-05-08T11:47:51+00:00\" \/>\n<meta property=\"article:modified_time\" content=\"2020-11-23T15:10:04+00:00\" \/>\n<meta property=\"og:image\" content=\"https:\/\/saec.sp.gov.br\/wp-content\/uploads\/2017\/05\/INSTALACAO_MODELO_05_05_2017.jpg\" \/>\n\t<meta property=\"og:image:width\" content=\"800\" \/>\n\t<meta property=\"og:image:height\" content=\"600\" \/>\n<meta name=\"twitter:card\" content=\"summary\" \/>\n<meta name=\"twitter:label1\" content=\"Written by\">\n\t<meta name=\"twitter:data1\" content=\"Henrique Carlessi\">\n\t<meta name=\"twitter:label2\" content=\"Est. reading time\">\n\t<meta name=\"twitter:data2\" content=\"1 minuto\">\n<script type=\"application\/ld+json\" class=\"yoast-schema-graph\">{\"@context\":\"https:\/\/schema.org\",\"@graph\":[{\"@type\":\"WebSite\",\"@id\":\"https:\/\/saec.sp.gov.br\/#website\",\"url\":\"https:\/\/saec.sp.gov.br\/\",\"name\":\"SAEC Superintendencia de Agua e Esgoto de Catanduva\",\"description\":\"SAEC\",\"potentialAction\":[{\"@type\":\"SearchAction\",\"target\":\"https:\/\/saec.sp.gov.br\/?s={search_term_string}\",\"query-input\":\"required name=search_term_string\"}],\"inLanguage\":\"pt-BR\"},{\"@type\":\"ImageObject\",\"@id\":\"https:\/\/saec.sp.gov.br\/index.php\/2017\/05\/08\/predio-da-saec-e-modelo-de-sustentabilidade\/#primaryimage\",\"inLanguage\":\"pt-BR\",\"url\":\"https:\/\/saec.sp.gov.br\/wp-content\/uploads\/2017\/05\/INSTALACAO_MODELO_05_05_2017.jpg\",\"width\":800,\"height\":600},{\"@type\":\"WebPage\",\"@id\":\"https:\/\/saec.sp.gov.br\/index.php\/2017\/05\/08\/predio-da-saec-e-modelo-de-sustentabilidade\/#webpage\",\"url\":\"https:\/\/saec.sp.gov.br\/index.php\/2017\/05\/08\/predio-da-saec-e-modelo-de-sustentabilidade\/\",\"name\":\"Pr\\u00e9dio da SAEC \\u00e9 modelo de sustentabilidade - SAEC Superintendencia de Agua e Esgoto de Catanduva\",\"isPartOf\":{\"@id\":\"https:\/\/saec.sp.gov.br\/#website\"},\"primaryImageOfPage\":{\"@id\":\"https:\/\/saec.sp.gov.br\/index.php\/2017\/05\/08\/predio-da-saec-e-modelo-de-sustentabilidade\/#primaryimage\"},\"datePublished\":\"2017-05-08T11:47:51+00:00\",\"dateModified\":\"2020-11-23T15:10:04+00:00\",\"author\":{\"@id\":\"https:\/\/saec.sp.gov.br\/#\/schema\/person\/c535f1c4ce07aa317d3e4512466d6e7a\"},\"inLanguage\":\"pt-BR\",\"potentialAction\":[{\"@type\":\"ReadAction\",\"target\":[\"https:\/\/saec.sp.gov.br\/index.php\/2017\/05\/08\/predio-da-saec-e-modelo-de-sustentabilidade\/\"]}]},{\"@type\":\"Person\",\"@id\":\"https:\/\/saec.sp.gov.br\/#\/schema\/person\/c535f1c4ce07aa317d3e4512466d6e7a\",\"name\":\"Henrique Carlessi\",\"sameAs\":[\"http:\/\/saec.sp.gov.br\"]}]}<\/script>\n<!-- \/ Yoast SEO plugin. -->","amp_validity":null,"amp_enabled":true,"_links":{"self":[{"href":"https:\/\/saec.sp.gov.br\/index.php\/wp-json\/wp\/v2\/posts\/1064"}],"collection":[{"href":"https:\/\/saec.sp.gov.br\/index.php\/wp-json\/wp\/v2\/posts"}],"about":[{"href":"https:\/\/saec.sp.gov.br\/index.php\/wp-json\/wp\/v2\/types\/post"}],"author":[{"embeddable":true,"href":"https:\/\/saec.sp.gov.br\/index.php\/wp-json\/wp\/v2\/users\/2"}],"replies":[{"embeddable":true,"href":"https:\/\/saec.sp.gov.br\/index.php\/wp-json\/wp\/v2\/comments?post=1064"}],"version-history":[{"count":1,"href":"https:\/\/saec.sp.gov.br\/index.php\/wp-json\/wp\/v2\/posts\/1064\/revisions"}],"predecessor-version":[{"id":1065,"href":"https:\/\/saec.sp.gov.br\/index.php\/wp-json\/wp\/v2\/posts\/1064\/revisions\/1065"}],"wp:featuredmedia":[{"embeddable":true,"href":"https:\/\/saec.sp.gov.br\/index.php\/wp-json\/wp\/v2\/media\/1057"}],"wp:attachment":[{"href":"https:\/\/saec.sp.gov.br\/index.php\/wp-json\/wp\/v2\/media?parent=1064"}],"wp:term":[{"taxonomy":"category","embeddable":true,"href":"https:\/\/saec.sp.gov.br\/index.php\/wp-json\/wp\/v2\/categories?post=1064"},{"taxonomy":"post_tag","embeddable":true,"href":"https:\/\/saec.sp.gov.br\/index.php\/wp-json\/wp\/v2\/tags?post=1064"}],"curies":[{"name":"wp","href":"https:\/\/api.w.org\/{rel}","templated":true}]}}