{"id":1108,"date":"2017-05-22T16:23:08","date_gmt":"2017-05-22T16:23:08","guid":{"rendered":"http:\/\/saec.sp.gov.br\/?p=1108"},"modified":"2020-11-23T15:09:52","modified_gmt":"2020-11-23T15:09:52","slug":"seguranca-da-informacao-e-tema-de-palestra-na-saec","status":"publish","type":"post","link":"https:\/\/saec.sp.gov.br\/index.php\/2017\/05\/22\/seguranca-da-informacao-e-tema-de-palestra-na-saec\/","title":{"rendered":"Seguran\u00e7a da Informa\u00e7\u00e3o \u00e9 tema de palestra na SAEC."},"content":{"rendered":"<p>Os funcion\u00e1rios da SAEC &#8211; Superintend\u00eancia de \u00c1gua e Esgoto de Catanduva &#8211; participaram de uma palestra sobre a Pol\u00edtica de Uso e Seguran\u00e7a da Informa\u00e7\u00e3o.<\/p>\n<p>O objetivo foi o de discutir com os servidores a forma mais adequada da utiliza\u00e7\u00e3o de computadores, incluindo sites de not\u00edcias e redes sociais e al\u00e9m disso, criar mecanismos que garantam a prote\u00e7\u00e3o dos dados da autarquia.<\/p>\n<p>A palestra foi ministrada por Atana\u00ed Ticianelli, da empresa CMSec e pelo consultor Paulo Azevedo, da Valle Tecnologia. Ambos ressaltaram a import\u00e2ncia da cria\u00e7\u00e3o de ferramentas que tornem o ambiente digital mais seguro, minimizando os riscos de ataques em redes de computadores.<\/p>\n<p>De acordo com o Eng\u00ba. Marcos Jardim, superintendente da SAEC, \u00e9 preciso se encontrar a melhor forma de utiliza\u00e7\u00e3o das novas tecnologias dispon\u00edveis no mercado. \u201cO funcion\u00e1rio que tem acesso \u00e0 e-mails e sites, mesmo os sites t\u00e9cnicos, deve saber que os mesmos podem oferecer riscos ao sistema de arquivos e dados da empresa\u201d, explicou.<\/p>\n","protected":false},"excerpt":{"rendered":"<p>Os funcion\u00e1rios da SAEC &#8211; Superintend\u00eancia de \u00c1gua e Esgoto de Catanduva &#8211; participaram de uma palestra sobre a Pol\u00edtica de Uso e Seguran\u00e7a da Informa\u00e7\u00e3o. O objetivo foi o de discutir com os servidores a forma mais adequada da utiliza\u00e7\u00e3o de computadores, incluindo sites de not\u00edcias e redes sociais e al\u00e9m disso, criar mecanismos [&hellip;]<\/p>\n","protected":false},"author":2,"featured_media":1105,"comment_status":"closed","ping_status":"closed","sticky":false,"template":"","format":"standard","meta":{"footnotes":""},"categories":[41],"tags":[],"yoast_head":"<!-- This site is optimized with the Yoast SEO plugin v15.3 - https:\/\/yoast.com\/wordpress\/plugins\/seo\/ -->\n<title>Seguran\u00e7a da Informa\u00e7\u00e3o \u00e9 tema de palestra na SAEC. - SAEC Superintendencia de Agua e Esgoto de Catanduva<\/title>\n<meta name=\"robots\" content=\"index, follow, max-snippet:-1, max-image-preview:large, max-video-preview:-1\" \/>\n<link rel=\"canonical\" href=\"https:\/\/saec.sp.gov.br\/index.php\/2017\/05\/22\/seguranca-da-informacao-e-tema-de-palestra-na-saec\/\" \/>\n<meta property=\"og:locale\" content=\"pt_BR\" \/>\n<meta property=\"og:type\" content=\"article\" \/>\n<meta property=\"og:title\" content=\"Seguran\u00e7a da Informa\u00e7\u00e3o \u00e9 tema de palestra na SAEC. - SAEC Superintendencia de Agua e Esgoto de Catanduva\" \/>\n<meta property=\"og:description\" content=\"Os funcion\u00e1rios da SAEC &#8211; Superintend\u00eancia de \u00c1gua e Esgoto de Catanduva &#8211; participaram de uma palestra sobre a Pol\u00edtica de Uso e Seguran\u00e7a da Informa\u00e7\u00e3o. O objetivo foi o de discutir com os servidores a forma mais adequada da utiliza\u00e7\u00e3o de computadores, incluindo sites de not\u00edcias e redes sociais e al\u00e9m disso, criar mecanismos [&hellip;]\" \/>\n<meta property=\"og:url\" content=\"https:\/\/saec.sp.gov.br\/index.php\/2017\/05\/22\/seguranca-da-informacao-e-tema-de-palestra-na-saec\/\" \/>\n<meta property=\"og:site_name\" content=\"SAEC Superintendencia de Agua e Esgoto de Catanduva\" \/>\n<meta property=\"article:published_time\" content=\"2017-05-22T16:23:08+00:00\" \/>\n<meta property=\"article:modified_time\" content=\"2020-11-23T15:09:52+00:00\" \/>\n<meta property=\"og:image\" content=\"https:\/\/saec.sp.gov.br\/wp-content\/uploads\/2017\/05\/SEGURANCA_DA_INFORMACAO_22_05_2017.jpg\" \/>\n\t<meta property=\"og:image:width\" content=\"600\" \/>\n\t<meta property=\"og:image:height\" content=\"450\" \/>\n<meta name=\"twitter:card\" content=\"summary\" \/>\n<meta name=\"twitter:label1\" content=\"Written by\">\n\t<meta name=\"twitter:data1\" content=\"Henrique Carlessi\">\n\t<meta name=\"twitter:label2\" content=\"Est. reading time\">\n\t<meta name=\"twitter:data2\" content=\"1 minuto\">\n<script type=\"application\/ld+json\" class=\"yoast-schema-graph\">{\"@context\":\"https:\/\/schema.org\",\"@graph\":[{\"@type\":\"WebSite\",\"@id\":\"https:\/\/saec.sp.gov.br\/#website\",\"url\":\"https:\/\/saec.sp.gov.br\/\",\"name\":\"SAEC Superintendencia de Agua e Esgoto de Catanduva\",\"description\":\"SAEC\",\"potentialAction\":[{\"@type\":\"SearchAction\",\"target\":\"https:\/\/saec.sp.gov.br\/?s={search_term_string}\",\"query-input\":\"required name=search_term_string\"}],\"inLanguage\":\"pt-BR\"},{\"@type\":\"ImageObject\",\"@id\":\"https:\/\/saec.sp.gov.br\/index.php\/2017\/05\/22\/seguranca-da-informacao-e-tema-de-palestra-na-saec\/#primaryimage\",\"inLanguage\":\"pt-BR\",\"url\":\"https:\/\/saec.sp.gov.br\/wp-content\/uploads\/2017\/05\/SEGURANCA_DA_INFORMACAO_22_05_2017.jpg\",\"width\":600,\"height\":450},{\"@type\":\"WebPage\",\"@id\":\"https:\/\/saec.sp.gov.br\/index.php\/2017\/05\/22\/seguranca-da-informacao-e-tema-de-palestra-na-saec\/#webpage\",\"url\":\"https:\/\/saec.sp.gov.br\/index.php\/2017\/05\/22\/seguranca-da-informacao-e-tema-de-palestra-na-saec\/\",\"name\":\"Seguran\\u00e7a da Informa\\u00e7\\u00e3o \\u00e9 tema de palestra na SAEC. - SAEC Superintendencia de Agua e Esgoto de Catanduva\",\"isPartOf\":{\"@id\":\"https:\/\/saec.sp.gov.br\/#website\"},\"primaryImageOfPage\":{\"@id\":\"https:\/\/saec.sp.gov.br\/index.php\/2017\/05\/22\/seguranca-da-informacao-e-tema-de-palestra-na-saec\/#primaryimage\"},\"datePublished\":\"2017-05-22T16:23:08+00:00\",\"dateModified\":\"2020-11-23T15:09:52+00:00\",\"author\":{\"@id\":\"https:\/\/saec.sp.gov.br\/#\/schema\/person\/c535f1c4ce07aa317d3e4512466d6e7a\"},\"inLanguage\":\"pt-BR\",\"potentialAction\":[{\"@type\":\"ReadAction\",\"target\":[\"https:\/\/saec.sp.gov.br\/index.php\/2017\/05\/22\/seguranca-da-informacao-e-tema-de-palestra-na-saec\/\"]}]},{\"@type\":\"Person\",\"@id\":\"https:\/\/saec.sp.gov.br\/#\/schema\/person\/c535f1c4ce07aa317d3e4512466d6e7a\",\"name\":\"Henrique Carlessi\",\"sameAs\":[\"http:\/\/saec.sp.gov.br\"]}]}<\/script>\n<!-- \/ Yoast SEO plugin. -->","amp_validity":null,"amp_enabled":true,"_links":{"self":[{"href":"https:\/\/saec.sp.gov.br\/index.php\/wp-json\/wp\/v2\/posts\/1108"}],"collection":[{"href":"https:\/\/saec.sp.gov.br\/index.php\/wp-json\/wp\/v2\/posts"}],"about":[{"href":"https:\/\/saec.sp.gov.br\/index.php\/wp-json\/wp\/v2\/types\/post"}],"author":[{"embeddable":true,"href":"https:\/\/saec.sp.gov.br\/index.php\/wp-json\/wp\/v2\/users\/2"}],"replies":[{"embeddable":true,"href":"https:\/\/saec.sp.gov.br\/index.php\/wp-json\/wp\/v2\/comments?post=1108"}],"version-history":[{"count":2,"href":"https:\/\/saec.sp.gov.br\/index.php\/wp-json\/wp\/v2\/posts\/1108\/revisions"}],"predecessor-version":[{"id":1110,"href":"https:\/\/saec.sp.gov.br\/index.php\/wp-json\/wp\/v2\/posts\/1108\/revisions\/1110"}],"wp:featuredmedia":[{"embeddable":true,"href":"https:\/\/saec.sp.gov.br\/index.php\/wp-json\/wp\/v2\/media\/1105"}],"wp:attachment":[{"href":"https:\/\/saec.sp.gov.br\/index.php\/wp-json\/wp\/v2\/media?parent=1108"}],"wp:term":[{"taxonomy":"category","embeddable":true,"href":"https:\/\/saec.sp.gov.br\/index.php\/wp-json\/wp\/v2\/categories?post=1108"},{"taxonomy":"post_tag","embeddable":true,"href":"https:\/\/saec.sp.gov.br\/index.php\/wp-json\/wp\/v2\/tags?post=1108"}],"curies":[{"name":"wp","href":"https:\/\/api.w.org\/{rel}","templated":true}]}}