{"id":1137,"date":"2017-05-26T18:50:28","date_gmt":"2017-05-26T18:50:28","guid":{"rendered":"http:\/\/saec.sp.gov.br\/?p=1137"},"modified":"2020-11-23T15:09:34","modified_gmt":"2020-11-23T15:09:34","slug":"devido-manutencao-realizada-pela-energisa-atendimento-da-saec-podera-ficar-temporariamente-prejudicado","status":"publish","type":"post","link":"https:\/\/saec.sp.gov.br\/index.php\/2017\/05\/26\/devido-manutencao-realizada-pela-energisa-atendimento-da-saec-podera-ficar-temporariamente-prejudicado\/","title":{"rendered":"Devido \u00e0 manuten\u00e7\u00e3o realizada pela Energisa, atendimento da SAEC funcionar\u00e1 apenas ap\u00f3s \u00e0s 12h do dia 30\/05."},"content":{"rendered":"<p>A SAEC (Superintend\u00eancia de \u00c1gua e Esgoto de Catanduva) comunica aos contribuintes para a suspens\u00e3o tempor\u00e1ria do sistema de atendimento em sua central, das 08h \u00e0s 12h, da pr\u00f3xima ter\u00e7a-feira, dia 30.<\/p>\n<p>Na ocasi\u00e3o, o pr\u00e9dio localizado na rua S\u00e3o Paulo, n\u00ba1.108, ficar\u00e1 sem energia, conforme an\u00fancio feito pela Energisa, concession\u00e1ria respons\u00e1vel pelo gerenciamento e distribui\u00e7\u00e3o de energia el\u00e9trica em Catanduva.<\/p>\n<p>A SAEC pede desculpas pelo transtorno e agradece a compreens\u00e3o de toda popula\u00e7\u00e3o.<\/p>\n<p>&nbsp;<\/p>\n","protected":false},"excerpt":{"rendered":"<p>A SAEC (Superintend\u00eancia de \u00c1gua e Esgoto de Catanduva) comunica aos contribuintes para a suspens\u00e3o tempor\u00e1ria do sistema de atendimento em sua central, das 08h \u00e0s 12h, da pr\u00f3xima ter\u00e7a-feira, dia 30. Na ocasi\u00e3o, o pr\u00e9dio localizado na rua S\u00e3o Paulo, n\u00ba1.108, ficar\u00e1 sem energia, conforme an\u00fancio feito pela Energisa, concession\u00e1ria respons\u00e1vel pelo gerenciamento e [&hellip;]<\/p>\n","protected":false},"author":2,"featured_media":1135,"comment_status":"closed","ping_status":"closed","sticky":false,"template":"","format":"standard","meta":{"footnotes":""},"categories":[41],"tags":[],"yoast_head":"<!-- This site is optimized with the Yoast SEO plugin v15.3 - https:\/\/yoast.com\/wordpress\/plugins\/seo\/ -->\n<title>Devido \u00e0 manuten\u00e7\u00e3o realizada pela Energisa, atendimento da SAEC funcionar\u00e1 apenas ap\u00f3s \u00e0s 12h do dia 30\/05. - SAEC Superintendencia de Agua e Esgoto de Catanduva<\/title>\n<meta name=\"robots\" content=\"index, follow, max-snippet:-1, max-image-preview:large, max-video-preview:-1\" \/>\n<link rel=\"canonical\" href=\"https:\/\/saec.sp.gov.br\/index.php\/2017\/05\/26\/devido-manutencao-realizada-pela-energisa-atendimento-da-saec-podera-ficar-temporariamente-prejudicado\/\" \/>\n<meta property=\"og:locale\" content=\"pt_BR\" \/>\n<meta property=\"og:type\" content=\"article\" \/>\n<meta property=\"og:title\" content=\"Devido \u00e0 manuten\u00e7\u00e3o realizada pela Energisa, atendimento da SAEC funcionar\u00e1 apenas ap\u00f3s \u00e0s 12h do dia 30\/05. - SAEC Superintendencia de Agua e Esgoto de Catanduva\" \/>\n<meta property=\"og:description\" content=\"A SAEC (Superintend\u00eancia de \u00c1gua e Esgoto de Catanduva) comunica aos contribuintes para a suspens\u00e3o tempor\u00e1ria do sistema de atendimento em sua central, das 08h \u00e0s 12h, da pr\u00f3xima ter\u00e7a-feira, dia 30. Na ocasi\u00e3o, o pr\u00e9dio localizado na rua S\u00e3o Paulo, n\u00ba1.108, ficar\u00e1 sem energia, conforme an\u00fancio feito pela Energisa, concession\u00e1ria respons\u00e1vel pelo gerenciamento e [&hellip;]\" \/>\n<meta property=\"og:url\" content=\"https:\/\/saec.sp.gov.br\/index.php\/2017\/05\/26\/devido-manutencao-realizada-pela-energisa-atendimento-da-saec-podera-ficar-temporariamente-prejudicado\/\" \/>\n<meta property=\"og:site_name\" content=\"SAEC Superintendencia de Agua e Esgoto de Catanduva\" \/>\n<meta property=\"article:published_time\" content=\"2017-05-26T18:50:28+00:00\" \/>\n<meta property=\"article:modified_time\" content=\"2020-11-23T15:09:34+00:00\" \/>\n<meta property=\"og:image\" content=\"https:\/\/saec.sp.gov.br\/wp-content\/uploads\/2017\/05\/NOVA-SEDE-IMAGEM-DO-CONVITE-ALTA-RESOLU\u00c7\u00c3O-e1570651729905.jpg\" \/>\n\t<meta property=\"og:image:width\" content=\"800\" \/>\n\t<meta property=\"og:image:height\" content=\"469\" \/>\n<meta name=\"twitter:card\" content=\"summary\" \/>\n<meta name=\"twitter:label1\" content=\"Written by\">\n\t<meta name=\"twitter:data1\" content=\"Henrique Carlessi\">\n\t<meta name=\"twitter:label2\" content=\"Est. reading time\">\n\t<meta name=\"twitter:data2\" content=\"0 minuto\">\n<script type=\"application\/ld+json\" class=\"yoast-schema-graph\">{\"@context\":\"https:\/\/schema.org\",\"@graph\":[{\"@type\":\"WebSite\",\"@id\":\"https:\/\/saec.sp.gov.br\/#website\",\"url\":\"https:\/\/saec.sp.gov.br\/\",\"name\":\"SAEC Superintendencia de Agua e Esgoto de Catanduva\",\"description\":\"SAEC\",\"potentialAction\":[{\"@type\":\"SearchAction\",\"target\":\"https:\/\/saec.sp.gov.br\/?s={search_term_string}\",\"query-input\":\"required name=search_term_string\"}],\"inLanguage\":\"pt-BR\"},{\"@type\":\"ImageObject\",\"@id\":\"https:\/\/saec.sp.gov.br\/index.php\/2017\/05\/26\/devido-manutencao-realizada-pela-energisa-atendimento-da-saec-podera-ficar-temporariamente-prejudicado\/#primaryimage\",\"inLanguage\":\"pt-BR\",\"url\":\"https:\/\/saec.sp.gov.br\/wp-content\/uploads\/2017\/05\/NOVA-SEDE-IMAGEM-DO-CONVITE-ALTA-RESOLU\\u00c7\\u00c3O-e1570651729905.jpg\",\"width\":800,\"height\":469},{\"@type\":\"WebPage\",\"@id\":\"https:\/\/saec.sp.gov.br\/index.php\/2017\/05\/26\/devido-manutencao-realizada-pela-energisa-atendimento-da-saec-podera-ficar-temporariamente-prejudicado\/#webpage\",\"url\":\"https:\/\/saec.sp.gov.br\/index.php\/2017\/05\/26\/devido-manutencao-realizada-pela-energisa-atendimento-da-saec-podera-ficar-temporariamente-prejudicado\/\",\"name\":\"Devido \\u00e0 manuten\\u00e7\\u00e3o realizada pela Energisa, atendimento da SAEC funcionar\\u00e1 apenas ap\\u00f3s \\u00e0s 12h do dia 30\/05. - SAEC Superintendencia de Agua e Esgoto de Catanduva\",\"isPartOf\":{\"@id\":\"https:\/\/saec.sp.gov.br\/#website\"},\"primaryImageOfPage\":{\"@id\":\"https:\/\/saec.sp.gov.br\/index.php\/2017\/05\/26\/devido-manutencao-realizada-pela-energisa-atendimento-da-saec-podera-ficar-temporariamente-prejudicado\/#primaryimage\"},\"datePublished\":\"2017-05-26T18:50:28+00:00\",\"dateModified\":\"2020-11-23T15:09:34+00:00\",\"author\":{\"@id\":\"https:\/\/saec.sp.gov.br\/#\/schema\/person\/c535f1c4ce07aa317d3e4512466d6e7a\"},\"inLanguage\":\"pt-BR\",\"potentialAction\":[{\"@type\":\"ReadAction\",\"target\":[\"https:\/\/saec.sp.gov.br\/index.php\/2017\/05\/26\/devido-manutencao-realizada-pela-energisa-atendimento-da-saec-podera-ficar-temporariamente-prejudicado\/\"]}]},{\"@type\":\"Person\",\"@id\":\"https:\/\/saec.sp.gov.br\/#\/schema\/person\/c535f1c4ce07aa317d3e4512466d6e7a\",\"name\":\"Henrique Carlessi\",\"sameAs\":[\"http:\/\/saec.sp.gov.br\"]}]}<\/script>\n<!-- \/ Yoast SEO plugin. -->","amp_validity":null,"amp_enabled":true,"_links":{"self":[{"href":"https:\/\/saec.sp.gov.br\/index.php\/wp-json\/wp\/v2\/posts\/1137"}],"collection":[{"href":"https:\/\/saec.sp.gov.br\/index.php\/wp-json\/wp\/v2\/posts"}],"about":[{"href":"https:\/\/saec.sp.gov.br\/index.php\/wp-json\/wp\/v2\/types\/post"}],"author":[{"embeddable":true,"href":"https:\/\/saec.sp.gov.br\/index.php\/wp-json\/wp\/v2\/users\/2"}],"replies":[{"embeddable":true,"href":"https:\/\/saec.sp.gov.br\/index.php\/wp-json\/wp\/v2\/comments?post=1137"}],"version-history":[{"count":4,"href":"https:\/\/saec.sp.gov.br\/index.php\/wp-json\/wp\/v2\/posts\/1137\/revisions"}],"predecessor-version":[{"id":1142,"href":"https:\/\/saec.sp.gov.br\/index.php\/wp-json\/wp\/v2\/posts\/1137\/revisions\/1142"}],"wp:featuredmedia":[{"embeddable":true,"href":"https:\/\/saec.sp.gov.br\/index.php\/wp-json\/wp\/v2\/media\/1135"}],"wp:attachment":[{"href":"https:\/\/saec.sp.gov.br\/index.php\/wp-json\/wp\/v2\/media?parent=1137"}],"wp:term":[{"taxonomy":"category","embeddable":true,"href":"https:\/\/saec.sp.gov.br\/index.php\/wp-json\/wp\/v2\/categories?post=1137"},{"taxonomy":"post_tag","embeddable":true,"href":"https:\/\/saec.sp.gov.br\/index.php\/wp-json\/wp\/v2\/tags?post=1137"}],"curies":[{"name":"wp","href":"https:\/\/api.w.org\/{rel}","templated":true}]}}