{"id":11742,"date":"2026-01-08T12:01:01","date_gmt":"2026-01-08T15:01:01","guid":{"rendered":"https:\/\/saec.sp.gov.br\/?p=11742"},"modified":"2026-01-08T12:03:31","modified_gmt":"2026-01-08T15:03:31","slug":"oleo-do-bem-saec-arrecada-58l-de-oleo-usado-nesta-quinta","status":"publish","type":"post","link":"https:\/\/saec.sp.gov.br\/index.php\/2026\/01\/08\/oleo-do-bem-saec-arrecada-58l-de-oleo-usado-nesta-quinta\/","title":{"rendered":"\u00d3LEO DO BEM &#8211; SAEC RECEBE 58L DE \u00d3LEO USADO NESTA QUINTA"},"content":{"rendered":"<div class=\"xdj266r x14z9mp xat24cr x1lziwak x1vvkbs x126k92a\">\n<div dir=\"auto\">Come\u00e7ar 2026 com atitude ambientalmente correta \u00e9 tudo de bom \u2014 e motivo para comemorar! O senhor Jos\u00e9 Carlos Hernandes Garcia, aposentado, esteve na sede da Saec para descartar 18 litros de \u00f3leo de cozinha usado, nesta quinta-feira, dia 8. E tamb\u00e9m tivemos a dona Toninha e a M\u00e1rcia, dando o bom exemplo logo na primeira semana do ano e descartaram 40 litros.<\/div>\n<div dir=\"auto\"><\/div>\n<\/div>\n<div class=\"x14z9mp xat24cr x1lziwak x1vvkbs xtlvy1s x126k92a\">\n<div dir=\"auto\">Em 2025, eles foram destaque quando o assunto \u00e9 descarte correto. Agora, seguem inspirando mais pessoas a fazerem parte do time da conscientiza\u00e7\u00e3o ambiental nota 10.<\/div>\n<div dir=\"auto\"><\/div>\n<\/div>\n<div class=\"x14z9mp xat24cr x1lziwak x1vvkbs xtlvy1s x126k92a\">\n<div dir=\"auto\">Fa\u00e7a como eles, cuide do meio ambiente e venha para o \u00d3leo do Bem!<\/div>\n<\/div>\n<div class=\"x14z9mp xat24cr x1lziwak x1vvkbs xtlvy1s x126k92a\">\n<div dir=\"auto\"><\/div>\n<div dir=\"auto\">Parab\u00e9ns e seguimos juntos em 2026!<\/div>\n<\/div>\n","protected":false},"excerpt":{"rendered":"<p>Come\u00e7ar 2026 com atitude ambientalmente correta \u00e9 tudo de bom \u2014 e motivo para comemorar! O senhor Jos\u00e9 Carlos Hernandes Garcia, aposentado, esteve na sede da Saec para descartar 18 litros de \u00f3leo de cozinha usado, nesta quinta-feira, dia 8. E tamb\u00e9m tivemos a dona Toninha e a M\u00e1rcia, dando o bom exemplo logo na [&hellip;]<\/p>\n","protected":false},"author":12,"featured_media":11743,"comment_status":"closed","ping_status":"closed","sticky":false,"template":"","format":"standard","meta":{"footnotes":""},"categories":[41],"tags":[],"yoast_head":"<!-- This site is optimized with the Yoast SEO plugin v15.3 - https:\/\/yoast.com\/wordpress\/plugins\/seo\/ -->\n<title>\u00d3LEO DO BEM - SAEC RECEBE 58L DE \u00d3LEO USADO NESTA QUINTA - SAEC Superintendencia de Agua e Esgoto de Catanduva<\/title>\n<meta name=\"robots\" content=\"index, follow, max-snippet:-1, max-image-preview:large, max-video-preview:-1\" \/>\n<link rel=\"canonical\" href=\"https:\/\/saec.sp.gov.br\/index.php\/2026\/01\/08\/oleo-do-bem-saec-arrecada-58l-de-oleo-usado-nesta-quinta\/\" \/>\n<meta property=\"og:locale\" content=\"pt_BR\" \/>\n<meta property=\"og:type\" content=\"article\" \/>\n<meta property=\"og:title\" content=\"\u00d3LEO DO BEM - SAEC RECEBE 58L DE \u00d3LEO USADO NESTA QUINTA - SAEC Superintendencia de Agua e Esgoto de Catanduva\" \/>\n<meta property=\"og:description\" content=\"Come\u00e7ar 2026 com atitude ambientalmente correta \u00e9 tudo de bom \u2014 e motivo para comemorar! O senhor Jos\u00e9 Carlos Hernandes Garcia, aposentado, esteve na sede da Saec para descartar 18 litros de \u00f3leo de cozinha usado, nesta quinta-feira, dia 8. E tamb\u00e9m tivemos a dona Toninha e a M\u00e1rcia, dando o bom exemplo logo na [&hellip;]\" \/>\n<meta property=\"og:url\" content=\"https:\/\/saec.sp.gov.br\/index.php\/2026\/01\/08\/oleo-do-bem-saec-arrecada-58l-de-oleo-usado-nesta-quinta\/\" \/>\n<meta property=\"og:site_name\" content=\"SAEC Superintendencia de Agua e Esgoto de Catanduva\" \/>\n<meta property=\"article:published_time\" content=\"2026-01-08T15:01:01+00:00\" \/>\n<meta property=\"article:modified_time\" content=\"2026-01-08T15:03:31+00:00\" \/>\n<meta property=\"og:image\" content=\"https:\/\/saec.sp.gov.br\/wp-content\/uploads\/2026\/01\/site-2.jpg\" \/>\n\t<meta property=\"og:image:width\" content=\"2048\" \/>\n\t<meta property=\"og:image:height\" content=\"1536\" \/>\n<meta name=\"twitter:card\" content=\"summary\" \/>\n<meta name=\"twitter:label1\" content=\"Written by\">\n\t<meta name=\"twitter:data1\" content=\"Karla Sibro\">\n\t<meta name=\"twitter:label2\" content=\"Est. reading time\">\n\t<meta name=\"twitter:data2\" content=\"0 minuto\">\n<script type=\"application\/ld+json\" class=\"yoast-schema-graph\">{\"@context\":\"https:\/\/schema.org\",\"@graph\":[{\"@type\":\"WebSite\",\"@id\":\"https:\/\/saec.sp.gov.br\/#website\",\"url\":\"https:\/\/saec.sp.gov.br\/\",\"name\":\"SAEC Superintendencia de Agua e Esgoto de Catanduva\",\"description\":\"SAEC\",\"potentialAction\":[{\"@type\":\"SearchAction\",\"target\":\"https:\/\/saec.sp.gov.br\/?s={search_term_string}\",\"query-input\":\"required name=search_term_string\"}],\"inLanguage\":\"pt-BR\"},{\"@type\":\"ImageObject\",\"@id\":\"https:\/\/saec.sp.gov.br\/index.php\/2026\/01\/08\/oleo-do-bem-saec-arrecada-58l-de-oleo-usado-nesta-quinta\/#primaryimage\",\"inLanguage\":\"pt-BR\",\"url\":\"https:\/\/saec.sp.gov.br\/wp-content\/uploads\/2026\/01\/site-2.jpg\",\"width\":2048,\"height\":1536},{\"@type\":\"WebPage\",\"@id\":\"https:\/\/saec.sp.gov.br\/index.php\/2026\/01\/08\/oleo-do-bem-saec-arrecada-58l-de-oleo-usado-nesta-quinta\/#webpage\",\"url\":\"https:\/\/saec.sp.gov.br\/index.php\/2026\/01\/08\/oleo-do-bem-saec-arrecada-58l-de-oleo-usado-nesta-quinta\/\",\"name\":\"\\u00d3LEO DO BEM - SAEC RECEBE 58L DE \\u00d3LEO USADO NESTA QUINTA - SAEC Superintendencia de Agua e Esgoto de Catanduva\",\"isPartOf\":{\"@id\":\"https:\/\/saec.sp.gov.br\/#website\"},\"primaryImageOfPage\":{\"@id\":\"https:\/\/saec.sp.gov.br\/index.php\/2026\/01\/08\/oleo-do-bem-saec-arrecada-58l-de-oleo-usado-nesta-quinta\/#primaryimage\"},\"datePublished\":\"2026-01-08T15:01:01+00:00\",\"dateModified\":\"2026-01-08T15:03:31+00:00\",\"author\":{\"@id\":\"https:\/\/saec.sp.gov.br\/#\/schema\/person\/0adeb299f513c0b2fcb1812012e43dea\"},\"inLanguage\":\"pt-BR\",\"potentialAction\":[{\"@type\":\"ReadAction\",\"target\":[\"https:\/\/saec.sp.gov.br\/index.php\/2026\/01\/08\/oleo-do-bem-saec-arrecada-58l-de-oleo-usado-nesta-quinta\/\"]}]},{\"@type\":\"Person\",\"@id\":\"https:\/\/saec.sp.gov.br\/#\/schema\/person\/0adeb299f513c0b2fcb1812012e43dea\",\"name\":\"Karla Sibro\"}]}<\/script>\n<!-- \/ Yoast SEO plugin. -->","amp_validity":null,"amp_enabled":true,"_links":{"self":[{"href":"https:\/\/saec.sp.gov.br\/index.php\/wp-json\/wp\/v2\/posts\/11742"}],"collection":[{"href":"https:\/\/saec.sp.gov.br\/index.php\/wp-json\/wp\/v2\/posts"}],"about":[{"href":"https:\/\/saec.sp.gov.br\/index.php\/wp-json\/wp\/v2\/types\/post"}],"author":[{"embeddable":true,"href":"https:\/\/saec.sp.gov.br\/index.php\/wp-json\/wp\/v2\/users\/12"}],"replies":[{"embeddable":true,"href":"https:\/\/saec.sp.gov.br\/index.php\/wp-json\/wp\/v2\/comments?post=11742"}],"version-history":[{"count":2,"href":"https:\/\/saec.sp.gov.br\/index.php\/wp-json\/wp\/v2\/posts\/11742\/revisions"}],"predecessor-version":[{"id":11745,"href":"https:\/\/saec.sp.gov.br\/index.php\/wp-json\/wp\/v2\/posts\/11742\/revisions\/11745"}],"wp:featuredmedia":[{"embeddable":true,"href":"https:\/\/saec.sp.gov.br\/index.php\/wp-json\/wp\/v2\/media\/11743"}],"wp:attachment":[{"href":"https:\/\/saec.sp.gov.br\/index.php\/wp-json\/wp\/v2\/media?parent=11742"}],"wp:term":[{"taxonomy":"category","embeddable":true,"href":"https:\/\/saec.sp.gov.br\/index.php\/wp-json\/wp\/v2\/categories?post=11742"},{"taxonomy":"post_tag","embeddable":true,"href":"https:\/\/saec.sp.gov.br\/index.php\/wp-json\/wp\/v2\/tags?post=11742"}],"curies":[{"name":"wp","href":"https:\/\/api.w.org\/{rel}","templated":true}]}}