{"id":11797,"date":"2026-01-14T09:26:23","date_gmt":"2026-01-14T12:26:23","guid":{"rendered":"https:\/\/saec.sp.gov.br\/?p=11797"},"modified":"2026-01-14T09:26:23","modified_gmt":"2026-01-14T12:26:23","slug":"de-uma-mao-ao-coletor-uso-da-lixeira-e-essencial-na-calcada","status":"publish","type":"post","link":"https:\/\/saec.sp.gov.br\/index.php\/2026\/01\/14\/de-uma-mao-ao-coletor-uso-da-lixeira-e-essencial-na-calcada\/","title":{"rendered":"D\u00ca UMA M\u00c3O AO COLETOR &#8211; USO DA LIXEIRA \u00c9 ESSENCIAL NA CAL\u00c7ADA!"},"content":{"rendered":"<div class=\"xdj266r x14z9mp xat24cr x1lziwak x1vvkbs x126k92a\">\n<div dir=\"auto\">Voc\u00ea sabia? A lixeira na cal\u00e7ada faz toda a diferen\u00e7a! Ela evita que c\u00e3es rasguem as sacolas de res\u00edduos, impede que o lixo se espalhe pelas ruas e protege as bocas de lobo, rios e o meio ambiente e facilita o trabalho dos coletores.<\/div>\n<\/div>\n<div class=\"x14z9mp xat24cr x1lziwak x1vvkbs xtlvy1s x126k92a\">\n<div dir=\"auto\"><\/div>\n<div dir=\"auto\">Ainda n\u00e3o tem lixeira? Providencie!<\/div>\n<\/div>\n<div class=\"x14z9mp xat24cr x1lziwak x1vvkbs xtlvy1s x126k92a\">\n<div dir=\"auto\"><\/div>\n<div dir=\"auto\">A Saec e a Florestana contam com seu apoio!<\/div>\n<\/div>\n<div class=\"x14z9mp xat24cr x1lziwak x1vvkbs xtlvy1s x126k92a\">\n<div dir=\"auto\"><\/div>\n<div dir=\"auto\">Pequenas atitudes geram grandes mudan\u00e7as. Comece o ano fazendo a sua parte.<\/div>\n<\/div>\n","protected":false},"excerpt":{"rendered":"<p>Voc\u00ea sabia? A lixeira na cal\u00e7ada faz toda a diferen\u00e7a! Ela evita que c\u00e3es rasguem as sacolas de res\u00edduos, impede que o lixo se espalhe pelas ruas e protege as bocas de lobo, rios e o meio ambiente e facilita o trabalho dos coletores. Ainda n\u00e3o tem lixeira? Providencie! A Saec e a Florestana contam [&hellip;]<\/p>\n","protected":false},"author":12,"featured_media":11798,"comment_status":"closed","ping_status":"closed","sticky":false,"template":"","format":"standard","meta":{"footnotes":""},"categories":[41],"tags":[],"yoast_head":"<!-- This site is optimized with the Yoast SEO plugin v15.3 - https:\/\/yoast.com\/wordpress\/plugins\/seo\/ -->\n<title>D\u00ca UMA M\u00c3O AO COLETOR - USO DA LIXEIRA \u00c9 ESSENCIAL NA CAL\u00c7ADA! - SAEC Superintendencia de Agua e Esgoto de Catanduva<\/title>\n<meta name=\"robots\" content=\"index, follow, max-snippet:-1, max-image-preview:large, max-video-preview:-1\" \/>\n<link rel=\"canonical\" href=\"https:\/\/saec.sp.gov.br\/index.php\/2026\/01\/14\/de-uma-mao-ao-coletor-uso-da-lixeira-e-essencial-na-calcada\/\" \/>\n<meta property=\"og:locale\" content=\"pt_BR\" \/>\n<meta property=\"og:type\" content=\"article\" \/>\n<meta property=\"og:title\" content=\"D\u00ca UMA M\u00c3O AO COLETOR - USO DA LIXEIRA \u00c9 ESSENCIAL NA CAL\u00c7ADA! - SAEC Superintendencia de Agua e Esgoto de Catanduva\" \/>\n<meta property=\"og:description\" content=\"Voc\u00ea sabia? A lixeira na cal\u00e7ada faz toda a diferen\u00e7a! Ela evita que c\u00e3es rasguem as sacolas de res\u00edduos, impede que o lixo se espalhe pelas ruas e protege as bocas de lobo, rios e o meio ambiente e facilita o trabalho dos coletores. Ainda n\u00e3o tem lixeira? Providencie! A Saec e a Florestana contam [&hellip;]\" \/>\n<meta property=\"og:url\" content=\"https:\/\/saec.sp.gov.br\/index.php\/2026\/01\/14\/de-uma-mao-ao-coletor-uso-da-lixeira-e-essencial-na-calcada\/\" \/>\n<meta property=\"og:site_name\" content=\"SAEC Superintendencia de Agua e Esgoto de Catanduva\" \/>\n<meta property=\"article:published_time\" content=\"2026-01-14T12:26:23+00:00\" \/>\n<meta property=\"og:image\" content=\"https:\/\/saec.sp.gov.br\/wp-content\/uploads\/2026\/01\/site-4.jpg\" \/>\n\t<meta property=\"og:image:width\" content=\"1080\" \/>\n\t<meta property=\"og:image:height\" content=\"1350\" \/>\n<meta name=\"twitter:card\" content=\"summary\" \/>\n<meta name=\"twitter:label1\" content=\"Written by\">\n\t<meta name=\"twitter:data1\" content=\"Karla Sibro\">\n\t<meta name=\"twitter:label2\" content=\"Est. reading time\">\n\t<meta name=\"twitter:data2\" content=\"0 minuto\">\n<script type=\"application\/ld+json\" class=\"yoast-schema-graph\">{\"@context\":\"https:\/\/schema.org\",\"@graph\":[{\"@type\":\"WebSite\",\"@id\":\"https:\/\/saec.sp.gov.br\/#website\",\"url\":\"https:\/\/saec.sp.gov.br\/\",\"name\":\"SAEC Superintendencia de Agua e Esgoto de Catanduva\",\"description\":\"SAEC\",\"potentialAction\":[{\"@type\":\"SearchAction\",\"target\":\"https:\/\/saec.sp.gov.br\/?s={search_term_string}\",\"query-input\":\"required name=search_term_string\"}],\"inLanguage\":\"pt-BR\"},{\"@type\":\"ImageObject\",\"@id\":\"https:\/\/saec.sp.gov.br\/index.php\/2026\/01\/14\/de-uma-mao-ao-coletor-uso-da-lixeira-e-essencial-na-calcada\/#primaryimage\",\"inLanguage\":\"pt-BR\",\"url\":\"https:\/\/saec.sp.gov.br\/wp-content\/uploads\/2026\/01\/site-4.jpg\",\"width\":1080,\"height\":1350},{\"@type\":\"WebPage\",\"@id\":\"https:\/\/saec.sp.gov.br\/index.php\/2026\/01\/14\/de-uma-mao-ao-coletor-uso-da-lixeira-e-essencial-na-calcada\/#webpage\",\"url\":\"https:\/\/saec.sp.gov.br\/index.php\/2026\/01\/14\/de-uma-mao-ao-coletor-uso-da-lixeira-e-essencial-na-calcada\/\",\"name\":\"D\\u00ca UMA M\\u00c3O AO COLETOR - USO DA LIXEIRA \\u00c9 ESSENCIAL NA CAL\\u00c7ADA! - SAEC Superintendencia de Agua e Esgoto de Catanduva\",\"isPartOf\":{\"@id\":\"https:\/\/saec.sp.gov.br\/#website\"},\"primaryImageOfPage\":{\"@id\":\"https:\/\/saec.sp.gov.br\/index.php\/2026\/01\/14\/de-uma-mao-ao-coletor-uso-da-lixeira-e-essencial-na-calcada\/#primaryimage\"},\"datePublished\":\"2026-01-14T12:26:23+00:00\",\"dateModified\":\"2026-01-14T12:26:23+00:00\",\"author\":{\"@id\":\"https:\/\/saec.sp.gov.br\/#\/schema\/person\/0adeb299f513c0b2fcb1812012e43dea\"},\"inLanguage\":\"pt-BR\",\"potentialAction\":[{\"@type\":\"ReadAction\",\"target\":[\"https:\/\/saec.sp.gov.br\/index.php\/2026\/01\/14\/de-uma-mao-ao-coletor-uso-da-lixeira-e-essencial-na-calcada\/\"]}]},{\"@type\":\"Person\",\"@id\":\"https:\/\/saec.sp.gov.br\/#\/schema\/person\/0adeb299f513c0b2fcb1812012e43dea\",\"name\":\"Karla Sibro\"}]}<\/script>\n<!-- \/ Yoast SEO plugin. -->","amp_validity":null,"amp_enabled":true,"_links":{"self":[{"href":"https:\/\/saec.sp.gov.br\/index.php\/wp-json\/wp\/v2\/posts\/11797"}],"collection":[{"href":"https:\/\/saec.sp.gov.br\/index.php\/wp-json\/wp\/v2\/posts"}],"about":[{"href":"https:\/\/saec.sp.gov.br\/index.php\/wp-json\/wp\/v2\/types\/post"}],"author":[{"embeddable":true,"href":"https:\/\/saec.sp.gov.br\/index.php\/wp-json\/wp\/v2\/users\/12"}],"replies":[{"embeddable":true,"href":"https:\/\/saec.sp.gov.br\/index.php\/wp-json\/wp\/v2\/comments?post=11797"}],"version-history":[{"count":1,"href":"https:\/\/saec.sp.gov.br\/index.php\/wp-json\/wp\/v2\/posts\/11797\/revisions"}],"predecessor-version":[{"id":11799,"href":"https:\/\/saec.sp.gov.br\/index.php\/wp-json\/wp\/v2\/posts\/11797\/revisions\/11799"}],"wp:featuredmedia":[{"embeddable":true,"href":"https:\/\/saec.sp.gov.br\/index.php\/wp-json\/wp\/v2\/media\/11798"}],"wp:attachment":[{"href":"https:\/\/saec.sp.gov.br\/index.php\/wp-json\/wp\/v2\/media?parent=11797"}],"wp:term":[{"taxonomy":"category","embeddable":true,"href":"https:\/\/saec.sp.gov.br\/index.php\/wp-json\/wp\/v2\/categories?post=11797"},{"taxonomy":"post_tag","embeddable":true,"href":"https:\/\/saec.sp.gov.br\/index.php\/wp-json\/wp\/v2\/tags?post=11797"}],"curies":[{"name":"wp","href":"https:\/\/api.w.org\/{rel}","templated":true}]}}