{"id":11823,"date":"2026-01-14T15:51:08","date_gmt":"2026-01-14T18:51:08","guid":{"rendered":"https:\/\/saec.sp.gov.br\/?p=11823"},"modified":"2026-01-14T15:51:08","modified_gmt":"2026-01-14T18:51:08","slug":"interrupcao-emergencial-no-abastecimento-em-14-01-2026","status":"publish","type":"post","link":"https:\/\/saec.sp.gov.br\/index.php\/2026\/01\/14\/interrupcao-emergencial-no-abastecimento-em-14-01-2026\/","title":{"rendered":"INTERRUP\u00c7\u00c3O EMERGENCIAL NO ABASTECIMENTO EM 14\/01\/2026"},"content":{"rendered":"<div class=\"xdj266r x14z9mp xat24cr x1lziwak x1vvkbs x126k92a\"><\/div>\n<div class=\"x14z9mp xat24cr x1lziwak x1vvkbs xtlvy1s x126k92a\"><\/div>\n<div class=\"x14z9mp xat24cr x1lziwak x1vvkbs xtlvy1s x126k92a\">\n<div dir=\"auto\">\n<div class=\"xdj266r x14z9mp xat24cr x1lziwak x1vvkbs x126k92a\">\n<div dir=\"auto\">A Saec informa sobre interrup\u00e7\u00e3o emergencial no fornecimento de \u00e1gua no bairro Conjunto Euclides, nesta quarta-feira, dia 14.<\/div>\n<\/div>\n<div class=\"x14z9mp xat24cr x1lziwak x1vvkbs xtlvy1s x126k92a\">\n<div dir=\"auto\"><\/div>\n<div dir=\"auto\">A medida foi necess\u00e1ria devido \u00e0 manuten\u00e7\u00e3o na rede realizada na avenida Francisco de Lima Machado esquina com a rua Bar\u00e3o dos Cocais, o que exigiu o fechamento tempor\u00e1rio do reservat\u00f3rio.<\/div>\n<\/div>\n<div class=\"x14z9mp xat24cr x1lziwak x1vvkbs xtlvy1s x126k92a\">\n<div dir=\"auto\"><\/div>\n<div dir=\"auto\">Previs\u00e3o de normaliza\u00e7\u00e3o: at\u00e9 16h30.<\/div>\n<\/div>\n<div class=\"x14z9mp xat24cr x1lziwak x1vvkbs xtlvy1s x126k92a\">\n<div dir=\"auto\"><\/div>\n<div dir=\"auto\">Orienta\u00e7\u00e3o: utilize a \u00e1gua com consci\u00eancia durante esse per\u00edodo para evitar desabastecimento.<\/div>\n<\/div>\n<div class=\"x14z9mp xat24cr x1lziwak x1vvkbs xtlvy1s x126k92a\">\n<div dir=\"auto\"><\/div>\n<div dir=\"auto\">Acompanhe nossos canais oficiais para novas atualiza\u00e7\u00f5es.<\/div>\n<\/div>\n<\/div>\n<\/div>\n","protected":false},"excerpt":{"rendered":"<p>A Saec informa sobre interrup\u00e7\u00e3o emergencial no fornecimento de \u00e1gua no bairro Conjunto Euclides, nesta quarta-feira, dia 14. A medida foi necess\u00e1ria devido \u00e0 manuten\u00e7\u00e3o na rede realizada na avenida Francisco de Lima Machado esquina com a rua Bar\u00e3o dos Cocais, o que exigiu o fechamento tempor\u00e1rio do reservat\u00f3rio. Previs\u00e3o de normaliza\u00e7\u00e3o: at\u00e9 16h30. Orienta\u00e7\u00e3o: [&hellip;]<\/p>\n","protected":false},"author":12,"featured_media":10495,"comment_status":"closed","ping_status":"closed","sticky":false,"template":"","format":"standard","meta":{"footnotes":""},"categories":[49],"tags":[],"yoast_head":"<!-- This site is optimized with the Yoast SEO plugin v15.3 - https:\/\/yoast.com\/wordpress\/plugins\/seo\/ -->\n<title>INTERRUP\u00c7\u00c3O EMERGENCIAL NO ABASTECIMENTO EM 14\/01\/2026 - SAEC Superintendencia de Agua e Esgoto de Catanduva<\/title>\n<meta name=\"robots\" content=\"index, follow, max-snippet:-1, max-image-preview:large, max-video-preview:-1\" \/>\n<link rel=\"canonical\" href=\"https:\/\/saec.sp.gov.br\/index.php\/2026\/01\/14\/interrupcao-emergencial-no-abastecimento-em-14-01-2026\/\" \/>\n<meta property=\"og:locale\" content=\"pt_BR\" \/>\n<meta property=\"og:type\" content=\"article\" \/>\n<meta property=\"og:title\" content=\"INTERRUP\u00c7\u00c3O EMERGENCIAL NO ABASTECIMENTO EM 14\/01\/2026 - SAEC Superintendencia de Agua e Esgoto de Catanduva\" \/>\n<meta property=\"og:description\" content=\"A Saec informa sobre interrup\u00e7\u00e3o emergencial no fornecimento de \u00e1gua no bairro Conjunto Euclides, nesta quarta-feira, dia 14. A medida foi necess\u00e1ria devido \u00e0 manuten\u00e7\u00e3o na rede realizada na avenida Francisco de Lima Machado esquina com a rua Bar\u00e3o dos Cocais, o que exigiu o fechamento tempor\u00e1rio do reservat\u00f3rio. Previs\u00e3o de normaliza\u00e7\u00e3o: at\u00e9 16h30. Orienta\u00e7\u00e3o: [&hellip;]\" \/>\n<meta property=\"og:url\" content=\"https:\/\/saec.sp.gov.br\/index.php\/2026\/01\/14\/interrupcao-emergencial-no-abastecimento-em-14-01-2026\/\" \/>\n<meta property=\"og:site_name\" content=\"SAEC Superintendencia de Agua e Esgoto de Catanduva\" \/>\n<meta property=\"article:published_time\" content=\"2026-01-14T18:51:08+00:00\" \/>\n<meta property=\"og:image\" content=\"https:\/\/saec.sp.gov.br\/wp-content\/uploads\/2025\/06\/interrupcao.jpg\" \/>\n\t<meta property=\"og:image:width\" content=\"1080\" \/>\n\t<meta property=\"og:image:height\" content=\"1080\" \/>\n<meta name=\"twitter:card\" content=\"summary\" \/>\n<meta name=\"twitter:label1\" content=\"Written by\">\n\t<meta name=\"twitter:data1\" content=\"Karla Sibro\">\n\t<meta name=\"twitter:label2\" content=\"Est. reading time\">\n\t<meta name=\"twitter:data2\" content=\"0 minuto\">\n<script type=\"application\/ld+json\" class=\"yoast-schema-graph\">{\"@context\":\"https:\/\/schema.org\",\"@graph\":[{\"@type\":\"WebSite\",\"@id\":\"https:\/\/saec.sp.gov.br\/#website\",\"url\":\"https:\/\/saec.sp.gov.br\/\",\"name\":\"SAEC Superintendencia de Agua e Esgoto de Catanduva\",\"description\":\"SAEC\",\"potentialAction\":[{\"@type\":\"SearchAction\",\"target\":\"https:\/\/saec.sp.gov.br\/?s={search_term_string}\",\"query-input\":\"required name=search_term_string\"}],\"inLanguage\":\"pt-BR\"},{\"@type\":\"ImageObject\",\"@id\":\"https:\/\/saec.sp.gov.br\/index.php\/2026\/01\/14\/interrupcao-emergencial-no-abastecimento-em-14-01-2026\/#primaryimage\",\"inLanguage\":\"pt-BR\",\"url\":\"https:\/\/saec.sp.gov.br\/wp-content\/uploads\/2025\/06\/interrupcao.jpg\",\"width\":1080,\"height\":1080},{\"@type\":\"WebPage\",\"@id\":\"https:\/\/saec.sp.gov.br\/index.php\/2026\/01\/14\/interrupcao-emergencial-no-abastecimento-em-14-01-2026\/#webpage\",\"url\":\"https:\/\/saec.sp.gov.br\/index.php\/2026\/01\/14\/interrupcao-emergencial-no-abastecimento-em-14-01-2026\/\",\"name\":\"INTERRUP\\u00c7\\u00c3O EMERGENCIAL NO ABASTECIMENTO EM 14\/01\/2026 - SAEC Superintendencia de Agua e Esgoto de Catanduva\",\"isPartOf\":{\"@id\":\"https:\/\/saec.sp.gov.br\/#website\"},\"primaryImageOfPage\":{\"@id\":\"https:\/\/saec.sp.gov.br\/index.php\/2026\/01\/14\/interrupcao-emergencial-no-abastecimento-em-14-01-2026\/#primaryimage\"},\"datePublished\":\"2026-01-14T18:51:08+00:00\",\"dateModified\":\"2026-01-14T18:51:08+00:00\",\"author\":{\"@id\":\"https:\/\/saec.sp.gov.br\/#\/schema\/person\/0adeb299f513c0b2fcb1812012e43dea\"},\"inLanguage\":\"pt-BR\",\"potentialAction\":[{\"@type\":\"ReadAction\",\"target\":[\"https:\/\/saec.sp.gov.br\/index.php\/2026\/01\/14\/interrupcao-emergencial-no-abastecimento-em-14-01-2026\/\"]}]},{\"@type\":\"Person\",\"@id\":\"https:\/\/saec.sp.gov.br\/#\/schema\/person\/0adeb299f513c0b2fcb1812012e43dea\",\"name\":\"Karla Sibro\"}]}<\/script>\n<!-- \/ Yoast SEO plugin. -->","amp_validity":null,"amp_enabled":true,"_links":{"self":[{"href":"https:\/\/saec.sp.gov.br\/index.php\/wp-json\/wp\/v2\/posts\/11823"}],"collection":[{"href":"https:\/\/saec.sp.gov.br\/index.php\/wp-json\/wp\/v2\/posts"}],"about":[{"href":"https:\/\/saec.sp.gov.br\/index.php\/wp-json\/wp\/v2\/types\/post"}],"author":[{"embeddable":true,"href":"https:\/\/saec.sp.gov.br\/index.php\/wp-json\/wp\/v2\/users\/12"}],"replies":[{"embeddable":true,"href":"https:\/\/saec.sp.gov.br\/index.php\/wp-json\/wp\/v2\/comments?post=11823"}],"version-history":[{"count":1,"href":"https:\/\/saec.sp.gov.br\/index.php\/wp-json\/wp\/v2\/posts\/11823\/revisions"}],"predecessor-version":[{"id":11824,"href":"https:\/\/saec.sp.gov.br\/index.php\/wp-json\/wp\/v2\/posts\/11823\/revisions\/11824"}],"wp:featuredmedia":[{"embeddable":true,"href":"https:\/\/saec.sp.gov.br\/index.php\/wp-json\/wp\/v2\/media\/10495"}],"wp:attachment":[{"href":"https:\/\/saec.sp.gov.br\/index.php\/wp-json\/wp\/v2\/media?parent=11823"}],"wp:term":[{"taxonomy":"category","embeddable":true,"href":"https:\/\/saec.sp.gov.br\/index.php\/wp-json\/wp\/v2\/categories?post=11823"},{"taxonomy":"post_tag","embeddable":true,"href":"https:\/\/saec.sp.gov.br\/index.php\/wp-json\/wp\/v2\/tags?post=11823"}],"curies":[{"name":"wp","href":"https:\/\/api.w.org\/{rel}","templated":true}]}}