{"id":11840,"date":"2026-01-20T14:39:30","date_gmt":"2026-01-20T17:39:30","guid":{"rendered":"https:\/\/saec.sp.gov.br\/?p=11840"},"modified":"2026-01-20T14:40:11","modified_gmt":"2026-01-20T17:40:11","slug":"saec-em-acao-no-jardim-salles-3","status":"publish","type":"post","link":"https:\/\/saec.sp.gov.br\/index.php\/2026\/01\/20\/saec-em-acao-no-jardim-salles-3\/","title":{"rendered":"SAEC EM A\u00c7\u00c3O NO JARDIM SALLES"},"content":{"rendered":"<div class=\"xdj266r x14z9mp xat24cr x1lziwak x1vvkbs x126k92a\">\n<div dir=\"auto\"><\/div>\n<\/div>\n<div class=\"x14z9mp xat24cr x1lziwak x1vvkbs xtlvy1s x126k92a\">\n<div dir=\"auto\">As melhorias continuam, sai ano, entra ano! A Saec deu in\u00edcio \u00e0 substitui\u00e7\u00e3o da rede de esgoto na rua Alto Araguaia, no trecho entre as ruas Aren\u00f3polis e Amamba\u00ed, no Jardim Salles, nesta semana.<\/div>\n<div dir=\"auto\"><\/div>\n<div dir=\"auto\">\n<p>D\u00ea o play no v\u00eddeo e acompanhe de perto o come\u00e7o de mais uma obra importante que faz Catanduva avan\u00e7ar!<\/p>\n<p><a href=\"https:\/\/www.facebook.com\/share\/p\/1DpZG9ryWG\/\">https:\/\/www.facebook.com\/share\/p\/1DpZG9ryWG\/<\/a><\/p>\n<p>&nbsp;<\/p>\n<\/div>\n<div dir=\"auto\"><\/div>\n<\/div>\n","protected":false},"excerpt":{"rendered":"<p>As melhorias continuam, sai ano, entra ano! A Saec deu in\u00edcio \u00e0 substitui\u00e7\u00e3o da rede de esgoto na rua Alto Araguaia, no trecho entre as ruas Aren\u00f3polis e Amamba\u00ed, no Jardim Salles, nesta semana. D\u00ea o play no v\u00eddeo e acompanhe de perto o come\u00e7o de mais uma obra importante que faz Catanduva avan\u00e7ar! https:\/\/www.facebook.com\/share\/p\/1DpZG9ryWG\/ [&hellip;]<\/p>\n","protected":false},"author":12,"featured_media":11843,"comment_status":"closed","ping_status":"closed","sticky":false,"template":"","format":"standard","meta":{"footnotes":""},"categories":[41],"tags":[],"yoast_head":"<!-- This site is optimized with the Yoast SEO plugin v15.3 - https:\/\/yoast.com\/wordpress\/plugins\/seo\/ -->\n<title>SAEC EM A\u00c7\u00c3O NO JARDIM SALLES - SAEC Superintendencia de Agua e Esgoto de Catanduva<\/title>\n<meta name=\"robots\" content=\"index, follow, max-snippet:-1, max-image-preview:large, max-video-preview:-1\" \/>\n<link rel=\"canonical\" href=\"https:\/\/saec.sp.gov.br\/index.php\/2026\/01\/20\/saec-em-acao-no-jardim-salles-3\/\" \/>\n<meta property=\"og:locale\" content=\"pt_BR\" \/>\n<meta property=\"og:type\" content=\"article\" \/>\n<meta property=\"og:title\" content=\"SAEC EM A\u00c7\u00c3O NO JARDIM SALLES - SAEC Superintendencia de Agua e Esgoto de Catanduva\" \/>\n<meta property=\"og:description\" content=\"As melhorias continuam, sai ano, entra ano! A Saec deu in\u00edcio \u00e0 substitui\u00e7\u00e3o da rede de esgoto na rua Alto Araguaia, no trecho entre as ruas Aren\u00f3polis e Amamba\u00ed, no Jardim Salles, nesta semana. D\u00ea o play no v\u00eddeo e acompanhe de perto o come\u00e7o de mais uma obra importante que faz Catanduva avan\u00e7ar! https:\/\/www.facebook.com\/share\/p\/1DpZG9ryWG\/ [&hellip;]\" \/>\n<meta property=\"og:url\" content=\"https:\/\/saec.sp.gov.br\/index.php\/2026\/01\/20\/saec-em-acao-no-jardim-salles-3\/\" \/>\n<meta property=\"og:site_name\" content=\"SAEC Superintendencia de Agua e Esgoto de Catanduva\" \/>\n<meta property=\"article:published_time\" content=\"2026-01-20T17:39:30+00:00\" \/>\n<meta property=\"article:modified_time\" content=\"2026-01-20T17:40:11+00:00\" \/>\n<meta property=\"og:image\" content=\"https:\/\/saec.sp.gov.br\/wp-content\/uploads\/2026\/01\/WhatsApp-Image-2026-01-20-at-14.35.01.jpeg\" \/>\n\t<meta property=\"og:image:width\" content=\"960\" \/>\n\t<meta property=\"og:image:height\" content=\"1280\" \/>\n<meta name=\"twitter:card\" content=\"summary\" \/>\n<meta name=\"twitter:label1\" content=\"Written by\">\n\t<meta name=\"twitter:data1\" content=\"Karla Sibro\">\n\t<meta name=\"twitter:label2\" content=\"Est. reading time\">\n\t<meta name=\"twitter:data2\" content=\"0 minuto\">\n<script type=\"application\/ld+json\" class=\"yoast-schema-graph\">{\"@context\":\"https:\/\/schema.org\",\"@graph\":[{\"@type\":\"WebSite\",\"@id\":\"https:\/\/saec.sp.gov.br\/#website\",\"url\":\"https:\/\/saec.sp.gov.br\/\",\"name\":\"SAEC Superintendencia de Agua e Esgoto de Catanduva\",\"description\":\"SAEC\",\"potentialAction\":[{\"@type\":\"SearchAction\",\"target\":\"https:\/\/saec.sp.gov.br\/?s={search_term_string}\",\"query-input\":\"required name=search_term_string\"}],\"inLanguage\":\"pt-BR\"},{\"@type\":\"ImageObject\",\"@id\":\"https:\/\/saec.sp.gov.br\/index.php\/2026\/01\/20\/saec-em-acao-no-jardim-salles-3\/#primaryimage\",\"inLanguage\":\"pt-BR\",\"url\":\"https:\/\/saec.sp.gov.br\/wp-content\/uploads\/2026\/01\/WhatsApp-Image-2026-01-20-at-14.35.01.jpeg\",\"width\":960,\"height\":1280},{\"@type\":\"WebPage\",\"@id\":\"https:\/\/saec.sp.gov.br\/index.php\/2026\/01\/20\/saec-em-acao-no-jardim-salles-3\/#webpage\",\"url\":\"https:\/\/saec.sp.gov.br\/index.php\/2026\/01\/20\/saec-em-acao-no-jardim-salles-3\/\",\"name\":\"SAEC EM A\\u00c7\\u00c3O NO JARDIM SALLES - SAEC Superintendencia de Agua e Esgoto de Catanduva\",\"isPartOf\":{\"@id\":\"https:\/\/saec.sp.gov.br\/#website\"},\"primaryImageOfPage\":{\"@id\":\"https:\/\/saec.sp.gov.br\/index.php\/2026\/01\/20\/saec-em-acao-no-jardim-salles-3\/#primaryimage\"},\"datePublished\":\"2026-01-20T17:39:30+00:00\",\"dateModified\":\"2026-01-20T17:40:11+00:00\",\"author\":{\"@id\":\"https:\/\/saec.sp.gov.br\/#\/schema\/person\/0adeb299f513c0b2fcb1812012e43dea\"},\"inLanguage\":\"pt-BR\",\"potentialAction\":[{\"@type\":\"ReadAction\",\"target\":[\"https:\/\/saec.sp.gov.br\/index.php\/2026\/01\/20\/saec-em-acao-no-jardim-salles-3\/\"]}]},{\"@type\":\"Person\",\"@id\":\"https:\/\/saec.sp.gov.br\/#\/schema\/person\/0adeb299f513c0b2fcb1812012e43dea\",\"name\":\"Karla Sibro\"}]}<\/script>\n<!-- \/ Yoast SEO plugin. -->","amp_validity":null,"amp_enabled":true,"_links":{"self":[{"href":"https:\/\/saec.sp.gov.br\/index.php\/wp-json\/wp\/v2\/posts\/11840"}],"collection":[{"href":"https:\/\/saec.sp.gov.br\/index.php\/wp-json\/wp\/v2\/posts"}],"about":[{"href":"https:\/\/saec.sp.gov.br\/index.php\/wp-json\/wp\/v2\/types\/post"}],"author":[{"embeddable":true,"href":"https:\/\/saec.sp.gov.br\/index.php\/wp-json\/wp\/v2\/users\/12"}],"replies":[{"embeddable":true,"href":"https:\/\/saec.sp.gov.br\/index.php\/wp-json\/wp\/v2\/comments?post=11840"}],"version-history":[{"count":3,"href":"https:\/\/saec.sp.gov.br\/index.php\/wp-json\/wp\/v2\/posts\/11840\/revisions"}],"predecessor-version":[{"id":11848,"href":"https:\/\/saec.sp.gov.br\/index.php\/wp-json\/wp\/v2\/posts\/11840\/revisions\/11848"}],"wp:featuredmedia":[{"embeddable":true,"href":"https:\/\/saec.sp.gov.br\/index.php\/wp-json\/wp\/v2\/media\/11843"}],"wp:attachment":[{"href":"https:\/\/saec.sp.gov.br\/index.php\/wp-json\/wp\/v2\/media?parent=11840"}],"wp:term":[{"taxonomy":"category","embeddable":true,"href":"https:\/\/saec.sp.gov.br\/index.php\/wp-json\/wp\/v2\/categories?post=11840"},{"taxonomy":"post_tag","embeddable":true,"href":"https:\/\/saec.sp.gov.br\/index.php\/wp-json\/wp\/v2\/tags?post=11840"}],"curies":[{"name":"wp","href":"https:\/\/api.w.org\/{rel}","templated":true}]}}