{"id":11849,"date":"2026-01-22T10:36:17","date_gmt":"2026-01-22T13:36:17","guid":{"rendered":"https:\/\/saec.sp.gov.br\/?p=11849"},"modified":"2026-01-22T10:36:17","modified_gmt":"2026-01-22T13:36:17","slug":"palestra-de-conscientizacao-ambiental","status":"publish","type":"post","link":"https:\/\/saec.sp.gov.br\/index.php\/2026\/01\/22\/palestra-de-conscientizacao-ambiental\/","title":{"rendered":"PALESTRA DE CONSCIENTIZA\u00c7\u00c3O AMBIENTAL"},"content":{"rendered":"<div class=\"xdj266r x14z9mp xat24cr x1lziwak x1vvkbs x126k92a\">\n<div dir=\"auto\">Agenda cheia! O ano come\u00e7ou com tudo por aqui. Equipe de res\u00edduos da Saec proferiu palestra na empresa Betel Belucci sobre destina\u00e7\u00e3o adequada de res\u00edduos domiciliares, seletivos e do programa de coleta de volumosos da autarquia para seus colaboradores.<\/div>\n<div dir=\"auto\"><\/div>\n<\/div>\n<div class=\"x14z9mp xat24cr x1lziwak x1vvkbs xtlvy1s x126k92a\">\n<div dir=\"auto\">As dicas servir\u00e3o tanto para o ambiente de trabalho quanto para a rotina do dia a dia em casa. Lixo \u00e9 coisa s\u00e9ria e voc\u00ea \u00e9 respons\u00e1vel pelo seu. Quando descartado irregularmente causa preju\u00edzos ao meio ambiente e \u00e0 popula\u00e7\u00e3o.<\/div>\n<div dir=\"auto\"><\/div>\n<\/div>\n<div class=\"x14z9mp xat24cr x1lziwak x1vvkbs xtlvy1s x126k92a\">\n<div dir=\"auto\">Separar, acondicionar e descartar nos dias da coleta do bairro, faz toda a diferen\u00e7a!<\/div>\n<div dir=\"auto\"><\/div>\n<\/div>\n<div class=\"x14z9mp xat24cr x1lziwak x1vvkbs xtlvy1s x126k92a\">\n<div dir=\"auto\">A Saec agradece o convite e a parceria e refor\u00e7a a import\u00e2ncia de unir for\u00e7as em a\u00e7\u00f5es que promovem a conscientiza\u00e7\u00e3o e o cuidado com a cidade.<\/div>\n<\/div>\n<div dir=\"auto\"><\/div>\n<div dir=\"auto\"><img loading=\"lazy\" decoding=\"async\" class=\"alignnone size-medium wp-image-11853 lazyload\" src=\"data:image\/gif;base64,R0lGODlhAQABAAAAACH5BAEKAAEALAAAAAABAAEAAAICTAEAOw==\" data-src=\"http:\/\/saec.sp.gov.br\/wp-content\/uploads\/2026\/01\/WhatsApp-Image-2026-01-22-at-10.20.31-1-300x225.jpeg\" alt=\"\" width=\"300\" height=\"225\" data-sizes=\"auto\" data-srcset=\"https:\/\/saec.sp.gov.br\/wp-content\/uploads\/2026\/01\/WhatsApp-Image-2026-01-22-at-10.20.31-1-300x225.jpeg 300w, https:\/\/saec.sp.gov.br\/wp-content\/uploads\/2026\/01\/WhatsApp-Image-2026-01-22-at-10.20.31-1-1024x768.jpeg 1024w, https:\/\/saec.sp.gov.br\/wp-content\/uploads\/2026\/01\/WhatsApp-Image-2026-01-22-at-10.20.31-1-768x576.jpeg 768w, https:\/\/saec.sp.gov.br\/wp-content\/uploads\/2026\/01\/WhatsApp-Image-2026-01-22-at-10.20.31-1-1536x1152.jpeg 1536w, https:\/\/saec.sp.gov.br\/wp-content\/uploads\/2026\/01\/WhatsApp-Image-2026-01-22-at-10.20.31-1-1100x825.jpeg 1100w, https:\/\/saec.sp.gov.br\/wp-content\/uploads\/2026\/01\/WhatsApp-Image-2026-01-22-at-10.20.31-1-600x450.jpeg 600w, https:\/\/saec.sp.gov.br\/wp-content\/uploads\/2026\/01\/WhatsApp-Image-2026-01-22-at-10.20.31-1-20x15.jpeg 20w, https:\/\/saec.sp.gov.br\/wp-content\/uploads\/2026\/01\/WhatsApp-Image-2026-01-22-at-10.20.31-1.jpeg 1600w\" sizes=\"(max-width: 300px) 100vw, 300px\" \/> <img loading=\"lazy\" decoding=\"async\" class=\"alignnone size-medium wp-image-11854 lazyload\" src=\"data:image\/gif;base64,R0lGODlhAQABAAAAACH5BAEKAAEALAAAAAABAAEAAAICTAEAOw==\" data-src=\"http:\/\/saec.sp.gov.br\/wp-content\/uploads\/2026\/01\/WhatsApp-Image-2026-01-22-at-10.20.31-300x225.jpeg\" alt=\"\" width=\"300\" height=\"225\" data-sizes=\"auto\" data-srcset=\"https:\/\/saec.sp.gov.br\/wp-content\/uploads\/2026\/01\/WhatsApp-Image-2026-01-22-at-10.20.31-300x225.jpeg 300w, https:\/\/saec.sp.gov.br\/wp-content\/uploads\/2026\/01\/WhatsApp-Image-2026-01-22-at-10.20.31-1024x768.jpeg 1024w, https:\/\/saec.sp.gov.br\/wp-content\/uploads\/2026\/01\/WhatsApp-Image-2026-01-22-at-10.20.31-768x576.jpeg 768w, https:\/\/saec.sp.gov.br\/wp-content\/uploads\/2026\/01\/WhatsApp-Image-2026-01-22-at-10.20.31-1536x1152.jpeg 1536w, https:\/\/saec.sp.gov.br\/wp-content\/uploads\/2026\/01\/WhatsApp-Image-2026-01-22-at-10.20.31-1100x825.jpeg 1100w, https:\/\/saec.sp.gov.br\/wp-content\/uploads\/2026\/01\/WhatsApp-Image-2026-01-22-at-10.20.31-600x450.jpeg 600w, https:\/\/saec.sp.gov.br\/wp-content\/uploads\/2026\/01\/WhatsApp-Image-2026-01-22-at-10.20.31-20x15.jpeg 20w, https:\/\/saec.sp.gov.br\/wp-content\/uploads\/2026\/01\/WhatsApp-Image-2026-01-22-at-10.20.31.jpeg 1600w\" sizes=\"(max-width: 300px) 100vw, 300px\" \/> <img loading=\"lazy\" decoding=\"async\" class=\"alignnone size-medium wp-image-11852 lazyload\" src=\"data:image\/gif;base64,R0lGODlhAQABAAAAACH5BAEKAAEALAAAAAABAAEAAAICTAEAOw==\" data-src=\"http:\/\/saec.sp.gov.br\/wp-content\/uploads\/2026\/01\/WhatsApp-Image-2026-01-22-at-10.20.31-2-300x225.jpeg\" alt=\"\" width=\"300\" height=\"225\" data-sizes=\"auto\" data-srcset=\"https:\/\/saec.sp.gov.br\/wp-content\/uploads\/2026\/01\/WhatsApp-Image-2026-01-22-at-10.20.31-2-300x225.jpeg 300w, https:\/\/saec.sp.gov.br\/wp-content\/uploads\/2026\/01\/WhatsApp-Image-2026-01-22-at-10.20.31-2-1024x768.jpeg 1024w, https:\/\/saec.sp.gov.br\/wp-content\/uploads\/2026\/01\/WhatsApp-Image-2026-01-22-at-10.20.31-2-768x576.jpeg 768w, https:\/\/saec.sp.gov.br\/wp-content\/uploads\/2026\/01\/WhatsApp-Image-2026-01-22-at-10.20.31-2-1536x1152.jpeg 1536w, https:\/\/saec.sp.gov.br\/wp-content\/uploads\/2026\/01\/WhatsApp-Image-2026-01-22-at-10.20.31-2-1100x825.jpeg 1100w, https:\/\/saec.sp.gov.br\/wp-content\/uploads\/2026\/01\/WhatsApp-Image-2026-01-22-at-10.20.31-2-600x450.jpeg 600w, https:\/\/saec.sp.gov.br\/wp-content\/uploads\/2026\/01\/WhatsApp-Image-2026-01-22-at-10.20.31-2-20x15.jpeg 20w, https:\/\/saec.sp.gov.br\/wp-content\/uploads\/2026\/01\/WhatsApp-Image-2026-01-22-at-10.20.31-2.jpeg 1600w\" sizes=\"(max-width: 300px) 100vw, 300px\" \/> \u00a0<img loading=\"lazy\" decoding=\"async\" class=\"alignnone size-medium wp-image-11850 lazyload\" src=\"data:image\/gif;base64,R0lGODlhAQABAAAAACH5BAEKAAEALAAAAAABAAEAAAICTAEAOw==\" data-src=\"http:\/\/saec.sp.gov.br\/wp-content\/uploads\/2026\/01\/WhatsApp-Image-2026-01-22-at-10.20.32-1-300x225.jpeg\" alt=\"\" width=\"300\" height=\"225\" data-sizes=\"auto\" data-srcset=\"https:\/\/saec.sp.gov.br\/wp-content\/uploads\/2026\/01\/WhatsApp-Image-2026-01-22-at-10.20.32-1-300x225.jpeg 300w, https:\/\/saec.sp.gov.br\/wp-content\/uploads\/2026\/01\/WhatsApp-Image-2026-01-22-at-10.20.32-1-1024x768.jpeg 1024w, https:\/\/saec.sp.gov.br\/wp-content\/uploads\/2026\/01\/WhatsApp-Image-2026-01-22-at-10.20.32-1-768x576.jpeg 768w, https:\/\/saec.sp.gov.br\/wp-content\/uploads\/2026\/01\/WhatsApp-Image-2026-01-22-at-10.20.32-1-1536x1152.jpeg 1536w, https:\/\/saec.sp.gov.br\/wp-content\/uploads\/2026\/01\/WhatsApp-Image-2026-01-22-at-10.20.32-1-1100x825.jpeg 1100w, https:\/\/saec.sp.gov.br\/wp-content\/uploads\/2026\/01\/WhatsApp-Image-2026-01-22-at-10.20.32-1-600x450.jpeg 600w, https:\/\/saec.sp.gov.br\/wp-content\/uploads\/2026\/01\/WhatsApp-Image-2026-01-22-at-10.20.32-1-20x15.jpeg 20w, https:\/\/saec.sp.gov.br\/wp-content\/uploads\/2026\/01\/WhatsApp-Image-2026-01-22-at-10.20.32-1.jpeg 1600w\" sizes=\"(max-width: 300px) 100vw, 300px\" \/><\/div>\n","protected":false},"excerpt":{"rendered":"<p>Agenda cheia! O ano come\u00e7ou com tudo por aqui. Equipe de res\u00edduos da Saec proferiu palestra na empresa Betel Belucci sobre destina\u00e7\u00e3o adequada de res\u00edduos domiciliares, seletivos e do programa de coleta de volumosos da autarquia para seus colaboradores. As dicas servir\u00e3o tanto para o ambiente de trabalho quanto para a rotina do dia a [&hellip;]<\/p>\n","protected":false},"author":12,"featured_media":11851,"comment_status":"closed","ping_status":"closed","sticky":false,"template":"","format":"standard","meta":{"footnotes":""},"categories":[41],"tags":[],"yoast_head":"<!-- This site is optimized with the Yoast SEO plugin v15.3 - https:\/\/yoast.com\/wordpress\/plugins\/seo\/ -->\n<title>PALESTRA DE CONSCIENTIZA\u00c7\u00c3O AMBIENTAL - SAEC Superintendencia de Agua e Esgoto de Catanduva<\/title>\n<meta name=\"robots\" content=\"index, follow, max-snippet:-1, max-image-preview:large, max-video-preview:-1\" \/>\n<link rel=\"canonical\" href=\"https:\/\/saec.sp.gov.br\/index.php\/2026\/01\/22\/palestra-de-conscientizacao-ambiental\/\" \/>\n<meta property=\"og:locale\" content=\"pt_BR\" \/>\n<meta property=\"og:type\" content=\"article\" \/>\n<meta property=\"og:title\" content=\"PALESTRA DE CONSCIENTIZA\u00c7\u00c3O AMBIENTAL - SAEC Superintendencia de Agua e Esgoto de Catanduva\" \/>\n<meta property=\"og:description\" content=\"Agenda cheia! O ano come\u00e7ou com tudo por aqui. Equipe de res\u00edduos da Saec proferiu palestra na empresa Betel Belucci sobre destina\u00e7\u00e3o adequada de res\u00edduos domiciliares, seletivos e do programa de coleta de volumosos da autarquia para seus colaboradores. As dicas servir\u00e3o tanto para o ambiente de trabalho quanto para a rotina do dia a [&hellip;]\" \/>\n<meta property=\"og:url\" content=\"https:\/\/saec.sp.gov.br\/index.php\/2026\/01\/22\/palestra-de-conscientizacao-ambiental\/\" \/>\n<meta property=\"og:site_name\" content=\"SAEC Superintendencia de Agua e Esgoto de Catanduva\" \/>\n<meta property=\"article:published_time\" content=\"2026-01-22T13:36:17+00:00\" \/>\n<meta property=\"og:image\" content=\"https:\/\/saec.sp.gov.br\/wp-content\/uploads\/2026\/01\/WhatsApp-Image-2026-01-22-at-10.20.32.jpeg\" \/>\n\t<meta property=\"og:image:width\" content=\"1600\" \/>\n\t<meta property=\"og:image:height\" content=\"1200\" \/>\n<meta name=\"twitter:card\" content=\"summary\" \/>\n<meta name=\"twitter:label1\" content=\"Written by\">\n\t<meta name=\"twitter:data1\" content=\"Karla Sibro\">\n\t<meta name=\"twitter:label2\" content=\"Est. reading time\">\n\t<meta name=\"twitter:data2\" content=\"1 minuto\">\n<script type=\"application\/ld+json\" class=\"yoast-schema-graph\">{\"@context\":\"https:\/\/schema.org\",\"@graph\":[{\"@type\":\"WebSite\",\"@id\":\"https:\/\/saec.sp.gov.br\/#website\",\"url\":\"https:\/\/saec.sp.gov.br\/\",\"name\":\"SAEC Superintendencia de Agua e Esgoto de Catanduva\",\"description\":\"SAEC\",\"potentialAction\":[{\"@type\":\"SearchAction\",\"target\":\"https:\/\/saec.sp.gov.br\/?s={search_term_string}\",\"query-input\":\"required name=search_term_string\"}],\"inLanguage\":\"pt-BR\"},{\"@type\":\"ImageObject\",\"@id\":\"https:\/\/saec.sp.gov.br\/index.php\/2026\/01\/22\/palestra-de-conscientizacao-ambiental\/#primaryimage\",\"inLanguage\":\"pt-BR\",\"url\":\"https:\/\/saec.sp.gov.br\/wp-content\/uploads\/2026\/01\/WhatsApp-Image-2026-01-22-at-10.20.32.jpeg\",\"width\":1600,\"height\":1200},{\"@type\":\"WebPage\",\"@id\":\"https:\/\/saec.sp.gov.br\/index.php\/2026\/01\/22\/palestra-de-conscientizacao-ambiental\/#webpage\",\"url\":\"https:\/\/saec.sp.gov.br\/index.php\/2026\/01\/22\/palestra-de-conscientizacao-ambiental\/\",\"name\":\"PALESTRA DE CONSCIENTIZA\\u00c7\\u00c3O AMBIENTAL - SAEC Superintendencia de Agua e Esgoto de Catanduva\",\"isPartOf\":{\"@id\":\"https:\/\/saec.sp.gov.br\/#website\"},\"primaryImageOfPage\":{\"@id\":\"https:\/\/saec.sp.gov.br\/index.php\/2026\/01\/22\/palestra-de-conscientizacao-ambiental\/#primaryimage\"},\"datePublished\":\"2026-01-22T13:36:17+00:00\",\"dateModified\":\"2026-01-22T13:36:17+00:00\",\"author\":{\"@id\":\"https:\/\/saec.sp.gov.br\/#\/schema\/person\/0adeb299f513c0b2fcb1812012e43dea\"},\"inLanguage\":\"pt-BR\",\"potentialAction\":[{\"@type\":\"ReadAction\",\"target\":[\"https:\/\/saec.sp.gov.br\/index.php\/2026\/01\/22\/palestra-de-conscientizacao-ambiental\/\"]}]},{\"@type\":\"Person\",\"@id\":\"https:\/\/saec.sp.gov.br\/#\/schema\/person\/0adeb299f513c0b2fcb1812012e43dea\",\"name\":\"Karla Sibro\"}]}<\/script>\n<!-- \/ Yoast SEO plugin. -->","amp_validity":null,"amp_enabled":true,"_links":{"self":[{"href":"https:\/\/saec.sp.gov.br\/index.php\/wp-json\/wp\/v2\/posts\/11849"}],"collection":[{"href":"https:\/\/saec.sp.gov.br\/index.php\/wp-json\/wp\/v2\/posts"}],"about":[{"href":"https:\/\/saec.sp.gov.br\/index.php\/wp-json\/wp\/v2\/types\/post"}],"author":[{"embeddable":true,"href":"https:\/\/saec.sp.gov.br\/index.php\/wp-json\/wp\/v2\/users\/12"}],"replies":[{"embeddable":true,"href":"https:\/\/saec.sp.gov.br\/index.php\/wp-json\/wp\/v2\/comments?post=11849"}],"version-history":[{"count":1,"href":"https:\/\/saec.sp.gov.br\/index.php\/wp-json\/wp\/v2\/posts\/11849\/revisions"}],"predecessor-version":[{"id":11855,"href":"https:\/\/saec.sp.gov.br\/index.php\/wp-json\/wp\/v2\/posts\/11849\/revisions\/11855"}],"wp:featuredmedia":[{"embeddable":true,"href":"https:\/\/saec.sp.gov.br\/index.php\/wp-json\/wp\/v2\/media\/11851"}],"wp:attachment":[{"href":"https:\/\/saec.sp.gov.br\/index.php\/wp-json\/wp\/v2\/media?parent=11849"}],"wp:term":[{"taxonomy":"category","embeddable":true,"href":"https:\/\/saec.sp.gov.br\/index.php\/wp-json\/wp\/v2\/categories?post=11849"},{"taxonomy":"post_tag","embeddable":true,"href":"https:\/\/saec.sp.gov.br\/index.php\/wp-json\/wp\/v2\/tags?post=11849"}],"curies":[{"name":"wp","href":"https:\/\/api.w.org\/{rel}","templated":true}]}}