{"id":11873,"date":"2026-01-23T16:34:15","date_gmt":"2026-01-23T19:34:15","guid":{"rendered":"https:\/\/saec.sp.gov.br\/?p=11873"},"modified":"2026-01-23T16:34:15","modified_gmt":"2026-01-23T19:34:15","slug":"verao-calorao-uso-consciente-da-agua","status":"publish","type":"post","link":"https:\/\/saec.sp.gov.br\/index.php\/2026\/01\/23\/verao-calorao-uso-consciente-da-agua\/","title":{"rendered":"VER\u00c3O + CALOR\u00c3O = USO CONSCIENTE DA \u00c1GUA"},"content":{"rendered":"<div class=\"xdj266r x14z9mp xat24cr x1lziwak x1vvkbs x126k92a\">\n<div dir=\"auto\">Com as altas temperaturas, o consumo de \u00e1gua aumenta \u2014 e o desperd\u00edcio tamb\u00e9m pode crescer.<\/div>\n<\/div>\n<div class=\"x14z9mp xat24cr x1lziwak x1vvkbs xtlvy1s x126k92a\">\n<div dir=\"auto\">Por isso, a Saec refor\u00e7a: em dias de calor intenso, cada gota conta!<\/div>\n<\/div>\n<div class=\"x14z9mp xat24cr x1lziwak x1vvkbs xtlvy1s x126k92a\">\n<div dir=\"auto\"><\/div>\n<div dir=\"auto\">Pequenas atitudes no dia a dia fazem toda a diferen\u00e7a para garantir \u00e1gua para todos, hoje e no futuro.<\/div>\n<div dir=\"auto\"><\/div>\n<div dir=\"auto\">Use com consci\u00eancia, evite desperd\u00edcios e fa\u00e7a a sua parte!<\/div>\n<\/div>\n","protected":false},"excerpt":{"rendered":"<p>Com as altas temperaturas, o consumo de \u00e1gua aumenta \u2014 e o desperd\u00edcio tamb\u00e9m pode crescer. Por isso, a Saec refor\u00e7a: em dias de calor intenso, cada gota conta! Pequenas atitudes no dia a dia fazem toda a diferen\u00e7a para garantir \u00e1gua para todos, hoje e no futuro. Use com consci\u00eancia, evite desperd\u00edcios e fa\u00e7a [&hellip;]<\/p>\n","protected":false},"author":12,"featured_media":11874,"comment_status":"closed","ping_status":"closed","sticky":false,"template":"","format":"standard","meta":{"footnotes":""},"categories":[41],"tags":[],"yoast_head":"<!-- This site is optimized with the Yoast SEO plugin v15.3 - https:\/\/yoast.com\/wordpress\/plugins\/seo\/ -->\n<title>VER\u00c3O + CALOR\u00c3O = USO CONSCIENTE DA \u00c1GUA - SAEC Superintendencia de Agua e Esgoto de Catanduva<\/title>\n<meta name=\"robots\" content=\"index, follow, max-snippet:-1, max-image-preview:large, max-video-preview:-1\" \/>\n<link rel=\"canonical\" href=\"https:\/\/saec.sp.gov.br\/index.php\/2026\/01\/23\/verao-calorao-uso-consciente-da-agua\/\" \/>\n<meta property=\"og:locale\" content=\"pt_BR\" \/>\n<meta property=\"og:type\" content=\"article\" \/>\n<meta property=\"og:title\" content=\"VER\u00c3O + CALOR\u00c3O = USO CONSCIENTE DA \u00c1GUA - SAEC Superintendencia de Agua e Esgoto de Catanduva\" \/>\n<meta property=\"og:description\" content=\"Com as altas temperaturas, o consumo de \u00e1gua aumenta \u2014 e o desperd\u00edcio tamb\u00e9m pode crescer. Por isso, a Saec refor\u00e7a: em dias de calor intenso, cada gota conta! Pequenas atitudes no dia a dia fazem toda a diferen\u00e7a para garantir \u00e1gua para todos, hoje e no futuro. Use com consci\u00eancia, evite desperd\u00edcios e fa\u00e7a [&hellip;]\" \/>\n<meta property=\"og:url\" content=\"https:\/\/saec.sp.gov.br\/index.php\/2026\/01\/23\/verao-calorao-uso-consciente-da-agua\/\" \/>\n<meta property=\"og:site_name\" content=\"SAEC Superintendencia de Agua e Esgoto de Catanduva\" \/>\n<meta property=\"article:published_time\" content=\"2026-01-23T19:34:15+00:00\" \/>\n<meta property=\"og:image\" content=\"https:\/\/saec.sp.gov.br\/wp-content\/uploads\/2026\/01\/WhatsApp-Image-2026-01-22-at-13.30.59-1.jpeg\" \/>\n\t<meta property=\"og:image:width\" content=\"500\" \/>\n\t<meta property=\"og:image:height\" content=\"660\" \/>\n<meta name=\"twitter:card\" content=\"summary\" \/>\n<meta name=\"twitter:label1\" content=\"Written by\">\n\t<meta name=\"twitter:data1\" content=\"Karla Sibro\">\n\t<meta name=\"twitter:label2\" content=\"Est. reading time\">\n\t<meta name=\"twitter:data2\" content=\"0 minuto\">\n<script type=\"application\/ld+json\" class=\"yoast-schema-graph\">{\"@context\":\"https:\/\/schema.org\",\"@graph\":[{\"@type\":\"WebSite\",\"@id\":\"https:\/\/saec.sp.gov.br\/#website\",\"url\":\"https:\/\/saec.sp.gov.br\/\",\"name\":\"SAEC Superintendencia de Agua e Esgoto de Catanduva\",\"description\":\"SAEC\",\"potentialAction\":[{\"@type\":\"SearchAction\",\"target\":\"https:\/\/saec.sp.gov.br\/?s={search_term_string}\",\"query-input\":\"required name=search_term_string\"}],\"inLanguage\":\"pt-BR\"},{\"@type\":\"ImageObject\",\"@id\":\"https:\/\/saec.sp.gov.br\/index.php\/2026\/01\/23\/verao-calorao-uso-consciente-da-agua\/#primaryimage\",\"inLanguage\":\"pt-BR\",\"url\":\"https:\/\/saec.sp.gov.br\/wp-content\/uploads\/2026\/01\/WhatsApp-Image-2026-01-22-at-13.30.59-1.jpeg\",\"width\":500,\"height\":660},{\"@type\":\"WebPage\",\"@id\":\"https:\/\/saec.sp.gov.br\/index.php\/2026\/01\/23\/verao-calorao-uso-consciente-da-agua\/#webpage\",\"url\":\"https:\/\/saec.sp.gov.br\/index.php\/2026\/01\/23\/verao-calorao-uso-consciente-da-agua\/\",\"name\":\"VER\\u00c3O + CALOR\\u00c3O = USO CONSCIENTE DA \\u00c1GUA - SAEC Superintendencia de Agua e Esgoto de Catanduva\",\"isPartOf\":{\"@id\":\"https:\/\/saec.sp.gov.br\/#website\"},\"primaryImageOfPage\":{\"@id\":\"https:\/\/saec.sp.gov.br\/index.php\/2026\/01\/23\/verao-calorao-uso-consciente-da-agua\/#primaryimage\"},\"datePublished\":\"2026-01-23T19:34:15+00:00\",\"dateModified\":\"2026-01-23T19:34:15+00:00\",\"author\":{\"@id\":\"https:\/\/saec.sp.gov.br\/#\/schema\/person\/0adeb299f513c0b2fcb1812012e43dea\"},\"inLanguage\":\"pt-BR\",\"potentialAction\":[{\"@type\":\"ReadAction\",\"target\":[\"https:\/\/saec.sp.gov.br\/index.php\/2026\/01\/23\/verao-calorao-uso-consciente-da-agua\/\"]}]},{\"@type\":\"Person\",\"@id\":\"https:\/\/saec.sp.gov.br\/#\/schema\/person\/0adeb299f513c0b2fcb1812012e43dea\",\"name\":\"Karla Sibro\"}]}<\/script>\n<!-- \/ Yoast SEO plugin. -->","amp_validity":null,"amp_enabled":true,"_links":{"self":[{"href":"https:\/\/saec.sp.gov.br\/index.php\/wp-json\/wp\/v2\/posts\/11873"}],"collection":[{"href":"https:\/\/saec.sp.gov.br\/index.php\/wp-json\/wp\/v2\/posts"}],"about":[{"href":"https:\/\/saec.sp.gov.br\/index.php\/wp-json\/wp\/v2\/types\/post"}],"author":[{"embeddable":true,"href":"https:\/\/saec.sp.gov.br\/index.php\/wp-json\/wp\/v2\/users\/12"}],"replies":[{"embeddable":true,"href":"https:\/\/saec.sp.gov.br\/index.php\/wp-json\/wp\/v2\/comments?post=11873"}],"version-history":[{"count":1,"href":"https:\/\/saec.sp.gov.br\/index.php\/wp-json\/wp\/v2\/posts\/11873\/revisions"}],"predecessor-version":[{"id":11875,"href":"https:\/\/saec.sp.gov.br\/index.php\/wp-json\/wp\/v2\/posts\/11873\/revisions\/11875"}],"wp:featuredmedia":[{"embeddable":true,"href":"https:\/\/saec.sp.gov.br\/index.php\/wp-json\/wp\/v2\/media\/11874"}],"wp:attachment":[{"href":"https:\/\/saec.sp.gov.br\/index.php\/wp-json\/wp\/v2\/media?parent=11873"}],"wp:term":[{"taxonomy":"category","embeddable":true,"href":"https:\/\/saec.sp.gov.br\/index.php\/wp-json\/wp\/v2\/categories?post=11873"},{"taxonomy":"post_tag","embeddable":true,"href":"https:\/\/saec.sp.gov.br\/index.php\/wp-json\/wp\/v2\/tags?post=11873"}],"curies":[{"name":"wp","href":"https:\/\/api.w.org\/{rel}","templated":true}]}}