{"id":11881,"date":"2026-01-27T14:37:34","date_gmt":"2026-01-27T17:37:34","guid":{"rendered":"https:\/\/saec.sp.gov.br\/?p=11881"},"modified":"2026-01-27T14:37:34","modified_gmt":"2026-01-27T17:37:34","slug":"destinacao-consciente-comeca-aqui","status":"publish","type":"post","link":"https:\/\/saec.sp.gov.br\/index.php\/2026\/01\/27\/destinacao-consciente-comeca-aqui\/","title":{"rendered":"Destina\u00e7\u00e3o consciente come\u00e7a aqui!"},"content":{"rendered":"<div class=\"xdj266r x14z9mp xat24cr x1lziwak x1vvkbs x126k92a\">\n<div dir=\"auto\">A Saec segue firme na parceria com o Instituto Eficiente Visual, refor\u00e7ando seu compromisso com a inclus\u00e3o social, a sustentabilidade e o desenvolvimento educacional e profissional da nossa comunidade.<\/div>\n<div dir=\"auto\"><\/div>\n<\/div>\n<div class=\"x14z9mp xat24cr x1lziwak x1vvkbs xtlvy1s x126k92a\">\n<div dir=\"auto\">A Saec \u00e9 ponto de coleta para equipamentos de inform\u00e1tica, eletr\u00f4nicos, el\u00e9tricos, telef\u00f4nicos e similares. Entre os materiais recolhidos est\u00e3o mouses, teclados, gabinetes, l\u00e2mpadas fluorescentes, pilhas dentre outros itens eletr\u00f4nicos. Os mun\u00edcipes podem trazer seus equipamentos at\u00e9 aqui com a certeza de que todo o material receber\u00e1 o destino correto, seja por recupera\u00e7\u00e3o ou reciclagem, reduzindo o impacto ambiental da sucata tecnol\u00f3gica.<\/div>\n<div dir=\"auto\"><\/div>\n<\/div>\n<div class=\"x14z9mp xat24cr x1lziwak x1vvkbs xtlvy1s x126k92a\">\n<div dir=\"auto\">Os equipamentos reaproveitados se transformam em oportunidades, contribuindo para a inclus\u00e3o digital de pessoas com defici\u00eancia visual e promovendo mais autonomia e acesso ao mundo digital.<\/div>\n<div dir=\"auto\"><\/div>\n<\/div>\n<div class=\"x14z9mp xat24cr x1lziwak x1vvkbs xtlvy1s x126k92a\">\n<div dir=\"auto\">Uma a\u00e7\u00e3o simples que gera grandes impactos: cuida do meio ambiente, fortalece a inclus\u00e3o e transforma realidades!<\/div>\n<\/div>\n<div dir=\"auto\"><\/div>\n<div dir=\"auto\"><img loading=\"lazy\" decoding=\"async\" class=\"alignnone size-medium wp-image-11886 lazyload\" src=\"data:image\/gif;base64,R0lGODlhAQABAAAAACH5BAEKAAEALAAAAAABAAEAAAICTAEAOw==\" data-src=\"http:\/\/saec.sp.gov.br\/wp-content\/uploads\/2026\/01\/WhatsApp-Image-2026-01-27-at-14.33.04-225x300.jpeg\" alt=\"\" width=\"225\" height=\"300\" data-sizes=\"auto\" data-srcset=\"https:\/\/saec.sp.gov.br\/wp-content\/uploads\/2026\/01\/WhatsApp-Image-2026-01-27-at-14.33.04-225x300.jpeg 225w, https:\/\/saec.sp.gov.br\/wp-content\/uploads\/2026\/01\/WhatsApp-Image-2026-01-27-at-14.33.04-600x800.jpeg 600w, https:\/\/saec.sp.gov.br\/wp-content\/uploads\/2026\/01\/WhatsApp-Image-2026-01-27-at-14.33.04-20x27.jpeg 20w, https:\/\/saec.sp.gov.br\/wp-content\/uploads\/2026\/01\/WhatsApp-Image-2026-01-27-at-14.33.04.jpeg 720w\" sizes=\"(max-width: 225px) 100vw, 225px\" \/> <img loading=\"lazy\" decoding=\"async\" class=\"alignnone size-medium wp-image-11885 lazyload\" src=\"data:image\/gif;base64,R0lGODlhAQABAAAAACH5BAEKAAEALAAAAAABAAEAAAICTAEAOw==\" data-src=\"http:\/\/saec.sp.gov.br\/wp-content\/uploads\/2026\/01\/WhatsApp-Image-2026-01-27-at-14.33.19-269x300.jpeg\" alt=\"\" width=\"269\" height=\"300\" data-sizes=\"auto\" data-srcset=\"https:\/\/saec.sp.gov.br\/wp-content\/uploads\/2026\/01\/WhatsApp-Image-2026-01-27-at-14.33.19-269x300.jpeg 269w, https:\/\/saec.sp.gov.br\/wp-content\/uploads\/2026\/01\/WhatsApp-Image-2026-01-27-at-14.33.19-917x1024.jpeg 917w, https:\/\/saec.sp.gov.br\/wp-content\/uploads\/2026\/01\/WhatsApp-Image-2026-01-27-at-14.33.19-768x857.jpeg 768w, https:\/\/saec.sp.gov.br\/wp-content\/uploads\/2026\/01\/WhatsApp-Image-2026-01-27-at-14.33.19-1100x1228.jpeg 1100w, https:\/\/saec.sp.gov.br\/wp-content\/uploads\/2026\/01\/WhatsApp-Image-2026-01-27-at-14.33.19-600x670.jpeg 600w, https:\/\/saec.sp.gov.br\/wp-content\/uploads\/2026\/01\/WhatsApp-Image-2026-01-27-at-14.33.19-20x22.jpeg 20w, https:\/\/saec.sp.gov.br\/wp-content\/uploads\/2026\/01\/WhatsApp-Image-2026-01-27-at-14.33.19.jpeg 1290w\" sizes=\"(max-width: 269px) 100vw, 269px\" \/> <img loading=\"lazy\" decoding=\"async\" class=\"alignnone size-medium wp-image-11884 lazyload\" src=\"data:image\/gif;base64,R0lGODlhAQABAAAAACH5BAEKAAEALAAAAAABAAEAAAICTAEAOw==\" data-src=\"http:\/\/saec.sp.gov.br\/wp-content\/uploads\/2026\/01\/WhatsApp-Image-2026-01-27-at-14.33.28-248x300.jpeg\" alt=\"\" width=\"248\" height=\"300\" data-sizes=\"auto\" data-srcset=\"https:\/\/saec.sp.gov.br\/wp-content\/uploads\/2026\/01\/WhatsApp-Image-2026-01-27-at-14.33.28-248x300.jpeg 248w, https:\/\/saec.sp.gov.br\/wp-content\/uploads\/2026\/01\/WhatsApp-Image-2026-01-27-at-14.33.28-847x1024.jpeg 847w, https:\/\/saec.sp.gov.br\/wp-content\/uploads\/2026\/01\/WhatsApp-Image-2026-01-27-at-14.33.28-768x929.jpeg 768w, https:\/\/saec.sp.gov.br\/wp-content\/uploads\/2026\/01\/WhatsApp-Image-2026-01-27-at-14.33.28-1270x1536.jpeg 1270w, https:\/\/saec.sp.gov.br\/wp-content\/uploads\/2026\/01\/WhatsApp-Image-2026-01-27-at-14.33.28-1100x1330.jpeg 1100w, https:\/\/saec.sp.gov.br\/wp-content\/uploads\/2026\/01\/WhatsApp-Image-2026-01-27-at-14.33.28-600x726.jpeg 600w, https:\/\/saec.sp.gov.br\/wp-content\/uploads\/2026\/01\/WhatsApp-Image-2026-01-27-at-14.33.28-20x24.jpeg 20w, https:\/\/saec.sp.gov.br\/wp-content\/uploads\/2026\/01\/WhatsApp-Image-2026-01-27-at-14.33.28.jpeg 1290w\" sizes=\"(max-width: 248px) 100vw, 248px\" \/> <img loading=\"lazy\" decoding=\"async\" class=\"alignnone size-medium wp-image-11883 lazyload\" src=\"data:image\/gif;base64,R0lGODlhAQABAAAAACH5BAEKAAEALAAAAAABAAEAAAICTAEAOw==\" data-src=\"http:\/\/saec.sp.gov.br\/wp-content\/uploads\/2026\/01\/WhatsApp-Image-2026-01-27-at-14.33.38-264x300.jpeg\" alt=\"\" width=\"264\" height=\"300\" data-sizes=\"auto\" data-srcset=\"https:\/\/saec.sp.gov.br\/wp-content\/uploads\/2026\/01\/WhatsApp-Image-2026-01-27-at-14.33.38-264x300.jpeg 264w, https:\/\/saec.sp.gov.br\/wp-content\/uploads\/2026\/01\/WhatsApp-Image-2026-01-27-at-14.33.38-902x1024.jpeg 902w, https:\/\/saec.sp.gov.br\/wp-content\/uploads\/2026\/01\/WhatsApp-Image-2026-01-27-at-14.33.38-768x872.jpeg 768w, https:\/\/saec.sp.gov.br\/wp-content\/uploads\/2026\/01\/WhatsApp-Image-2026-01-27-at-14.33.38-1100x1248.jpeg 1100w, https:\/\/saec.sp.gov.br\/wp-content\/uploads\/2026\/01\/WhatsApp-Image-2026-01-27-at-14.33.38-600x681.jpeg 600w, https:\/\/saec.sp.gov.br\/wp-content\/uploads\/2026\/01\/WhatsApp-Image-2026-01-27-at-14.33.38-20x23.jpeg 20w, https:\/\/saec.sp.gov.br\/wp-content\/uploads\/2026\/01\/WhatsApp-Image-2026-01-27-at-14.33.38.jpeg 1290w\" sizes=\"(max-width: 264px) 100vw, 264px\" \/><\/div>\n","protected":false},"excerpt":{"rendered":"<p>A Saec segue firme na parceria com o Instituto Eficiente Visual, refor\u00e7ando seu compromisso com a inclus\u00e3o social, a sustentabilidade e o desenvolvimento educacional e profissional da nossa comunidade. A Saec \u00e9 ponto de coleta para equipamentos de inform\u00e1tica, eletr\u00f4nicos, el\u00e9tricos, telef\u00f4nicos e similares. Entre os materiais recolhidos est\u00e3o mouses, teclados, gabinetes, l\u00e2mpadas fluorescentes, pilhas [&hellip;]<\/p>\n","protected":false},"author":12,"featured_media":11882,"comment_status":"closed","ping_status":"closed","sticky":false,"template":"","format":"standard","meta":{"footnotes":""},"categories":[41],"tags":[],"yoast_head":"<!-- This site is optimized with the Yoast SEO plugin v15.3 - https:\/\/yoast.com\/wordpress\/plugins\/seo\/ -->\n<title>Destina\u00e7\u00e3o consciente come\u00e7a aqui! - SAEC Superintendencia de Agua e Esgoto de Catanduva<\/title>\n<meta name=\"robots\" content=\"index, follow, max-snippet:-1, max-image-preview:large, max-video-preview:-1\" \/>\n<link rel=\"canonical\" href=\"https:\/\/saec.sp.gov.br\/index.php\/2026\/01\/27\/destinacao-consciente-comeca-aqui\/\" \/>\n<meta property=\"og:locale\" content=\"pt_BR\" \/>\n<meta property=\"og:type\" content=\"article\" \/>\n<meta property=\"og:title\" content=\"Destina\u00e7\u00e3o consciente come\u00e7a aqui! - SAEC Superintendencia de Agua e Esgoto de Catanduva\" \/>\n<meta property=\"og:description\" content=\"A Saec segue firme na parceria com o Instituto Eficiente Visual, refor\u00e7ando seu compromisso com a inclus\u00e3o social, a sustentabilidade e o desenvolvimento educacional e profissional da nossa comunidade. A Saec \u00e9 ponto de coleta para equipamentos de inform\u00e1tica, eletr\u00f4nicos, el\u00e9tricos, telef\u00f4nicos e similares. Entre os materiais recolhidos est\u00e3o mouses, teclados, gabinetes, l\u00e2mpadas fluorescentes, pilhas [&hellip;]\" \/>\n<meta property=\"og:url\" content=\"https:\/\/saec.sp.gov.br\/index.php\/2026\/01\/27\/destinacao-consciente-comeca-aqui\/\" \/>\n<meta property=\"og:site_name\" content=\"SAEC Superintendencia de Agua e Esgoto de Catanduva\" \/>\n<meta property=\"article:published_time\" content=\"2026-01-27T17:37:34+00:00\" \/>\n<meta property=\"og:image\" content=\"https:\/\/saec.sp.gov.br\/wp-content\/uploads\/2026\/01\/WhatsApp-Image-2026-01-27-at-14.33.47.jpeg\" \/>\n\t<meta property=\"og:image:width\" content=\"1278\" \/>\n\t<meta property=\"og:image:height\" content=\"1600\" \/>\n<meta name=\"twitter:card\" content=\"summary\" \/>\n<meta name=\"twitter:label1\" content=\"Written by\">\n\t<meta name=\"twitter:data1\" content=\"Karla Sibro\">\n\t<meta name=\"twitter:label2\" content=\"Est. reading time\">\n\t<meta name=\"twitter:data2\" content=\"1 minuto\">\n<script type=\"application\/ld+json\" class=\"yoast-schema-graph\">{\"@context\":\"https:\/\/schema.org\",\"@graph\":[{\"@type\":\"WebSite\",\"@id\":\"https:\/\/saec.sp.gov.br\/#website\",\"url\":\"https:\/\/saec.sp.gov.br\/\",\"name\":\"SAEC Superintendencia de Agua e Esgoto de Catanduva\",\"description\":\"SAEC\",\"potentialAction\":[{\"@type\":\"SearchAction\",\"target\":\"https:\/\/saec.sp.gov.br\/?s={search_term_string}\",\"query-input\":\"required name=search_term_string\"}],\"inLanguage\":\"pt-BR\"},{\"@type\":\"ImageObject\",\"@id\":\"https:\/\/saec.sp.gov.br\/index.php\/2026\/01\/27\/destinacao-consciente-comeca-aqui\/#primaryimage\",\"inLanguage\":\"pt-BR\",\"url\":\"https:\/\/saec.sp.gov.br\/wp-content\/uploads\/2026\/01\/WhatsApp-Image-2026-01-27-at-14.33.47.jpeg\",\"width\":1278,\"height\":1600},{\"@type\":\"WebPage\",\"@id\":\"https:\/\/saec.sp.gov.br\/index.php\/2026\/01\/27\/destinacao-consciente-comeca-aqui\/#webpage\",\"url\":\"https:\/\/saec.sp.gov.br\/index.php\/2026\/01\/27\/destinacao-consciente-comeca-aqui\/\",\"name\":\"Destina\\u00e7\\u00e3o consciente come\\u00e7a aqui! - SAEC Superintendencia de Agua e Esgoto de Catanduva\",\"isPartOf\":{\"@id\":\"https:\/\/saec.sp.gov.br\/#website\"},\"primaryImageOfPage\":{\"@id\":\"https:\/\/saec.sp.gov.br\/index.php\/2026\/01\/27\/destinacao-consciente-comeca-aqui\/#primaryimage\"},\"datePublished\":\"2026-01-27T17:37:34+00:00\",\"dateModified\":\"2026-01-27T17:37:34+00:00\",\"author\":{\"@id\":\"https:\/\/saec.sp.gov.br\/#\/schema\/person\/0adeb299f513c0b2fcb1812012e43dea\"},\"inLanguage\":\"pt-BR\",\"potentialAction\":[{\"@type\":\"ReadAction\",\"target\":[\"https:\/\/saec.sp.gov.br\/index.php\/2026\/01\/27\/destinacao-consciente-comeca-aqui\/\"]}]},{\"@type\":\"Person\",\"@id\":\"https:\/\/saec.sp.gov.br\/#\/schema\/person\/0adeb299f513c0b2fcb1812012e43dea\",\"name\":\"Karla Sibro\"}]}<\/script>\n<!-- \/ Yoast SEO plugin. -->","amp_validity":null,"amp_enabled":true,"_links":{"self":[{"href":"https:\/\/saec.sp.gov.br\/index.php\/wp-json\/wp\/v2\/posts\/11881"}],"collection":[{"href":"https:\/\/saec.sp.gov.br\/index.php\/wp-json\/wp\/v2\/posts"}],"about":[{"href":"https:\/\/saec.sp.gov.br\/index.php\/wp-json\/wp\/v2\/types\/post"}],"author":[{"embeddable":true,"href":"https:\/\/saec.sp.gov.br\/index.php\/wp-json\/wp\/v2\/users\/12"}],"replies":[{"embeddable":true,"href":"https:\/\/saec.sp.gov.br\/index.php\/wp-json\/wp\/v2\/comments?post=11881"}],"version-history":[{"count":1,"href":"https:\/\/saec.sp.gov.br\/index.php\/wp-json\/wp\/v2\/posts\/11881\/revisions"}],"predecessor-version":[{"id":11887,"href":"https:\/\/saec.sp.gov.br\/index.php\/wp-json\/wp\/v2\/posts\/11881\/revisions\/11887"}],"wp:featuredmedia":[{"embeddable":true,"href":"https:\/\/saec.sp.gov.br\/index.php\/wp-json\/wp\/v2\/media\/11882"}],"wp:attachment":[{"href":"https:\/\/saec.sp.gov.br\/index.php\/wp-json\/wp\/v2\/media?parent=11881"}],"wp:term":[{"taxonomy":"category","embeddable":true,"href":"https:\/\/saec.sp.gov.br\/index.php\/wp-json\/wp\/v2\/categories?post=11881"},{"taxonomy":"post_tag","embeddable":true,"href":"https:\/\/saec.sp.gov.br\/index.php\/wp-json\/wp\/v2\/tags?post=11881"}],"curies":[{"name":"wp","href":"https:\/\/api.w.org\/{rel}","templated":true}]}}