{"id":11888,"date":"2026-01-27T14:39:59","date_gmt":"2026-01-27T17:39:59","guid":{"rendered":"https:\/\/saec.sp.gov.br\/?p=11888"},"modified":"2026-01-27T14:39:59","modified_gmt":"2026-01-27T17:39:59","slug":"manutencao-em-acao-no-poco-1","status":"publish","type":"post","link":"https:\/\/saec.sp.gov.br\/index.php\/2026\/01\/27\/manutencao-em-acao-no-poco-1\/","title":{"rendered":"MANUTEN\u00c7\u00c3O EM A\u00c7\u00c3O NO PO\u00c7O 1"},"content":{"rendered":"<div class=\"xdj266r x14z9mp xat24cr x1lziwak x1vvkbs x126k92a\">\n<div dir=\"auto\">Equipes da el\u00e9trica da Saec e de empresa terceirizada, iniciaram nesta ter\u00e7a-feira (27), a manuten\u00e7\u00e3o no Po\u00e7o 1 da Unidade de Capta\u00e7\u00e3o S\u00e3o Vicente de Paula (UC-1), com trabalhos programados at\u00e9 sexta-feira, dia 30.<\/div>\n<div dir=\"auto\"><\/div>\n<\/div>\n<div class=\"x14z9mp xat24cr x1lziwak x1vvkbs xtlvy1s x126k92a\">\n<div dir=\"auto\">A interven\u00e7\u00e3o inclui a retirada da bomba para fazer a manuten\u00e7\u00e3o e tamb\u00e9m arealiza\u00e7\u00e3o de um estudo t\u00e9cnico de sondagem em toda extens\u00e3o da tubula\u00e7\u00e3o. O equipamento percorrer\u00e1 aproximadamente 25O metros de profundidade, exigindo um trabalho altamente especializado.<\/div>\n<div dir=\"auto\"><\/div>\n<div dir=\"auto\">\u00a0Gra\u00e7as ao sistema de automa\u00e7\u00e3o, o abastecimento est\u00e1 sendo remanejado e n\u00e3o haver\u00e1 falta de \u00e1gua para a popula\u00e7\u00e3o.<\/div>\n<div dir=\"auto\"><\/div>\n<\/div>\n<div class=\"x14z9mp xat24cr x1lziwak x1vvkbs xtlvy1s x126k92a\">\n<div dir=\"auto\">Planejamento, tecnologia e compromisso com a qualidade do abastecimento!<\/div>\n<\/div>\n<div dir=\"auto\"><\/div>\n<div dir=\"auto\"><img loading=\"lazy\" decoding=\"async\" class=\"alignnone size-medium wp-image-11889 lazyload\" src=\"data:image\/gif;base64,R0lGODlhAQABAAAAACH5BAEKAAEALAAAAAABAAEAAAICTAEAOw==\" data-src=\"http:\/\/saec.sp.gov.br\/wp-content\/uploads\/2026\/01\/WhatsApp-Image-2026-01-27-at-14.35.42-225x300.jpeg\" alt=\"\" width=\"225\" height=\"300\" data-sizes=\"auto\" data-srcset=\"https:\/\/saec.sp.gov.br\/wp-content\/uploads\/2026\/01\/WhatsApp-Image-2026-01-27-at-14.35.42-225x300.jpeg 225w, https:\/\/saec.sp.gov.br\/wp-content\/uploads\/2026\/01\/WhatsApp-Image-2026-01-27-at-14.35.42-768x1024.jpeg 768w, https:\/\/saec.sp.gov.br\/wp-content\/uploads\/2026\/01\/WhatsApp-Image-2026-01-27-at-14.35.42-1152x1536.jpeg 1152w, https:\/\/saec.sp.gov.br\/wp-content\/uploads\/2026\/01\/WhatsApp-Image-2026-01-27-at-14.35.42-1100x1467.jpeg 1100w, https:\/\/saec.sp.gov.br\/wp-content\/uploads\/2026\/01\/WhatsApp-Image-2026-01-27-at-14.35.42-600x800.jpeg 600w, https:\/\/saec.sp.gov.br\/wp-content\/uploads\/2026\/01\/WhatsApp-Image-2026-01-27-at-14.35.42-20x27.jpeg 20w, https:\/\/saec.sp.gov.br\/wp-content\/uploads\/2026\/01\/WhatsApp-Image-2026-01-27-at-14.35.42.jpeg 1200w\" sizes=\"(max-width: 225px) 100vw, 225px\" \/><\/div>\n","protected":false},"excerpt":{"rendered":"<p>Equipes da el\u00e9trica da Saec e de empresa terceirizada, iniciaram nesta ter\u00e7a-feira (27), a manuten\u00e7\u00e3o no Po\u00e7o 1 da Unidade de Capta\u00e7\u00e3o S\u00e3o Vicente de Paula (UC-1), com trabalhos programados at\u00e9 sexta-feira, dia 30. A interven\u00e7\u00e3o inclui a retirada da bomba para fazer a manuten\u00e7\u00e3o e tamb\u00e9m arealiza\u00e7\u00e3o de um estudo t\u00e9cnico de sondagem em [&hellip;]<\/p>\n","protected":false},"author":12,"featured_media":11890,"comment_status":"closed","ping_status":"closed","sticky":false,"template":"","format":"standard","meta":{"footnotes":""},"categories":[41],"tags":[],"yoast_head":"<!-- This site is optimized with the Yoast SEO plugin v15.3 - https:\/\/yoast.com\/wordpress\/plugins\/seo\/ -->\n<title>MANUTEN\u00c7\u00c3O EM A\u00c7\u00c3O NO PO\u00c7O 1 - SAEC Superintendencia de Agua e Esgoto de Catanduva<\/title>\n<meta name=\"robots\" content=\"index, follow, max-snippet:-1, max-image-preview:large, max-video-preview:-1\" \/>\n<link rel=\"canonical\" href=\"https:\/\/saec.sp.gov.br\/index.php\/2026\/01\/27\/manutencao-em-acao-no-poco-1\/\" \/>\n<meta property=\"og:locale\" content=\"pt_BR\" \/>\n<meta property=\"og:type\" content=\"article\" \/>\n<meta property=\"og:title\" content=\"MANUTEN\u00c7\u00c3O EM A\u00c7\u00c3O NO PO\u00c7O 1 - SAEC Superintendencia de Agua e Esgoto de Catanduva\" \/>\n<meta property=\"og:description\" content=\"Equipes da el\u00e9trica da Saec e de empresa terceirizada, iniciaram nesta ter\u00e7a-feira (27), a manuten\u00e7\u00e3o no Po\u00e7o 1 da Unidade de Capta\u00e7\u00e3o S\u00e3o Vicente de Paula (UC-1), com trabalhos programados at\u00e9 sexta-feira, dia 30. A interven\u00e7\u00e3o inclui a retirada da bomba para fazer a manuten\u00e7\u00e3o e tamb\u00e9m arealiza\u00e7\u00e3o de um estudo t\u00e9cnico de sondagem em [&hellip;]\" \/>\n<meta property=\"og:url\" content=\"https:\/\/saec.sp.gov.br\/index.php\/2026\/01\/27\/manutencao-em-acao-no-poco-1\/\" \/>\n<meta property=\"og:site_name\" content=\"SAEC Superintendencia de Agua e Esgoto de Catanduva\" \/>\n<meta property=\"article:published_time\" content=\"2026-01-27T17:39:59+00:00\" \/>\n<meta property=\"og:image\" content=\"https:\/\/saec.sp.gov.br\/wp-content\/uploads\/2026\/01\/WhatsApp-Image-2026-01-27-at-14.35.32.jpeg\" \/>\n\t<meta property=\"og:image:width\" content=\"1200\" \/>\n\t<meta property=\"og:image:height\" content=\"1600\" \/>\n<meta name=\"twitter:card\" content=\"summary\" \/>\n<meta name=\"twitter:label1\" content=\"Written by\">\n\t<meta name=\"twitter:data1\" content=\"Karla Sibro\">\n\t<meta name=\"twitter:label2\" content=\"Est. reading time\">\n\t<meta name=\"twitter:data2\" content=\"0 minuto\">\n<script type=\"application\/ld+json\" class=\"yoast-schema-graph\">{\"@context\":\"https:\/\/schema.org\",\"@graph\":[{\"@type\":\"WebSite\",\"@id\":\"https:\/\/saec.sp.gov.br\/#website\",\"url\":\"https:\/\/saec.sp.gov.br\/\",\"name\":\"SAEC Superintendencia de Agua e Esgoto de Catanduva\",\"description\":\"SAEC\",\"potentialAction\":[{\"@type\":\"SearchAction\",\"target\":\"https:\/\/saec.sp.gov.br\/?s={search_term_string}\",\"query-input\":\"required name=search_term_string\"}],\"inLanguage\":\"pt-BR\"},{\"@type\":\"ImageObject\",\"@id\":\"https:\/\/saec.sp.gov.br\/index.php\/2026\/01\/27\/manutencao-em-acao-no-poco-1\/#primaryimage\",\"inLanguage\":\"pt-BR\",\"url\":\"https:\/\/saec.sp.gov.br\/wp-content\/uploads\/2026\/01\/WhatsApp-Image-2026-01-27-at-14.35.32.jpeg\",\"width\":1200,\"height\":1600},{\"@type\":\"WebPage\",\"@id\":\"https:\/\/saec.sp.gov.br\/index.php\/2026\/01\/27\/manutencao-em-acao-no-poco-1\/#webpage\",\"url\":\"https:\/\/saec.sp.gov.br\/index.php\/2026\/01\/27\/manutencao-em-acao-no-poco-1\/\",\"name\":\"MANUTEN\\u00c7\\u00c3O EM A\\u00c7\\u00c3O NO PO\\u00c7O 1 - SAEC Superintendencia de Agua e Esgoto de Catanduva\",\"isPartOf\":{\"@id\":\"https:\/\/saec.sp.gov.br\/#website\"},\"primaryImageOfPage\":{\"@id\":\"https:\/\/saec.sp.gov.br\/index.php\/2026\/01\/27\/manutencao-em-acao-no-poco-1\/#primaryimage\"},\"datePublished\":\"2026-01-27T17:39:59+00:00\",\"dateModified\":\"2026-01-27T17:39:59+00:00\",\"author\":{\"@id\":\"https:\/\/saec.sp.gov.br\/#\/schema\/person\/0adeb299f513c0b2fcb1812012e43dea\"},\"inLanguage\":\"pt-BR\",\"potentialAction\":[{\"@type\":\"ReadAction\",\"target\":[\"https:\/\/saec.sp.gov.br\/index.php\/2026\/01\/27\/manutencao-em-acao-no-poco-1\/\"]}]},{\"@type\":\"Person\",\"@id\":\"https:\/\/saec.sp.gov.br\/#\/schema\/person\/0adeb299f513c0b2fcb1812012e43dea\",\"name\":\"Karla Sibro\"}]}<\/script>\n<!-- \/ Yoast SEO plugin. -->","amp_validity":null,"amp_enabled":true,"_links":{"self":[{"href":"https:\/\/saec.sp.gov.br\/index.php\/wp-json\/wp\/v2\/posts\/11888"}],"collection":[{"href":"https:\/\/saec.sp.gov.br\/index.php\/wp-json\/wp\/v2\/posts"}],"about":[{"href":"https:\/\/saec.sp.gov.br\/index.php\/wp-json\/wp\/v2\/types\/post"}],"author":[{"embeddable":true,"href":"https:\/\/saec.sp.gov.br\/index.php\/wp-json\/wp\/v2\/users\/12"}],"replies":[{"embeddable":true,"href":"https:\/\/saec.sp.gov.br\/index.php\/wp-json\/wp\/v2\/comments?post=11888"}],"version-history":[{"count":1,"href":"https:\/\/saec.sp.gov.br\/index.php\/wp-json\/wp\/v2\/posts\/11888\/revisions"}],"predecessor-version":[{"id":11891,"href":"https:\/\/saec.sp.gov.br\/index.php\/wp-json\/wp\/v2\/posts\/11888\/revisions\/11891"}],"wp:featuredmedia":[{"embeddable":true,"href":"https:\/\/saec.sp.gov.br\/index.php\/wp-json\/wp\/v2\/media\/11890"}],"wp:attachment":[{"href":"https:\/\/saec.sp.gov.br\/index.php\/wp-json\/wp\/v2\/media?parent=11888"}],"wp:term":[{"taxonomy":"category","embeddable":true,"href":"https:\/\/saec.sp.gov.br\/index.php\/wp-json\/wp\/v2\/categories?post=11888"},{"taxonomy":"post_tag","embeddable":true,"href":"https:\/\/saec.sp.gov.br\/index.php\/wp-json\/wp\/v2\/tags?post=11888"}],"curies":[{"name":"wp","href":"https:\/\/api.w.org\/{rel}","templated":true}]}}