{"id":1201,"date":"2017-06-14T16:35:59","date_gmt":"2017-06-14T16:35:59","guid":{"rendered":"http:\/\/saec.sp.gov.br\/?p=1201"},"modified":"2020-11-23T15:09:03","modified_gmt":"2020-11-23T15:09:03","slug":"medidores-de-vazao-de-agua-serao-substituidos-ate-o-final-do-ano","status":"publish","type":"post","link":"https:\/\/saec.sp.gov.br\/index.php\/2017\/06\/14\/medidores-de-vazao-de-agua-serao-substituidos-ate-o-final-do-ano\/","title":{"rendered":"Medidores de vaz\u00e3o de \u00e1gua ser\u00e3o substitu\u00eddos at\u00e9 o final do ano."},"content":{"rendered":"<p>Os equipamentos respons\u00e1veis pela medi\u00e7\u00e3o da vaz\u00e3o de \u00e1gua produzida na cidade, localizados na sa\u00edda de cada um dos 63 po\u00e7os profundos da SAEC (Superintend\u00eancia de \u00c1gua e Esgoto de Catanduva), ser\u00e3o substitu\u00eddos at\u00e9 o final de 2017. Os modelos que operam atualmente s\u00e3o mec\u00e2nicos e est\u00e3o sendo trocados por outros eletromagn\u00e9ticos. O investimento \u00e9 de aproximadamente R$ 500 mil.<\/p>\n<p>As substitui\u00e7\u00f5es j\u00e1 vinham sendo realizadas e foram intensificadas na atual administra\u00e7\u00e3o. O objetivo \u00e9 garantir, utilizando equipamentos dos mais modernos existentes no mercado, que as medi\u00e7\u00f5es sejam realizadas com a maior precis\u00e3o poss\u00edvel para o perfeito conhecimento da produ\u00e7\u00e3o de \u00e1gua e a verifica\u00e7\u00e3o dos \u00edndices de perdas, atrav\u00e9s da diferen\u00e7a verificada com os dados da micromedi\u00e7\u00e3o, casa a casa.<\/p>\n<p>Atualmente, a SAEC distribui em m\u00e9dia 25 milh\u00f5es de litros de \u00e1gua por dia para abastecer toda a popula\u00e7\u00e3o da \u00e1rea urbana do munic\u00edpio. A cidade conta com aproximadamente 500 quil\u00f4metros de rede de distribui\u00e7\u00e3o de \u00e1gua, abastecendo quase 50 mil liga\u00e7\u00f5es para o atendimento a cerca de 120 mil habitantes.<\/p>\n<p>A substitui\u00e7\u00e3o desses equipamentos \u00e9 importante para aumentar a efici\u00eancia da sua gest\u00e3o. &#8220;Identificando seus problemas, a SAEC pode gerenciar adequadamente seu sistema visando a redu\u00e7\u00e3o de perdas de \u00e1gua, que atualmente s\u00e3o da ordem de 25%\u201d, informou a autarquia.<\/p>\n<p>&nbsp;<\/p>\n","protected":false},"excerpt":{"rendered":"<p>Os equipamentos respons\u00e1veis pela medi\u00e7\u00e3o da vaz\u00e3o de \u00e1gua produzida na cidade, localizados na sa\u00edda de cada um dos 63 po\u00e7os profundos da SAEC (Superintend\u00eancia de \u00c1gua e Esgoto de Catanduva), ser\u00e3o substitu\u00eddos at\u00e9 o final de 2017. Os modelos que operam atualmente s\u00e3o mec\u00e2nicos e est\u00e3o sendo trocados por outros eletromagn\u00e9ticos. O investimento \u00e9 [&hellip;]<\/p>\n","protected":false},"author":2,"featured_media":1199,"comment_status":"closed","ping_status":"closed","sticky":false,"template":"","format":"standard","meta":{"footnotes":""},"categories":[41],"tags":[],"yoast_head":"<!-- This site is optimized with the Yoast SEO plugin v15.3 - https:\/\/yoast.com\/wordpress\/plugins\/seo\/ -->\n<title>Medidores de vaz\u00e3o de \u00e1gua ser\u00e3o substitu\u00eddos at\u00e9 o final do ano. - SAEC Superintendencia de Agua e Esgoto de Catanduva<\/title>\n<meta name=\"robots\" content=\"index, follow, max-snippet:-1, max-image-preview:large, max-video-preview:-1\" \/>\n<link rel=\"canonical\" href=\"https:\/\/saec.sp.gov.br\/index.php\/2017\/06\/14\/medidores-de-vazao-de-agua-serao-substituidos-ate-o-final-do-ano\/\" \/>\n<meta property=\"og:locale\" content=\"pt_BR\" \/>\n<meta property=\"og:type\" content=\"article\" \/>\n<meta property=\"og:title\" content=\"Medidores de vaz\u00e3o de \u00e1gua ser\u00e3o substitu\u00eddos at\u00e9 o final do ano. - SAEC Superintendencia de Agua e Esgoto de Catanduva\" \/>\n<meta property=\"og:description\" content=\"Os equipamentos respons\u00e1veis pela medi\u00e7\u00e3o da vaz\u00e3o de \u00e1gua produzida na cidade, localizados na sa\u00edda de cada um dos 63 po\u00e7os profundos da SAEC (Superintend\u00eancia de \u00c1gua e Esgoto de Catanduva), ser\u00e3o substitu\u00eddos at\u00e9 o final de 2017. Os modelos que operam atualmente s\u00e3o mec\u00e2nicos e est\u00e3o sendo trocados por outros eletromagn\u00e9ticos. O investimento \u00e9 [&hellip;]\" \/>\n<meta property=\"og:url\" content=\"https:\/\/saec.sp.gov.br\/index.php\/2017\/06\/14\/medidores-de-vazao-de-agua-serao-substituidos-ate-o-final-do-ano\/\" \/>\n<meta property=\"og:site_name\" content=\"SAEC Superintendencia de Agua e Esgoto de Catanduva\" \/>\n<meta property=\"article:published_time\" content=\"2017-06-14T16:35:59+00:00\" \/>\n<meta property=\"article:modified_time\" content=\"2020-11-23T15:09:03+00:00\" \/>\n<meta property=\"og:image\" content=\"https:\/\/saec.sp.gov.br\/wp-content\/uploads\/2017\/06\/240217_medidorvazao_trocas-2.jpg\" \/>\n\t<meta property=\"og:image:width\" content=\"800\" \/>\n\t<meta property=\"og:image:height\" content=\"575\" \/>\n<meta name=\"twitter:card\" content=\"summary\" \/>\n<meta name=\"twitter:label1\" content=\"Written by\">\n\t<meta name=\"twitter:data1\" content=\"Henrique Carlessi\">\n\t<meta name=\"twitter:label2\" content=\"Est. reading time\">\n\t<meta name=\"twitter:data2\" content=\"1 minuto\">\n<script type=\"application\/ld+json\" class=\"yoast-schema-graph\">{\"@context\":\"https:\/\/schema.org\",\"@graph\":[{\"@type\":\"WebSite\",\"@id\":\"https:\/\/saec.sp.gov.br\/#website\",\"url\":\"https:\/\/saec.sp.gov.br\/\",\"name\":\"SAEC Superintendencia de Agua e Esgoto de Catanduva\",\"description\":\"SAEC\",\"potentialAction\":[{\"@type\":\"SearchAction\",\"target\":\"https:\/\/saec.sp.gov.br\/?s={search_term_string}\",\"query-input\":\"required name=search_term_string\"}],\"inLanguage\":\"pt-BR\"},{\"@type\":\"ImageObject\",\"@id\":\"https:\/\/saec.sp.gov.br\/index.php\/2017\/06\/14\/medidores-de-vazao-de-agua-serao-substituidos-ate-o-final-do-ano\/#primaryimage\",\"inLanguage\":\"pt-BR\",\"url\":\"https:\/\/saec.sp.gov.br\/wp-content\/uploads\/2017\/06\/240217_medidorvazao_trocas-2.jpg\",\"width\":800,\"height\":575},{\"@type\":\"WebPage\",\"@id\":\"https:\/\/saec.sp.gov.br\/index.php\/2017\/06\/14\/medidores-de-vazao-de-agua-serao-substituidos-ate-o-final-do-ano\/#webpage\",\"url\":\"https:\/\/saec.sp.gov.br\/index.php\/2017\/06\/14\/medidores-de-vazao-de-agua-serao-substituidos-ate-o-final-do-ano\/\",\"name\":\"Medidores de vaz\\u00e3o de \\u00e1gua ser\\u00e3o substitu\\u00eddos at\\u00e9 o final do ano. - SAEC Superintendencia de Agua e Esgoto de Catanduva\",\"isPartOf\":{\"@id\":\"https:\/\/saec.sp.gov.br\/#website\"},\"primaryImageOfPage\":{\"@id\":\"https:\/\/saec.sp.gov.br\/index.php\/2017\/06\/14\/medidores-de-vazao-de-agua-serao-substituidos-ate-o-final-do-ano\/#primaryimage\"},\"datePublished\":\"2017-06-14T16:35:59+00:00\",\"dateModified\":\"2020-11-23T15:09:03+00:00\",\"author\":{\"@id\":\"https:\/\/saec.sp.gov.br\/#\/schema\/person\/c535f1c4ce07aa317d3e4512466d6e7a\"},\"inLanguage\":\"pt-BR\",\"potentialAction\":[{\"@type\":\"ReadAction\",\"target\":[\"https:\/\/saec.sp.gov.br\/index.php\/2017\/06\/14\/medidores-de-vazao-de-agua-serao-substituidos-ate-o-final-do-ano\/\"]}]},{\"@type\":\"Person\",\"@id\":\"https:\/\/saec.sp.gov.br\/#\/schema\/person\/c535f1c4ce07aa317d3e4512466d6e7a\",\"name\":\"Henrique Carlessi\",\"sameAs\":[\"http:\/\/saec.sp.gov.br\"]}]}<\/script>\n<!-- \/ Yoast SEO plugin. -->","amp_validity":null,"amp_enabled":true,"_links":{"self":[{"href":"https:\/\/saec.sp.gov.br\/index.php\/wp-json\/wp\/v2\/posts\/1201"}],"collection":[{"href":"https:\/\/saec.sp.gov.br\/index.php\/wp-json\/wp\/v2\/posts"}],"about":[{"href":"https:\/\/saec.sp.gov.br\/index.php\/wp-json\/wp\/v2\/types\/post"}],"author":[{"embeddable":true,"href":"https:\/\/saec.sp.gov.br\/index.php\/wp-json\/wp\/v2\/users\/2"}],"replies":[{"embeddable":true,"href":"https:\/\/saec.sp.gov.br\/index.php\/wp-json\/wp\/v2\/comments?post=1201"}],"version-history":[{"count":2,"href":"https:\/\/saec.sp.gov.br\/index.php\/wp-json\/wp\/v2\/posts\/1201\/revisions"}],"predecessor-version":[{"id":1203,"href":"https:\/\/saec.sp.gov.br\/index.php\/wp-json\/wp\/v2\/posts\/1201\/revisions\/1203"}],"wp:featuredmedia":[{"embeddable":true,"href":"https:\/\/saec.sp.gov.br\/index.php\/wp-json\/wp\/v2\/media\/1199"}],"wp:attachment":[{"href":"https:\/\/saec.sp.gov.br\/index.php\/wp-json\/wp\/v2\/media?parent=1201"}],"wp:term":[{"taxonomy":"category","embeddable":true,"href":"https:\/\/saec.sp.gov.br\/index.php\/wp-json\/wp\/v2\/categories?post=1201"},{"taxonomy":"post_tag","embeddable":true,"href":"https:\/\/saec.sp.gov.br\/index.php\/wp-json\/wp\/v2\/tags?post=1201"}],"curies":[{"name":"wp","href":"https:\/\/api.w.org\/{rel}","templated":true}]}}