{"id":12102,"date":"2026-03-09T17:06:59","date_gmt":"2026-03-09T20:06:59","guid":{"rendered":"https:\/\/saec.sp.gov.br\/?p=12102"},"modified":"2026-03-10T09:37:32","modified_gmt":"2026-03-10T12:37:32","slug":"interrupcao-programada-no-abastecimento-em-10-03-2026-confira-os-locais-afetados","status":"publish","type":"post","link":"https:\/\/saec.sp.gov.br\/index.php\/2026\/03\/09\/interrupcao-programada-no-abastecimento-em-10-03-2026-confira-os-locais-afetados\/","title":{"rendered":"INTERRUP\u00c7\u00c3O PROGRAMADA NO ABASTECIMENTO EM 10\/03\/2026 &#8211; CONFIRA OS LOCAIS AFETADOS"},"content":{"rendered":"<div class=\"xdj266r x14z9mp xat24cr x1lziwak x1vvkbs x126k92a\">\n<div dir=\"auto\">Aten\u00e7\u00e3o, moradores! Nesta ter\u00e7a-feira, dia 10 de mar\u00e7o, a partir das 7h, haver\u00e1 interrup\u00e7\u00e3o no fornecimento de \u00e1gua na regi\u00e3o atendida pela Unidade de Reserva\u00e7\u00e3o Del Rey (UR-26).<\/div>\n<\/div>\n<div class=\"x14z9mp xat24cr x1lziwak x1vvkbs xtlvy1s x126k92a\">\n<div dir=\"auto\"><\/div>\n<div dir=\"auto\">Bairros afetados:<\/div>\n<div dir=\"auto\">Jardim Del Rey, Residencial Top Life, Agudo Rom\u00e3o, Joaquim Lopes e MRV \u2013 Parque Casa Pienza e Casa Nova.<\/div>\n<\/div>\n<div class=\"x14z9mp xat24cr x1lziwak x1vvkbs xtlvy1s x126k92a\">\n<div dir=\"auto\"><\/div>\n<div dir=\"auto\">A interrup\u00e7\u00e3o ocorre devido a manuten\u00e7\u00e3o e instala\u00e7\u00e3o de bombas da nova adutora para um empreendimento da cidade, realizada pela equipe t\u00e9cnica do pr\u00f3prio condom\u00ednio. Equipe da Saec acompanhar\u00e1 os trabalhos.<\/div>\n<\/div>\n<div class=\"x14z9mp xat24cr x1lziwak x1vvkbs xtlvy1s x126k92a\">\n<div dir=\"auto\"><\/div>\n<div dir=\"auto\">A previs\u00e3o de retorno do abastecimento \u00e9 \u00e0s 12h.<\/div>\n<\/div>\n<div class=\"x14z9mp xat24cr x1lziwak x1vvkbs xtlvy1s x126k92a\">\n<div dir=\"auto\"><\/div>\n<div dir=\"auto\">Dica importante: economize \u00e1gua durante esse per\u00edodo para evitar desabastecimento em sua resid\u00eancia!<\/div>\n<\/div>\n<div class=\"x14z9mp xat24cr x1lziwak x1vvkbs xtlvy1s x126k92a\">\n<div dir=\"auto\"><\/div>\n<div dir=\"auto\">Contamos com a compreens\u00e3o de todos.<\/div>\n<\/div>\n","protected":false},"excerpt":{"rendered":"<p>Aten\u00e7\u00e3o, moradores! Nesta ter\u00e7a-feira, dia 10 de mar\u00e7o, a partir das 7h, haver\u00e1 interrup\u00e7\u00e3o no fornecimento de \u00e1gua na regi\u00e3o atendida pela Unidade de Reserva\u00e7\u00e3o Del Rey (UR-26). Bairros afetados: Jardim Del Rey, Residencial Top Life, Agudo Rom\u00e3o, Joaquim Lopes e MRV \u2013 Parque Casa Pienza e Casa Nova. A interrup\u00e7\u00e3o ocorre devido a manuten\u00e7\u00e3o [&hellip;]<\/p>\n","protected":false},"author":12,"featured_media":12092,"comment_status":"closed","ping_status":"closed","sticky":false,"template":"","format":"standard","meta":{"footnotes":""},"categories":[49],"tags":[],"yoast_head":"<!-- This site is optimized with the Yoast SEO plugin v15.3 - https:\/\/yoast.com\/wordpress\/plugins\/seo\/ -->\n<title>INTERRUP\u00c7\u00c3O PROGRAMADA NO ABASTECIMENTO EM 10\/03\/2026 - CONFIRA OS LOCAIS AFETADOS - SAEC Superintendencia de Agua e Esgoto de Catanduva<\/title>\n<meta name=\"robots\" content=\"index, follow, max-snippet:-1, max-image-preview:large, max-video-preview:-1\" \/>\n<link rel=\"canonical\" href=\"https:\/\/saec.sp.gov.br\/index.php\/2026\/03\/09\/interrupcao-programada-no-abastecimento-em-10-03-2026-confira-os-locais-afetados\/\" \/>\n<meta property=\"og:locale\" content=\"pt_BR\" \/>\n<meta property=\"og:type\" content=\"article\" \/>\n<meta property=\"og:title\" content=\"INTERRUP\u00c7\u00c3O PROGRAMADA NO ABASTECIMENTO EM 10\/03\/2026 - CONFIRA OS LOCAIS AFETADOS - SAEC Superintendencia de Agua e Esgoto de Catanduva\" \/>\n<meta property=\"og:description\" content=\"Aten\u00e7\u00e3o, moradores! Nesta ter\u00e7a-feira, dia 10 de mar\u00e7o, a partir das 7h, haver\u00e1 interrup\u00e7\u00e3o no fornecimento de \u00e1gua na regi\u00e3o atendida pela Unidade de Reserva\u00e7\u00e3o Del Rey (UR-26). Bairros afetados: Jardim Del Rey, Residencial Top Life, Agudo Rom\u00e3o, Joaquim Lopes e MRV \u2013 Parque Casa Pienza e Casa Nova. A interrup\u00e7\u00e3o ocorre devido a manuten\u00e7\u00e3o [&hellip;]\" \/>\n<meta property=\"og:url\" content=\"https:\/\/saec.sp.gov.br\/index.php\/2026\/03\/09\/interrupcao-programada-no-abastecimento-em-10-03-2026-confira-os-locais-afetados\/\" \/>\n<meta property=\"og:site_name\" content=\"SAEC Superintendencia de Agua e Esgoto de Catanduva\" \/>\n<meta property=\"article:published_time\" content=\"2026-03-09T20:06:59+00:00\" \/>\n<meta property=\"article:modified_time\" content=\"2026-03-10T12:37:32+00:00\" \/>\n<meta property=\"og:image\" content=\"https:\/\/saec.sp.gov.br\/wp-content\/uploads\/2026\/02\/desabastecimento.jpg\" \/>\n\t<meta property=\"og:image:width\" content=\"1079\" \/>\n\t<meta property=\"og:image:height\" content=\"1079\" \/>\n<meta name=\"twitter:card\" content=\"summary\" \/>\n<meta name=\"twitter:label1\" content=\"Written by\">\n\t<meta name=\"twitter:data1\" content=\"Karla Sibro\">\n\t<meta name=\"twitter:label2\" content=\"Est. reading time\">\n\t<meta name=\"twitter:data2\" content=\"0 minuto\">\n<script type=\"application\/ld+json\" class=\"yoast-schema-graph\">{\"@context\":\"https:\/\/schema.org\",\"@graph\":[{\"@type\":\"WebSite\",\"@id\":\"https:\/\/saec.sp.gov.br\/#website\",\"url\":\"https:\/\/saec.sp.gov.br\/\",\"name\":\"SAEC Superintendencia de Agua e Esgoto de Catanduva\",\"description\":\"SAEC\",\"potentialAction\":[{\"@type\":\"SearchAction\",\"target\":\"https:\/\/saec.sp.gov.br\/?s={search_term_string}\",\"query-input\":\"required name=search_term_string\"}],\"inLanguage\":\"pt-BR\"},{\"@type\":\"ImageObject\",\"@id\":\"https:\/\/saec.sp.gov.br\/index.php\/2026\/03\/09\/interrupcao-programada-no-abastecimento-em-10-03-2026-confira-os-locais-afetados\/#primaryimage\",\"inLanguage\":\"pt-BR\",\"url\":\"https:\/\/saec.sp.gov.br\/wp-content\/uploads\/2026\/02\/desabastecimento.jpg\",\"width\":1079,\"height\":1079},{\"@type\":\"WebPage\",\"@id\":\"https:\/\/saec.sp.gov.br\/index.php\/2026\/03\/09\/interrupcao-programada-no-abastecimento-em-10-03-2026-confira-os-locais-afetados\/#webpage\",\"url\":\"https:\/\/saec.sp.gov.br\/index.php\/2026\/03\/09\/interrupcao-programada-no-abastecimento-em-10-03-2026-confira-os-locais-afetados\/\",\"name\":\"INTERRUP\\u00c7\\u00c3O PROGRAMADA NO ABASTECIMENTO EM 10\/03\/2026 - CONFIRA OS LOCAIS AFETADOS - SAEC Superintendencia de Agua e Esgoto de Catanduva\",\"isPartOf\":{\"@id\":\"https:\/\/saec.sp.gov.br\/#website\"},\"primaryImageOfPage\":{\"@id\":\"https:\/\/saec.sp.gov.br\/index.php\/2026\/03\/09\/interrupcao-programada-no-abastecimento-em-10-03-2026-confira-os-locais-afetados\/#primaryimage\"},\"datePublished\":\"2026-03-09T20:06:59+00:00\",\"dateModified\":\"2026-03-10T12:37:32+00:00\",\"author\":{\"@id\":\"https:\/\/saec.sp.gov.br\/#\/schema\/person\/0adeb299f513c0b2fcb1812012e43dea\"},\"inLanguage\":\"pt-BR\",\"potentialAction\":[{\"@type\":\"ReadAction\",\"target\":[\"https:\/\/saec.sp.gov.br\/index.php\/2026\/03\/09\/interrupcao-programada-no-abastecimento-em-10-03-2026-confira-os-locais-afetados\/\"]}]},{\"@type\":\"Person\",\"@id\":\"https:\/\/saec.sp.gov.br\/#\/schema\/person\/0adeb299f513c0b2fcb1812012e43dea\",\"name\":\"Karla Sibro\"}]}<\/script>\n<!-- \/ Yoast SEO plugin. -->","amp_validity":null,"amp_enabled":true,"_links":{"self":[{"href":"https:\/\/saec.sp.gov.br\/index.php\/wp-json\/wp\/v2\/posts\/12102"}],"collection":[{"href":"https:\/\/saec.sp.gov.br\/index.php\/wp-json\/wp\/v2\/posts"}],"about":[{"href":"https:\/\/saec.sp.gov.br\/index.php\/wp-json\/wp\/v2\/types\/post"}],"author":[{"embeddable":true,"href":"https:\/\/saec.sp.gov.br\/index.php\/wp-json\/wp\/v2\/users\/12"}],"replies":[{"embeddable":true,"href":"https:\/\/saec.sp.gov.br\/index.php\/wp-json\/wp\/v2\/comments?post=12102"}],"version-history":[{"count":1,"href":"https:\/\/saec.sp.gov.br\/index.php\/wp-json\/wp\/v2\/posts\/12102\/revisions"}],"predecessor-version":[{"id":12103,"href":"https:\/\/saec.sp.gov.br\/index.php\/wp-json\/wp\/v2\/posts\/12102\/revisions\/12103"}],"wp:featuredmedia":[{"embeddable":true,"href":"https:\/\/saec.sp.gov.br\/index.php\/wp-json\/wp\/v2\/media\/12092"}],"wp:attachment":[{"href":"https:\/\/saec.sp.gov.br\/index.php\/wp-json\/wp\/v2\/media?parent=12102"}],"wp:term":[{"taxonomy":"category","embeddable":true,"href":"https:\/\/saec.sp.gov.br\/index.php\/wp-json\/wp\/v2\/categories?post=12102"},{"taxonomy":"post_tag","embeddable":true,"href":"https:\/\/saec.sp.gov.br\/index.php\/wp-json\/wp\/v2\/tags?post=12102"}],"curies":[{"name":"wp","href":"https:\/\/api.w.org\/{rel}","templated":true}]}}