{"id":12105,"date":"2026-03-10T09:47:45","date_gmt":"2026-03-10T12:47:45","guid":{"rendered":"https:\/\/saec.sp.gov.br\/?p=12105"},"modified":"2026-03-10T09:47:45","modified_gmt":"2026-03-10T12:47:45","slug":"semana-da-agua-2026-confira-a-programacao","status":"publish","type":"post","link":"https:\/\/saec.sp.gov.br\/index.php\/2026\/03\/10\/semana-da-agua-2026-confira-a-programacao\/","title":{"rendered":"SEMANA DA \u00c1GUA 2026 &#8211; CONFIRA A PROGRAMA\u00c7\u00c3O"},"content":{"rendered":"<div class=\"xdj266r x14z9mp xat24cr x1lziwak x1vvkbs x126k92a\">\n<div dir=\"auto\">Vem a\u00ed! A Saec preparou uma agenda cheia de atividades para celebrar o Dia Mundial da \u00c1gua, comemorado no dia 22 de mar\u00e7o, momento especial para refor\u00e7ar a import\u00e2ncia desse recurso essencial para a vida.<\/div>\n<div dir=\"auto\"><\/div>\n<\/div>\n<div class=\"x14z9mp xat24cr x1lziwak x1vvkbs xtlvy1s x126k92a\">\n<div dir=\"auto\">Confira a programa\u00e7\u00e3o:<\/div>\n<\/div>\n<div class=\"x14z9mp xat24cr x1lziwak x1vvkbs xtlvy1s x126k92a\">\n<div dir=\"auto\">16\/03 \u2013 Segunda-feira &#8211; A programa\u00e7\u00e3o come\u00e7a com um momento especial para as crian\u00e7as do projeto ABC do Saber, que assistir\u00e3o \u00e0 pe\u00e7a teatral \u201cA Gotinha\u201d, apresentada pelo grupo \u00d3 do Borogod\u00f3. De forma l\u00fadica e divertida, o espet\u00e1culo mostra a import\u00e2ncia da \u00e1gua e da sua preserva\u00e7\u00e3o. A atividade \u00e9 um oferecimento do Sesc Catanduva.<\/div>\n<\/div>\n<div class=\"x14z9mp xat24cr x1lziwak x1vvkbs xtlvy1s x126k92a\">\n<div dir=\"auto\"><\/div>\n<div dir=\"auto\">17\/03 \u2013 Ter\u00e7a-feira:<\/div>\n<div dir=\"auto\">A carreta-escola do Senai promete dar um verdadeiro show de sustentabilidade!<\/div>\n<div dir=\"auto\">Uma palestra de 30 minutos proporcionar\u00e1 uma experi\u00eancia imersiva e interativa, mostrando na pr\u00e1tica os benef\u00edcios da Economia Circular. A carreta estar\u00e1 estacionada na sede da Saec, na rua S\u00e3o Paulo, 1.108.<\/div>\n<\/div>\n<div class=\"x14z9mp xat24cr x1lziwak x1vvkbs xtlvy1s x126k92a\">\n<div dir=\"auto\"><\/div>\n<div dir=\"auto\">A\u00e7\u00e3o paralela:<\/div>\n<div dir=\"auto\">A Secretaria Municipal de Meio Ambiente e Agricultura realizar\u00e1 o plantio de \u00e1rvores nas escolas municipais, por meio do Projeto Plantando \u00c1gua. <span class=\"html-span xexx8yu xyri2b x18d9i69 x1c1uobl x1hl2dhg x16tdsg8 x1vvkbs x3nfvp2 x1j61x8r x1fcty0u xdj266r xat24cr xm2jcoa x1mpyi22 xxymvpz xlup9mm x1kky2od\"><img loading=\"lazy\" decoding=\"async\" class=\"xz74otr x15mokao x1ga7v0g x16uus16 xbiv7yw lazyload\" src=\"data:image\/gif;base64,R0lGODlhAQABAAAAACH5BAEKAAEALAAAAAABAAEAAAICTAEAOw==\" data-src=\"https:\/\/static.xx.fbcdn.net\/images\/emoji.php\/v9\/tc1\/1\/16\/1f4a6.png\" alt=\"\ud83d\udca6\" width=\"16\" height=\"16\" \/><\/span><\/div>\n<\/div>\n<div class=\"x14z9mp xat24cr x1lziwak x1vvkbs xtlvy1s x126k92a\">\n<div dir=\"auto\"><\/div>\n<div dir=\"auto\">19\/03 \u2013 Educa\u00e7\u00e3o ambiental<\/div>\n<div dir=\"auto\">A equipe da SAEC ministrar\u00e1, a convite, uma palestra para crian\u00e7as de um col\u00e9gio de Catanduva, levando conscientiza\u00e7\u00e3o desde cedo.<\/div>\n<\/div>\n<div class=\"x14z9mp xat24cr x1lziwak x1vvkbs xtlvy1s x126k92a\">\n<div dir=\"auto\"><\/div>\n<div dir=\"auto\">20\/03 \u2013 4\u00ba Simp\u00f3sio da SAEC<\/div>\n<div dir=\"auto\">Um dos momentos mais aguardados da programa\u00e7\u00e3o! O evento ser\u00e1 realizado no Teatro Municipal Aniz Pach\u00e1, reunindo conhecimento, debate e reflex\u00f5es sobre o futuro da \u00e1gua.<\/div>\n<\/div>\n<div class=\"x14z9mp xat24cr x1lziwak x1vvkbs xtlvy1s x126k92a\">\n<div dir=\"auto\"><\/div>\n<\/div>\n<div class=\"x14z9mp xat24cr x1lziwak x1vvkbs xtlvy1s x126k92a\">\n<div dir=\"auto\">26\/03 \u2013 Cine Debate no Senac<\/div>\n<\/div>\n<div class=\"x14z9mp xat24cr x1lziwak x1vvkbs xtlvy1s x126k92a\">\n<div dir=\"auto\">Encerrando a programa\u00e7\u00e3o, o p\u00fablico poder\u00e1 participar do Cine Debate, com a exibi\u00e7\u00e3o do filme \u201c\u00c1guas que me tocam\u201d, seguida de reflex\u00f5es sobre nossa rela\u00e7\u00e3o com a \u00e1gua.<\/div>\n<\/div>\n<div dir=\"auto\">\n<div class=\"x14z9mp xat24cr x1lziwak x1vvkbs xtlvy1s x126k92a\">\n<div dir=\"auto\"><\/div>\n<div dir=\"auto\">Durante todo o m\u00eas &#8211;\u00a0Est\u00e3o acontecendo visitas agendadas \u00e0 Esta\u00e7\u00e3o de Tratamento de Esgoto da SAEC, uma oportunidade de conhecer de perto como funciona o tratamento de esgoto e a import\u00e2ncia desse processo para o meio ambiente.<\/div>\n<div dir=\"auto\"><\/div>\n<\/div>\n<div class=\"x14z9mp xat24cr x1lziwak x1vvkbs xtlvy1s x126k92a\">\n<div dir=\"auto\">A iniciativa da Saec em parceria com a <span class=\"html-span xdj266r x14z9mp xat24cr x1lziwak xexx8yu xyri2b x18d9i69 x1c1uobl x1hl2dhg x16tdsg8 x1vvkbs\"><a class=\"x1i10hfl xjbqb8w x1ejq31n x18oe1m7 x1sy0etr xstzfhl x972fbf x10w94by x1qhh985 x14e42zd x9f619 x1ypdohk xt0psk2 x3ct3a4 xdj266r x14z9mp xat24cr x1lziwak xexx8yu xyri2b x18d9i69 x1c1uobl x16tdsg8 x1hl2dhg xggy1nq x1a2a7pz xkrqix3 x1sur9pj x1fey0fg x1s688f\" tabindex=\"0\" role=\"link\" href=\"https:\/\/www.facebook.com\/prefeituradecatanduva?__cft__[0]=AZawqsnoZbF3e-4TMYqUmkWR6A8E7K437OSxLnrQ8ZKlGUV3tUJgQ7a8yejMcTdd3qBNe65i3X-m8qC5lC-WK0sJcqjnNkrkOweFISw1As-Pv0r3F--up7XodfCAUXAWIGwoPAfsGx_x-P8KVm-9oSYVFBgbROaBouzg04dmnpx13A&amp;__tn__=-]K-R\"><span class=\"xt0psk2\"><span class=\"xjp7ctv\">Prefeitura de Catanduva<\/span><\/span><\/a><\/span> conta com o apoio do Senai, Sesc e Senac.<\/div>\n<div dir=\"auto\"><\/div>\n<\/div>\n<\/div>\n<div class=\"x14z9mp xat24cr x1lziwak x1vvkbs xtlvy1s x126k92a\">\n<div dir=\"auto\">Cuidar da \u00e1gua \u00e9 cuidar da vida.<\/div>\n<div dir=\"auto\"><\/div>\n<\/div>\n<div class=\"x14z9mp xat24cr x1lziwak x1vvkbs xtlvy1s x126k92a\">\n<div dir=\"auto\">Participe, compartilhe e fa\u00e7a parte dessa corrente de conscientiza\u00e7\u00e3o!<\/div>\n<\/div>\n<div dir=\"auto\"><\/div>\n<div dir=\"auto\"><img loading=\"lazy\" decoding=\"async\" class=\"alignnone size-medium wp-image-12107 lazyload\" src=\"data:image\/gif;base64,R0lGODlhAQABAAAAACH5BAEKAAEALAAAAAABAAEAAAICTAEAOw==\" data-src=\"http:\/\/saec.sp.gov.br\/wp-content\/uploads\/2026\/03\/WhatsApp-Image-2026-03-10-at-08.28.16-300x282.jpeg\" alt=\"\" width=\"300\" height=\"282\" data-sizes=\"auto\" data-srcset=\"https:\/\/saec.sp.gov.br\/wp-content\/uploads\/2026\/03\/WhatsApp-Image-2026-03-10-at-08.28.16-300x282.jpeg 300w, https:\/\/saec.sp.gov.br\/wp-content\/uploads\/2026\/03\/WhatsApp-Image-2026-03-10-at-08.28.16-1024x963.jpeg 1024w, https:\/\/saec.sp.gov.br\/wp-content\/uploads\/2026\/03\/WhatsApp-Image-2026-03-10-at-08.28.16-768x722.jpeg 768w, https:\/\/saec.sp.gov.br\/wp-content\/uploads\/2026\/03\/WhatsApp-Image-2026-03-10-at-08.28.16-1536x1445.jpeg 1536w, https:\/\/saec.sp.gov.br\/wp-content\/uploads\/2026\/03\/WhatsApp-Image-2026-03-10-at-08.28.16-1100x1035.jpeg 1100w, https:\/\/saec.sp.gov.br\/wp-content\/uploads\/2026\/03\/WhatsApp-Image-2026-03-10-at-08.28.16-600x564.jpeg 600w, https:\/\/saec.sp.gov.br\/wp-content\/uploads\/2026\/03\/WhatsApp-Image-2026-03-10-at-08.28.16-20x19.jpeg 20w, https:\/\/saec.sp.gov.br\/wp-content\/uploads\/2026\/03\/WhatsApp-Image-2026-03-10-at-08.28.16.jpeg 1600w\" sizes=\"(max-width: 300px) 100vw, 300px\" \/><\/div>\n","protected":false},"excerpt":{"rendered":"<p>Vem a\u00ed! A Saec preparou uma agenda cheia de atividades para celebrar o Dia Mundial da \u00c1gua, comemorado no dia 22 de mar\u00e7o, momento especial para refor\u00e7ar a import\u00e2ncia desse recurso essencial para a vida. Confira a programa\u00e7\u00e3o: 16\/03 \u2013 Segunda-feira &#8211; A programa\u00e7\u00e3o come\u00e7a com um momento especial para as crian\u00e7as do projeto ABC [&hellip;]<\/p>\n","protected":false},"author":12,"featured_media":12106,"comment_status":"closed","ping_status":"closed","sticky":false,"template":"","format":"standard","meta":{"footnotes":""},"categories":[41],"tags":[],"yoast_head":"<!-- This site is optimized with the Yoast SEO plugin v15.3 - https:\/\/yoast.com\/wordpress\/plugins\/seo\/ -->\n<title>SEMANA DA \u00c1GUA 2026 - CONFIRA A PROGRAMA\u00c7\u00c3O - SAEC Superintendencia de Agua e Esgoto de Catanduva<\/title>\n<meta name=\"robots\" content=\"index, follow, max-snippet:-1, max-image-preview:large, max-video-preview:-1\" \/>\n<link rel=\"canonical\" href=\"https:\/\/saec.sp.gov.br\/index.php\/2026\/03\/10\/semana-da-agua-2026-confira-a-programacao\/\" \/>\n<meta property=\"og:locale\" content=\"pt_BR\" \/>\n<meta property=\"og:type\" content=\"article\" \/>\n<meta property=\"og:title\" content=\"SEMANA DA \u00c1GUA 2026 - CONFIRA A PROGRAMA\u00c7\u00c3O - SAEC Superintendencia de Agua e Esgoto de Catanduva\" \/>\n<meta property=\"og:description\" content=\"Vem a\u00ed! A Saec preparou uma agenda cheia de atividades para celebrar o Dia Mundial da \u00c1gua, comemorado no dia 22 de mar\u00e7o, momento especial para refor\u00e7ar a import\u00e2ncia desse recurso essencial para a vida. Confira a programa\u00e7\u00e3o: 16\/03 \u2013 Segunda-feira &#8211; A programa\u00e7\u00e3o come\u00e7a com um momento especial para as crian\u00e7as do projeto ABC [&hellip;]\" \/>\n<meta property=\"og:url\" content=\"https:\/\/saec.sp.gov.br\/index.php\/2026\/03\/10\/semana-da-agua-2026-confira-a-programacao\/\" \/>\n<meta property=\"og:site_name\" content=\"SAEC Superintendencia de Agua e Esgoto de Catanduva\" \/>\n<meta property=\"article:published_time\" content=\"2026-03-10T12:47:45+00:00\" \/>\n<meta property=\"og:image\" content=\"https:\/\/saec.sp.gov.br\/wp-content\/uploads\/2026\/03\/WhatsApp-Image-2026-03-10-at-09.36.49.jpeg\" \/>\n\t<meta property=\"og:image:width\" content=\"1024\" \/>\n\t<meta property=\"og:image:height\" content=\"1140\" \/>\n<meta name=\"twitter:card\" content=\"summary\" \/>\n<meta name=\"twitter:label1\" content=\"Written by\">\n\t<meta name=\"twitter:data1\" content=\"Karla Sibro\">\n\t<meta name=\"twitter:label2\" content=\"Est. reading time\">\n\t<meta name=\"twitter:data2\" content=\"1 minuto\">\n<script type=\"application\/ld+json\" class=\"yoast-schema-graph\">{\"@context\":\"https:\/\/schema.org\",\"@graph\":[{\"@type\":\"WebSite\",\"@id\":\"https:\/\/saec.sp.gov.br\/#website\",\"url\":\"https:\/\/saec.sp.gov.br\/\",\"name\":\"SAEC Superintendencia de Agua e Esgoto de Catanduva\",\"description\":\"SAEC\",\"potentialAction\":[{\"@type\":\"SearchAction\",\"target\":\"https:\/\/saec.sp.gov.br\/?s={search_term_string}\",\"query-input\":\"required name=search_term_string\"}],\"inLanguage\":\"pt-BR\"},{\"@type\":\"ImageObject\",\"@id\":\"https:\/\/saec.sp.gov.br\/index.php\/2026\/03\/10\/semana-da-agua-2026-confira-a-programacao\/#primaryimage\",\"inLanguage\":\"pt-BR\",\"url\":\"https:\/\/saec.sp.gov.br\/wp-content\/uploads\/2026\/03\/WhatsApp-Image-2026-03-10-at-09.36.49.jpeg\",\"width\":1024,\"height\":1140},{\"@type\":\"WebPage\",\"@id\":\"https:\/\/saec.sp.gov.br\/index.php\/2026\/03\/10\/semana-da-agua-2026-confira-a-programacao\/#webpage\",\"url\":\"https:\/\/saec.sp.gov.br\/index.php\/2026\/03\/10\/semana-da-agua-2026-confira-a-programacao\/\",\"name\":\"SEMANA DA \\u00c1GUA 2026 - CONFIRA A PROGRAMA\\u00c7\\u00c3O - SAEC Superintendencia de Agua e Esgoto de Catanduva\",\"isPartOf\":{\"@id\":\"https:\/\/saec.sp.gov.br\/#website\"},\"primaryImageOfPage\":{\"@id\":\"https:\/\/saec.sp.gov.br\/index.php\/2026\/03\/10\/semana-da-agua-2026-confira-a-programacao\/#primaryimage\"},\"datePublished\":\"2026-03-10T12:47:45+00:00\",\"dateModified\":\"2026-03-10T12:47:45+00:00\",\"author\":{\"@id\":\"https:\/\/saec.sp.gov.br\/#\/schema\/person\/0adeb299f513c0b2fcb1812012e43dea\"},\"inLanguage\":\"pt-BR\",\"potentialAction\":[{\"@type\":\"ReadAction\",\"target\":[\"https:\/\/saec.sp.gov.br\/index.php\/2026\/03\/10\/semana-da-agua-2026-confira-a-programacao\/\"]}]},{\"@type\":\"Person\",\"@id\":\"https:\/\/saec.sp.gov.br\/#\/schema\/person\/0adeb299f513c0b2fcb1812012e43dea\",\"name\":\"Karla Sibro\"}]}<\/script>\n<!-- \/ Yoast SEO plugin. -->","amp_validity":null,"amp_enabled":true,"_links":{"self":[{"href":"https:\/\/saec.sp.gov.br\/index.php\/wp-json\/wp\/v2\/posts\/12105"}],"collection":[{"href":"https:\/\/saec.sp.gov.br\/index.php\/wp-json\/wp\/v2\/posts"}],"about":[{"href":"https:\/\/saec.sp.gov.br\/index.php\/wp-json\/wp\/v2\/types\/post"}],"author":[{"embeddable":true,"href":"https:\/\/saec.sp.gov.br\/index.php\/wp-json\/wp\/v2\/users\/12"}],"replies":[{"embeddable":true,"href":"https:\/\/saec.sp.gov.br\/index.php\/wp-json\/wp\/v2\/comments?post=12105"}],"version-history":[{"count":1,"href":"https:\/\/saec.sp.gov.br\/index.php\/wp-json\/wp\/v2\/posts\/12105\/revisions"}],"predecessor-version":[{"id":12108,"href":"https:\/\/saec.sp.gov.br\/index.php\/wp-json\/wp\/v2\/posts\/12105\/revisions\/12108"}],"wp:featuredmedia":[{"embeddable":true,"href":"https:\/\/saec.sp.gov.br\/index.php\/wp-json\/wp\/v2\/media\/12106"}],"wp:attachment":[{"href":"https:\/\/saec.sp.gov.br\/index.php\/wp-json\/wp\/v2\/media?parent=12105"}],"wp:term":[{"taxonomy":"category","embeddable":true,"href":"https:\/\/saec.sp.gov.br\/index.php\/wp-json\/wp\/v2\/categories?post=12105"},{"taxonomy":"post_tag","embeddable":true,"href":"https:\/\/saec.sp.gov.br\/index.php\/wp-json\/wp\/v2\/tags?post=12105"}],"curies":[{"name":"wp","href":"https:\/\/api.w.org\/{rel}","templated":true}]}}