{"id":12109,"date":"2026-03-07T09:49:17","date_gmt":"2026-03-07T12:49:17","guid":{"rendered":"https:\/\/saec.sp.gov.br\/?p=12109"},"modified":"2026-03-10T10:09:18","modified_gmt":"2026-03-10T13:09:18","slug":"saec-no-dia-delas","status":"publish","type":"post","link":"https:\/\/saec.sp.gov.br\/index.php\/2026\/03\/07\/saec-no-dia-delas\/","title":{"rendered":"SAEC NO DIA DELAS"},"content":{"rendered":"<div class=\"xdj266r x14z9mp xat24cr x1lziwak x1vvkbs x126k92a\">\n<div dir=\"auto\">Neste s\u00e1bado, dia 07, a SAEC est\u00e1 presente no Pra\u00e7a da Matriz participando do Dia Delas, evento especial promovido pela Prefeitura de Catanduva em comemora\u00e7\u00e3o ao Dia Internacional da Mulher. At\u00e9 \u00e0s 13h, no stand da Saec, quem passar pela pra\u00e7a poder\u00e1 conferir a\u00e7\u00f5es de conscientiza\u00e7\u00e3o sobre sustentabilidade e a import\u00e2ncia de pequenas atitudes no dia a dia para preservar nossos recursos naturais.<\/div>\n<div dir=\"auto\"><\/div>\n<\/div>\n<div class=\"x14z9mp xat24cr x1lziwak x1vvkbs xtlvy1s x126k92a\">\n<div dir=\"auto\">E tem mais: o bebedouro m\u00f3vel da SAEC est\u00e1 estacionado no local oferecendo \u00e1gua geladinha para refrescar quem participa do evento.<\/div>\n<\/div>\n<div class=\"x14z9mp xat24cr x1lziwak x1vvkbs xtlvy1s x126k92a\">\n<div dir=\"auto\"><\/div>\n<div dir=\"auto\">Venha participar, se hidratar e celebrar esse dia especial com a gente!<\/div>\n<\/div>\n","protected":false},"excerpt":{"rendered":"<p>Neste s\u00e1bado, dia 07, a SAEC est\u00e1 presente no Pra\u00e7a da Matriz participando do Dia Delas, evento especial promovido pela Prefeitura de Catanduva em comemora\u00e7\u00e3o ao Dia Internacional da Mulher. At\u00e9 \u00e0s 13h, no stand da Saec, quem passar pela pra\u00e7a poder\u00e1 conferir a\u00e7\u00f5es de conscientiza\u00e7\u00e3o sobre sustentabilidade e a import\u00e2ncia de pequenas atitudes no [&hellip;]<\/p>\n","protected":false},"author":12,"featured_media":12111,"comment_status":"closed","ping_status":"closed","sticky":false,"template":"","format":"standard","meta":{"footnotes":""},"categories":[41],"tags":[],"yoast_head":"<!-- This site is optimized with the Yoast SEO plugin v15.3 - https:\/\/yoast.com\/wordpress\/plugins\/seo\/ -->\n<title>SAEC NO DIA DELAS - SAEC Superintendencia de Agua e Esgoto de Catanduva<\/title>\n<meta name=\"robots\" content=\"index, follow, max-snippet:-1, max-image-preview:large, max-video-preview:-1\" \/>\n<link rel=\"canonical\" href=\"https:\/\/saec.sp.gov.br\/index.php\/2026\/03\/07\/saec-no-dia-delas\/\" \/>\n<meta property=\"og:locale\" content=\"pt_BR\" \/>\n<meta property=\"og:type\" content=\"article\" \/>\n<meta property=\"og:title\" content=\"SAEC NO DIA DELAS - SAEC Superintendencia de Agua e Esgoto de Catanduva\" \/>\n<meta property=\"og:description\" content=\"Neste s\u00e1bado, dia 07, a SAEC est\u00e1 presente no Pra\u00e7a da Matriz participando do Dia Delas, evento especial promovido pela Prefeitura de Catanduva em comemora\u00e7\u00e3o ao Dia Internacional da Mulher. At\u00e9 \u00e0s 13h, no stand da Saec, quem passar pela pra\u00e7a poder\u00e1 conferir a\u00e7\u00f5es de conscientiza\u00e7\u00e3o sobre sustentabilidade e a import\u00e2ncia de pequenas atitudes no [&hellip;]\" \/>\n<meta property=\"og:url\" content=\"https:\/\/saec.sp.gov.br\/index.php\/2026\/03\/07\/saec-no-dia-delas\/\" \/>\n<meta property=\"og:site_name\" content=\"SAEC Superintendencia de Agua e Esgoto de Catanduva\" \/>\n<meta property=\"article:published_time\" content=\"2026-03-07T12:49:17+00:00\" \/>\n<meta property=\"article:modified_time\" content=\"2026-03-10T13:09:18+00:00\" \/>\n<meta property=\"og:image\" content=\"https:\/\/saec.sp.gov.br\/wp-content\/uploads\/2026\/03\/WhatsApp-Image-2026-03-10-at-10.06.37.jpeg\" \/>\n\t<meta property=\"og:image:width\" content=\"1170\" \/>\n\t<meta property=\"og:image:height\" content=\"739\" \/>\n<meta name=\"twitter:card\" content=\"summary\" \/>\n<meta name=\"twitter:label1\" content=\"Written by\">\n\t<meta name=\"twitter:data1\" content=\"Karla Sibro\">\n\t<meta name=\"twitter:label2\" content=\"Est. reading time\">\n\t<meta name=\"twitter:data2\" content=\"0 minuto\">\n<script type=\"application\/ld+json\" class=\"yoast-schema-graph\">{\"@context\":\"https:\/\/schema.org\",\"@graph\":[{\"@type\":\"WebSite\",\"@id\":\"https:\/\/saec.sp.gov.br\/#website\",\"url\":\"https:\/\/saec.sp.gov.br\/\",\"name\":\"SAEC Superintendencia de Agua e Esgoto de Catanduva\",\"description\":\"SAEC\",\"potentialAction\":[{\"@type\":\"SearchAction\",\"target\":\"https:\/\/saec.sp.gov.br\/?s={search_term_string}\",\"query-input\":\"required name=search_term_string\"}],\"inLanguage\":\"pt-BR\"},{\"@type\":\"ImageObject\",\"@id\":\"https:\/\/saec.sp.gov.br\/index.php\/2026\/03\/07\/saec-no-dia-delas\/#primaryimage\",\"inLanguage\":\"pt-BR\",\"url\":\"https:\/\/saec.sp.gov.br\/wp-content\/uploads\/2026\/03\/WhatsApp-Image-2026-03-10-at-10.06.37.jpeg\",\"width\":1170,\"height\":739},{\"@type\":\"WebPage\",\"@id\":\"https:\/\/saec.sp.gov.br\/index.php\/2026\/03\/07\/saec-no-dia-delas\/#webpage\",\"url\":\"https:\/\/saec.sp.gov.br\/index.php\/2026\/03\/07\/saec-no-dia-delas\/\",\"name\":\"SAEC NO DIA DELAS - SAEC Superintendencia de Agua e Esgoto de Catanduva\",\"isPartOf\":{\"@id\":\"https:\/\/saec.sp.gov.br\/#website\"},\"primaryImageOfPage\":{\"@id\":\"https:\/\/saec.sp.gov.br\/index.php\/2026\/03\/07\/saec-no-dia-delas\/#primaryimage\"},\"datePublished\":\"2026-03-07T12:49:17+00:00\",\"dateModified\":\"2026-03-10T13:09:18+00:00\",\"author\":{\"@id\":\"https:\/\/saec.sp.gov.br\/#\/schema\/person\/0adeb299f513c0b2fcb1812012e43dea\"},\"inLanguage\":\"pt-BR\",\"potentialAction\":[{\"@type\":\"ReadAction\",\"target\":[\"https:\/\/saec.sp.gov.br\/index.php\/2026\/03\/07\/saec-no-dia-delas\/\"]}]},{\"@type\":\"Person\",\"@id\":\"https:\/\/saec.sp.gov.br\/#\/schema\/person\/0adeb299f513c0b2fcb1812012e43dea\",\"name\":\"Karla Sibro\"}]}<\/script>\n<!-- \/ Yoast SEO plugin. -->","amp_validity":null,"amp_enabled":true,"_links":{"self":[{"href":"https:\/\/saec.sp.gov.br\/index.php\/wp-json\/wp\/v2\/posts\/12109"}],"collection":[{"href":"https:\/\/saec.sp.gov.br\/index.php\/wp-json\/wp\/v2\/posts"}],"about":[{"href":"https:\/\/saec.sp.gov.br\/index.php\/wp-json\/wp\/v2\/types\/post"}],"author":[{"embeddable":true,"href":"https:\/\/saec.sp.gov.br\/index.php\/wp-json\/wp\/v2\/users\/12"}],"replies":[{"embeddable":true,"href":"https:\/\/saec.sp.gov.br\/index.php\/wp-json\/wp\/v2\/comments?post=12109"}],"version-history":[{"count":1,"href":"https:\/\/saec.sp.gov.br\/index.php\/wp-json\/wp\/v2\/posts\/12109\/revisions"}],"predecessor-version":[{"id":12112,"href":"https:\/\/saec.sp.gov.br\/index.php\/wp-json\/wp\/v2\/posts\/12109\/revisions\/12112"}],"wp:featuredmedia":[{"embeddable":true,"href":"https:\/\/saec.sp.gov.br\/index.php\/wp-json\/wp\/v2\/media\/12111"}],"wp:attachment":[{"href":"https:\/\/saec.sp.gov.br\/index.php\/wp-json\/wp\/v2\/media?parent=12109"}],"wp:term":[{"taxonomy":"category","embeddable":true,"href":"https:\/\/saec.sp.gov.br\/index.php\/wp-json\/wp\/v2\/categories?post=12109"},{"taxonomy":"post_tag","embeddable":true,"href":"https:\/\/saec.sp.gov.br\/index.php\/wp-json\/wp\/v2\/tags?post=12109"}],"curies":[{"name":"wp","href":"https:\/\/api.w.org\/{rel}","templated":true}]}}