{"id":12115,"date":"2026-03-10T16:06:35","date_gmt":"2026-03-10T19:06:35","guid":{"rendered":"https:\/\/saec.sp.gov.br\/?p=12115"},"modified":"2026-03-10T16:06:35","modified_gmt":"2026-03-10T19:06:35","slug":"visita-a-estacao-de-tratamento-de-esgoto-ete","status":"publish","type":"post","link":"https:\/\/saec.sp.gov.br\/index.php\/2026\/03\/10\/visita-a-estacao-de-tratamento-de-esgoto-ete\/","title":{"rendered":"VISITA \u00c0 ESTA\u00c7\u00c3O DE TRATAMENTO DE ESGOTO (ETE)"},"content":{"rendered":"<div class=\"xdj266r x14z9mp xat24cr x1lziwak x1vvkbs x126k92a\">\n<div dir=\"auto\">O m\u00eas de comemora\u00e7\u00e3o ao Dia Mundial da \u00c1gua come\u00e7ou em grande estilo! Na primeira semana de mar\u00e7o, os alunos dos 5\u00ba e 6\u00ba anos do CETEC \u2013 Centro Educacional de Educa\u00e7\u00e3o Infantil, Ensino M\u00e9dio e T\u00e9cnico participaram de uma visita especial \u00e0 Esta\u00e7\u00e3o de Tratamento de Esgoto (ETE) da Saec.<\/div>\n<div dir=\"auto\"><\/div>\n<\/div>\n<div class=\"x14z9mp xat24cr x1lziwak x1vvkbs xtlvy1s x126k92a\">\n<div dir=\"auto\">Durante o passeio, os estudantes puderam conhecer de perto todas as etapas do tratamento de esgoto e entender, na pr\u00e1tica, como o saneamento b\u00e1sico contribui para a preserva\u00e7\u00e3o dos recursos h\u00eddricos, a sa\u00fade p\u00fablica e o cuidado com o meio ambiente.<\/div>\n<div dir=\"auto\"><\/div>\n<\/div>\n<div class=\"x14z9mp xat24cr x1lziwak x1vvkbs xtlvy1s x126k92a\">\n<div dir=\"auto\">Mais do que uma visita, foi uma verdadeira aula de educa\u00e7\u00e3o ambiental, despertando nos jovens a consci\u00eancia sobre a import\u00e2ncia de cuidar da \u00e1gua e do nosso planeta.<\/div>\n<\/div>\n<div class=\"x14z9mp xat24cr x1lziwak x1vvkbs xtlvy1s x126k92a\">\n<div dir=\"auto\">A iniciativa refor\u00e7a o compromisso da SAEC com a sustentabilidade e a forma\u00e7\u00e3o de cidad\u00e3os mais conscientes.<\/div>\n<\/div>\n<div dir=\"auto\"><\/div>\n<div dir=\"auto\"><img loading=\"lazy\" decoding=\"async\" class=\"alignnone size-medium wp-image-12124 lazyload\" src=\"data:image\/gif;base64,R0lGODlhAQABAAAAACH5BAEKAAEALAAAAAABAAEAAAICTAEAOw==\" data-src=\"http:\/\/saec.sp.gov.br\/wp-content\/uploads\/2026\/03\/WhatsApp-Image-2026-03-10-at-15.58.10-289x300.jpeg\" alt=\"\" width=\"289\" height=\"300\" data-sizes=\"auto\" data-srcset=\"https:\/\/saec.sp.gov.br\/wp-content\/uploads\/2026\/03\/WhatsApp-Image-2026-03-10-at-15.58.10-289x300.jpeg 289w, https:\/\/saec.sp.gov.br\/wp-content\/uploads\/2026\/03\/WhatsApp-Image-2026-03-10-at-15.58.10-987x1024.jpeg 987w, https:\/\/saec.sp.gov.br\/wp-content\/uploads\/2026\/03\/WhatsApp-Image-2026-03-10-at-15.58.10-768x797.jpeg 768w, https:\/\/saec.sp.gov.br\/wp-content\/uploads\/2026\/03\/WhatsApp-Image-2026-03-10-at-15.58.10-1100x1141.jpeg 1100w, https:\/\/saec.sp.gov.br\/wp-content\/uploads\/2026\/03\/WhatsApp-Image-2026-03-10-at-15.58.10-600x622.jpeg 600w, https:\/\/saec.sp.gov.br\/wp-content\/uploads\/2026\/03\/WhatsApp-Image-2026-03-10-at-15.58.10-20x21.jpeg 20w, https:\/\/saec.sp.gov.br\/wp-content\/uploads\/2026\/03\/WhatsApp-Image-2026-03-10-at-15.58.10.jpeg 1290w\" sizes=\"(max-width: 289px) 100vw, 289px\" \/> <img loading=\"lazy\" decoding=\"async\" class=\"alignnone size-medium wp-image-12123 lazyload\" src=\"data:image\/gif;base64,R0lGODlhAQABAAAAACH5BAEKAAEALAAAAAABAAEAAAICTAEAOw==\" data-src=\"http:\/\/saec.sp.gov.br\/wp-content\/uploads\/2026\/03\/WhatsApp-Image-2026-03-10-at-15.58.20-300x225.jpeg\" alt=\"\" width=\"300\" height=\"225\" data-sizes=\"auto\" data-srcset=\"https:\/\/saec.sp.gov.br\/wp-content\/uploads\/2026\/03\/WhatsApp-Image-2026-03-10-at-15.58.20-300x225.jpeg 300w, https:\/\/saec.sp.gov.br\/wp-content\/uploads\/2026\/03\/WhatsApp-Image-2026-03-10-at-15.58.20-1024x768.jpeg 1024w, https:\/\/saec.sp.gov.br\/wp-content\/uploads\/2026\/03\/WhatsApp-Image-2026-03-10-at-15.58.20-768x576.jpeg 768w, https:\/\/saec.sp.gov.br\/wp-content\/uploads\/2026\/03\/WhatsApp-Image-2026-03-10-at-15.58.20-1536x1152.jpeg 1536w, https:\/\/saec.sp.gov.br\/wp-content\/uploads\/2026\/03\/WhatsApp-Image-2026-03-10-at-15.58.20-1100x825.jpeg 1100w, https:\/\/saec.sp.gov.br\/wp-content\/uploads\/2026\/03\/WhatsApp-Image-2026-03-10-at-15.58.20-600x450.jpeg 600w, https:\/\/saec.sp.gov.br\/wp-content\/uploads\/2026\/03\/WhatsApp-Image-2026-03-10-at-15.58.20-20x15.jpeg 20w, https:\/\/saec.sp.gov.br\/wp-content\/uploads\/2026\/03\/WhatsApp-Image-2026-03-10-at-15.58.20.jpeg 1600w\" sizes=\"(max-width: 300px) 100vw, 300px\" \/> <img loading=\"lazy\" decoding=\"async\" class=\"alignnone size-medium wp-image-12122 lazyload\" src=\"data:image\/gif;base64,R0lGODlhAQABAAAAACH5BAEKAAEALAAAAAABAAEAAAICTAEAOw==\" data-src=\"http:\/\/saec.sp.gov.br\/wp-content\/uploads\/2026\/03\/WhatsApp-Image-2026-03-10-at-15.58.30-300x282.jpeg\" alt=\"\" width=\"300\" height=\"282\" data-sizes=\"auto\" data-srcset=\"https:\/\/saec.sp.gov.br\/wp-content\/uploads\/2026\/03\/WhatsApp-Image-2026-03-10-at-15.58.30-300x282.jpeg 300w, https:\/\/saec.sp.gov.br\/wp-content\/uploads\/2026\/03\/WhatsApp-Image-2026-03-10-at-15.58.30-1024x962.jpeg 1024w, https:\/\/saec.sp.gov.br\/wp-content\/uploads\/2026\/03\/WhatsApp-Image-2026-03-10-at-15.58.30-768x722.jpeg 768w, https:\/\/saec.sp.gov.br\/wp-content\/uploads\/2026\/03\/WhatsApp-Image-2026-03-10-at-15.58.30-1100x1033.jpeg 1100w, https:\/\/saec.sp.gov.br\/wp-content\/uploads\/2026\/03\/WhatsApp-Image-2026-03-10-at-15.58.30-600x564.jpeg 600w, https:\/\/saec.sp.gov.br\/wp-content\/uploads\/2026\/03\/WhatsApp-Image-2026-03-10-at-15.58.30-20x19.jpeg 20w, https:\/\/saec.sp.gov.br\/wp-content\/uploads\/2026\/03\/WhatsApp-Image-2026-03-10-at-15.58.30.jpeg 1290w\" sizes=\"(max-width: 300px) 100vw, 300px\" \/> <img loading=\"lazy\" decoding=\"async\" class=\"alignnone size-medium wp-image-12121 lazyload\" src=\"data:image\/gif;base64,R0lGODlhAQABAAAAACH5BAEKAAEALAAAAAABAAEAAAICTAEAOw==\" data-src=\"http:\/\/saec.sp.gov.br\/wp-content\/uploads\/2026\/03\/WhatsApp-Image-2026-03-10-at-15.58.39-225x300.jpeg\" alt=\"\" width=\"225\" height=\"300\" data-sizes=\"auto\" data-srcset=\"https:\/\/saec.sp.gov.br\/wp-content\/uploads\/2026\/03\/WhatsApp-Image-2026-03-10-at-15.58.39-225x300.jpeg 225w, https:\/\/saec.sp.gov.br\/wp-content\/uploads\/2026\/03\/WhatsApp-Image-2026-03-10-at-15.58.39-768x1024.jpeg 768w, https:\/\/saec.sp.gov.br\/wp-content\/uploads\/2026\/03\/WhatsApp-Image-2026-03-10-at-15.58.39-1152x1536.jpeg 1152w, https:\/\/saec.sp.gov.br\/wp-content\/uploads\/2026\/03\/WhatsApp-Image-2026-03-10-at-15.58.39-1100x1467.jpeg 1100w, https:\/\/saec.sp.gov.br\/wp-content\/uploads\/2026\/03\/WhatsApp-Image-2026-03-10-at-15.58.39-600x800.jpeg 600w, https:\/\/saec.sp.gov.br\/wp-content\/uploads\/2026\/03\/WhatsApp-Image-2026-03-10-at-15.58.39-20x27.jpeg 20w, https:\/\/saec.sp.gov.br\/wp-content\/uploads\/2026\/03\/WhatsApp-Image-2026-03-10-at-15.58.39.jpeg 1200w\" sizes=\"(max-width: 225px) 100vw, 225px\" \/> <img loading=\"lazy\" decoding=\"async\" class=\"alignnone size-medium wp-image-12120 lazyload\" src=\"data:image\/gif;base64,R0lGODlhAQABAAAAACH5BAEKAAEALAAAAAABAAEAAAICTAEAOw==\" data-src=\"http:\/\/saec.sp.gov.br\/wp-content\/uploads\/2026\/03\/WhatsApp-Image-2026-03-10-at-15.58.47-300x225.jpeg\" alt=\"\" width=\"300\" height=\"225\" data-sizes=\"auto\" data-srcset=\"https:\/\/saec.sp.gov.br\/wp-content\/uploads\/2026\/03\/WhatsApp-Image-2026-03-10-at-15.58.47-300x225.jpeg 300w, https:\/\/saec.sp.gov.br\/wp-content\/uploads\/2026\/03\/WhatsApp-Image-2026-03-10-at-15.58.47-1024x768.jpeg 1024w, https:\/\/saec.sp.gov.br\/wp-content\/uploads\/2026\/03\/WhatsApp-Image-2026-03-10-at-15.58.47-768x576.jpeg 768w, https:\/\/saec.sp.gov.br\/wp-content\/uploads\/2026\/03\/WhatsApp-Image-2026-03-10-at-15.58.47-1536x1152.jpeg 1536w, https:\/\/saec.sp.gov.br\/wp-content\/uploads\/2026\/03\/WhatsApp-Image-2026-03-10-at-15.58.47-1100x825.jpeg 1100w, https:\/\/saec.sp.gov.br\/wp-content\/uploads\/2026\/03\/WhatsApp-Image-2026-03-10-at-15.58.47-600x450.jpeg 600w, https:\/\/saec.sp.gov.br\/wp-content\/uploads\/2026\/03\/WhatsApp-Image-2026-03-10-at-15.58.47-20x15.jpeg 20w, https:\/\/saec.sp.gov.br\/wp-content\/uploads\/2026\/03\/WhatsApp-Image-2026-03-10-at-15.58.47.jpeg 1600w\" sizes=\"(max-width: 300px) 100vw, 300px\" \/> <img loading=\"lazy\" decoding=\"async\" class=\"alignnone size-medium wp-image-12119 lazyload\" src=\"data:image\/gif;base64,R0lGODlhAQABAAAAACH5BAEKAAEALAAAAAABAAEAAAICTAEAOw==\" data-src=\"http:\/\/saec.sp.gov.br\/wp-content\/uploads\/2026\/03\/WhatsApp-Image-2026-03-10-at-15.58.55-300x225.jpeg\" alt=\"\" width=\"300\" height=\"225\" data-sizes=\"auto\" data-srcset=\"https:\/\/saec.sp.gov.br\/wp-content\/uploads\/2026\/03\/WhatsApp-Image-2026-03-10-at-15.58.55-300x225.jpeg 300w, https:\/\/saec.sp.gov.br\/wp-content\/uploads\/2026\/03\/WhatsApp-Image-2026-03-10-at-15.58.55-1024x768.jpeg 1024w, https:\/\/saec.sp.gov.br\/wp-content\/uploads\/2026\/03\/WhatsApp-Image-2026-03-10-at-15.58.55-768x576.jpeg 768w, https:\/\/saec.sp.gov.br\/wp-content\/uploads\/2026\/03\/WhatsApp-Image-2026-03-10-at-15.58.55-1536x1152.jpeg 1536w, https:\/\/saec.sp.gov.br\/wp-content\/uploads\/2026\/03\/WhatsApp-Image-2026-03-10-at-15.58.55-1100x825.jpeg 1100w, https:\/\/saec.sp.gov.br\/wp-content\/uploads\/2026\/03\/WhatsApp-Image-2026-03-10-at-15.58.55-600x450.jpeg 600w, https:\/\/saec.sp.gov.br\/wp-content\/uploads\/2026\/03\/WhatsApp-Image-2026-03-10-at-15.58.55-20x15.jpeg 20w, https:\/\/saec.sp.gov.br\/wp-content\/uploads\/2026\/03\/WhatsApp-Image-2026-03-10-at-15.58.55.jpeg 1600w\" sizes=\"(max-width: 300px) 100vw, 300px\" \/> <img loading=\"lazy\" decoding=\"async\" class=\"alignnone size-medium wp-image-12118 lazyload\" src=\"data:image\/gif;base64,R0lGODlhAQABAAAAACH5BAEKAAEALAAAAAABAAEAAAICTAEAOw==\" data-src=\"http:\/\/saec.sp.gov.br\/wp-content\/uploads\/2026\/03\/WhatsApp-Image-2026-03-10-at-15.59.14-300x269.jpeg\" alt=\"\" width=\"300\" height=\"269\" data-sizes=\"auto\" data-srcset=\"https:\/\/saec.sp.gov.br\/wp-content\/uploads\/2026\/03\/WhatsApp-Image-2026-03-10-at-15.59.14-300x269.jpeg 300w, https:\/\/saec.sp.gov.br\/wp-content\/uploads\/2026\/03\/WhatsApp-Image-2026-03-10-at-15.59.14-1024x916.jpeg 1024w, https:\/\/saec.sp.gov.br\/wp-content\/uploads\/2026\/03\/WhatsApp-Image-2026-03-10-at-15.59.14-768x687.jpeg 768w, https:\/\/saec.sp.gov.br\/wp-content\/uploads\/2026\/03\/WhatsApp-Image-2026-03-10-at-15.59.14-1100x985.jpeg 1100w, https:\/\/saec.sp.gov.br\/wp-content\/uploads\/2026\/03\/WhatsApp-Image-2026-03-10-at-15.59.14-600x537.jpeg 600w, https:\/\/saec.sp.gov.br\/wp-content\/uploads\/2026\/03\/WhatsApp-Image-2026-03-10-at-15.59.14-20x18.jpeg 20w, https:\/\/saec.sp.gov.br\/wp-content\/uploads\/2026\/03\/WhatsApp-Image-2026-03-10-at-15.59.14.jpeg 1200w\" sizes=\"(max-width: 300px) 100vw, 300px\" \/> <img loading=\"lazy\" decoding=\"async\" class=\"alignnone size-medium wp-image-12117 lazyload\" src=\"data:image\/gif;base64,R0lGODlhAQABAAAAACH5BAEKAAEALAAAAAABAAEAAAICTAEAOw==\" data-src=\"http:\/\/saec.sp.gov.br\/wp-content\/uploads\/2026\/03\/WhatsApp-Image-2026-03-10-at-15.59.26-300x230.jpeg\" alt=\"\" width=\"300\" height=\"230\" data-sizes=\"auto\" data-srcset=\"https:\/\/saec.sp.gov.br\/wp-content\/uploads\/2026\/03\/WhatsApp-Image-2026-03-10-at-15.59.26-300x230.jpeg 300w, https:\/\/saec.sp.gov.br\/wp-content\/uploads\/2026\/03\/WhatsApp-Image-2026-03-10-at-15.59.26-1024x784.jpeg 1024w, https:\/\/saec.sp.gov.br\/wp-content\/uploads\/2026\/03\/WhatsApp-Image-2026-03-10-at-15.59.26-768x588.jpeg 768w, https:\/\/saec.sp.gov.br\/wp-content\/uploads\/2026\/03\/WhatsApp-Image-2026-03-10-at-15.59.26-1100x842.jpeg 1100w, https:\/\/saec.sp.gov.br\/wp-content\/uploads\/2026\/03\/WhatsApp-Image-2026-03-10-at-15.59.26-600x460.jpeg 600w, https:\/\/saec.sp.gov.br\/wp-content\/uploads\/2026\/03\/WhatsApp-Image-2026-03-10-at-15.59.26-20x15.jpeg 20w, https:\/\/saec.sp.gov.br\/wp-content\/uploads\/2026\/03\/WhatsApp-Image-2026-03-10-at-15.59.26.jpeg 1200w\" sizes=\"(max-width: 300px) 100vw, 300px\" \/> <img loading=\"lazy\" decoding=\"async\" class=\"alignnone size-medium wp-image-12116 lazyload\" src=\"data:image\/gif;base64,R0lGODlhAQABAAAAACH5BAEKAAEALAAAAAABAAEAAAICTAEAOw==\" data-src=\"http:\/\/saec.sp.gov.br\/wp-content\/uploads\/2026\/03\/WhatsApp-Image-2026-03-10-at-15.59.35-300x283.jpeg\" alt=\"\" width=\"300\" height=\"283\" data-sizes=\"auto\" data-srcset=\"https:\/\/saec.sp.gov.br\/wp-content\/uploads\/2026\/03\/WhatsApp-Image-2026-03-10-at-15.59.35-300x283.jpeg 300w, https:\/\/saec.sp.gov.br\/wp-content\/uploads\/2026\/03\/WhatsApp-Image-2026-03-10-at-15.59.35-1024x965.jpeg 1024w, https:\/\/saec.sp.gov.br\/wp-content\/uploads\/2026\/03\/WhatsApp-Image-2026-03-10-at-15.59.35-768x724.jpeg 768w, https:\/\/saec.sp.gov.br\/wp-content\/uploads\/2026\/03\/WhatsApp-Image-2026-03-10-at-15.59.35-1100x1037.jpeg 1100w, https:\/\/saec.sp.gov.br\/wp-content\/uploads\/2026\/03\/WhatsApp-Image-2026-03-10-at-15.59.35-600x566.jpeg 600w, https:\/\/saec.sp.gov.br\/wp-content\/uploads\/2026\/03\/WhatsApp-Image-2026-03-10-at-15.59.35-20x19.jpeg 20w, https:\/\/saec.sp.gov.br\/wp-content\/uploads\/2026\/03\/WhatsApp-Image-2026-03-10-at-15.59.35.jpeg 1200w\" sizes=\"(max-width: 300px) 100vw, 300px\" \/><\/div>\n","protected":false},"excerpt":{"rendered":"<p>O m\u00eas de comemora\u00e7\u00e3o ao Dia Mundial da \u00c1gua come\u00e7ou em grande estilo! Na primeira semana de mar\u00e7o, os alunos dos 5\u00ba e 6\u00ba anos do CETEC \u2013 Centro Educacional de Educa\u00e7\u00e3o Infantil, Ensino M\u00e9dio e T\u00e9cnico participaram de uma visita especial \u00e0 Esta\u00e7\u00e3o de Tratamento de Esgoto (ETE) da Saec. Durante o passeio, os [&hellip;]<\/p>\n","protected":false},"author":12,"featured_media":12125,"comment_status":"closed","ping_status":"closed","sticky":false,"template":"","format":"standard","meta":{"footnotes":""},"categories":[41],"tags":[],"yoast_head":"<!-- This site is optimized with the Yoast SEO plugin v15.3 - https:\/\/yoast.com\/wordpress\/plugins\/seo\/ -->\n<title>VISITA \u00c0 ESTA\u00c7\u00c3O DE TRATAMENTO DE ESGOTO (ETE) - SAEC Superintendencia de Agua e Esgoto de Catanduva<\/title>\n<meta name=\"robots\" content=\"index, follow, max-snippet:-1, max-image-preview:large, max-video-preview:-1\" \/>\n<link rel=\"canonical\" href=\"https:\/\/saec.sp.gov.br\/index.php\/2026\/03\/10\/visita-a-estacao-de-tratamento-de-esgoto-ete\/\" \/>\n<meta property=\"og:locale\" content=\"pt_BR\" \/>\n<meta property=\"og:type\" content=\"article\" \/>\n<meta property=\"og:title\" content=\"VISITA \u00c0 ESTA\u00c7\u00c3O DE TRATAMENTO DE ESGOTO (ETE) - SAEC Superintendencia de Agua e Esgoto de Catanduva\" \/>\n<meta property=\"og:description\" content=\"O m\u00eas de comemora\u00e7\u00e3o ao Dia Mundial da \u00c1gua come\u00e7ou em grande estilo! Na primeira semana de mar\u00e7o, os alunos dos 5\u00ba e 6\u00ba anos do CETEC \u2013 Centro Educacional de Educa\u00e7\u00e3o Infantil, Ensino M\u00e9dio e T\u00e9cnico participaram de uma visita especial \u00e0 Esta\u00e7\u00e3o de Tratamento de Esgoto (ETE) da Saec. Durante o passeio, os [&hellip;]\" \/>\n<meta property=\"og:url\" content=\"https:\/\/saec.sp.gov.br\/index.php\/2026\/03\/10\/visita-a-estacao-de-tratamento-de-esgoto-ete\/\" \/>\n<meta property=\"og:site_name\" content=\"SAEC Superintendencia de Agua e Esgoto de Catanduva\" \/>\n<meta property=\"article:published_time\" content=\"2026-03-10T19:06:35+00:00\" \/>\n<meta property=\"og:image\" content=\"https:\/\/saec.sp.gov.br\/wp-content\/uploads\/2026\/03\/WhatsApp-Image-2026-03-10-at-15.58.01.jpeg\" \/>\n\t<meta property=\"og:image:width\" content=\"1600\" \/>\n\t<meta property=\"og:image:height\" content=\"1200\" \/>\n<meta name=\"twitter:card\" content=\"summary\" \/>\n<meta name=\"twitter:label1\" content=\"Written by\">\n\t<meta name=\"twitter:data1\" content=\"Karla Sibro\">\n\t<meta name=\"twitter:label2\" content=\"Est. reading time\">\n\t<meta name=\"twitter:data2\" content=\"1 minuto\">\n<script type=\"application\/ld+json\" class=\"yoast-schema-graph\">{\"@context\":\"https:\/\/schema.org\",\"@graph\":[{\"@type\":\"WebSite\",\"@id\":\"https:\/\/saec.sp.gov.br\/#website\",\"url\":\"https:\/\/saec.sp.gov.br\/\",\"name\":\"SAEC Superintendencia de Agua e Esgoto de Catanduva\",\"description\":\"SAEC\",\"potentialAction\":[{\"@type\":\"SearchAction\",\"target\":\"https:\/\/saec.sp.gov.br\/?s={search_term_string}\",\"query-input\":\"required name=search_term_string\"}],\"inLanguage\":\"pt-BR\"},{\"@type\":\"ImageObject\",\"@id\":\"https:\/\/saec.sp.gov.br\/index.php\/2026\/03\/10\/visita-a-estacao-de-tratamento-de-esgoto-ete\/#primaryimage\",\"inLanguage\":\"pt-BR\",\"url\":\"https:\/\/saec.sp.gov.br\/wp-content\/uploads\/2026\/03\/WhatsApp-Image-2026-03-10-at-15.58.01.jpeg\",\"width\":1600,\"height\":1200},{\"@type\":\"WebPage\",\"@id\":\"https:\/\/saec.sp.gov.br\/index.php\/2026\/03\/10\/visita-a-estacao-de-tratamento-de-esgoto-ete\/#webpage\",\"url\":\"https:\/\/saec.sp.gov.br\/index.php\/2026\/03\/10\/visita-a-estacao-de-tratamento-de-esgoto-ete\/\",\"name\":\"VISITA \\u00c0 ESTA\\u00c7\\u00c3O DE TRATAMENTO DE ESGOTO (ETE) - SAEC Superintendencia de Agua e Esgoto de Catanduva\",\"isPartOf\":{\"@id\":\"https:\/\/saec.sp.gov.br\/#website\"},\"primaryImageOfPage\":{\"@id\":\"https:\/\/saec.sp.gov.br\/index.php\/2026\/03\/10\/visita-a-estacao-de-tratamento-de-esgoto-ete\/#primaryimage\"},\"datePublished\":\"2026-03-10T19:06:35+00:00\",\"dateModified\":\"2026-03-10T19:06:35+00:00\",\"author\":{\"@id\":\"https:\/\/saec.sp.gov.br\/#\/schema\/person\/0adeb299f513c0b2fcb1812012e43dea\"},\"inLanguage\":\"pt-BR\",\"potentialAction\":[{\"@type\":\"ReadAction\",\"target\":[\"https:\/\/saec.sp.gov.br\/index.php\/2026\/03\/10\/visita-a-estacao-de-tratamento-de-esgoto-ete\/\"]}]},{\"@type\":\"Person\",\"@id\":\"https:\/\/saec.sp.gov.br\/#\/schema\/person\/0adeb299f513c0b2fcb1812012e43dea\",\"name\":\"Karla Sibro\"}]}<\/script>\n<!-- \/ Yoast SEO plugin. -->","amp_validity":null,"amp_enabled":true,"_links":{"self":[{"href":"https:\/\/saec.sp.gov.br\/index.php\/wp-json\/wp\/v2\/posts\/12115"}],"collection":[{"href":"https:\/\/saec.sp.gov.br\/index.php\/wp-json\/wp\/v2\/posts"}],"about":[{"href":"https:\/\/saec.sp.gov.br\/index.php\/wp-json\/wp\/v2\/types\/post"}],"author":[{"embeddable":true,"href":"https:\/\/saec.sp.gov.br\/index.php\/wp-json\/wp\/v2\/users\/12"}],"replies":[{"embeddable":true,"href":"https:\/\/saec.sp.gov.br\/index.php\/wp-json\/wp\/v2\/comments?post=12115"}],"version-history":[{"count":1,"href":"https:\/\/saec.sp.gov.br\/index.php\/wp-json\/wp\/v2\/posts\/12115\/revisions"}],"predecessor-version":[{"id":12126,"href":"https:\/\/saec.sp.gov.br\/index.php\/wp-json\/wp\/v2\/posts\/12115\/revisions\/12126"}],"wp:featuredmedia":[{"embeddable":true,"href":"https:\/\/saec.sp.gov.br\/index.php\/wp-json\/wp\/v2\/media\/12125"}],"wp:attachment":[{"href":"https:\/\/saec.sp.gov.br\/index.php\/wp-json\/wp\/v2\/media?parent=12115"}],"wp:term":[{"taxonomy":"category","embeddable":true,"href":"https:\/\/saec.sp.gov.br\/index.php\/wp-json\/wp\/v2\/categories?post=12115"},{"taxonomy":"post_tag","embeddable":true,"href":"https:\/\/saec.sp.gov.br\/index.php\/wp-json\/wp\/v2\/tags?post=12115"}],"curies":[{"name":"wp","href":"https:\/\/api.w.org\/{rel}","templated":true}]}}