{"id":12132,"date":"2026-03-12T11:15:41","date_gmt":"2026-03-12T14:15:41","guid":{"rendered":"https:\/\/saec.sp.gov.br\/?p=12132"},"modified":"2026-03-12T11:15:41","modified_gmt":"2026-03-12T14:15:41","slug":"mes-da-agua-ete-de-catanduva-recebe-visita-de-estudantes-da-regiao","status":"publish","type":"post","link":"https:\/\/saec.sp.gov.br\/index.php\/2026\/03\/12\/mes-da-agua-ete-de-catanduva-recebe-visita-de-estudantes-da-regiao\/","title":{"rendered":"M\u00caS DA \u00c1GUA: ETE DE CATANDUVA RECEBE VISITA DE ESTUDANTES DA REGI\u00c3O"},"content":{"rendered":"<div class=\"xdj266r x14z9mp xat24cr x1lziwak x1vvkbs x126k92a\">\n<div dir=\"auto\"><\/div>\n<\/div>\n<div class=\"x14z9mp xat24cr x1lziwak x1vvkbs xtlvy1s x126k92a\">\n<div dir=\"auto\">Em comemora\u00e7\u00e3o ao Dia Mundial da \u00c1gua, a Saec recebeu com muita alegria os alunos dos 7\u00ba e 8\u00ba anos da Escola Professora Regina Tereza Aparecida Savazzi, de Elisi\u00e1rio, para uma visita educativa \u00e0 Esta\u00e7\u00e3o de Tratamento de Esgoto (ETE). Durante a atividade, os estudantes puderam conhecer de perto todas as etapas do tratamento do esgoto, desde a chegada at\u00e9 o processo final.<\/div>\n<div dir=\"auto\"><\/div>\n<div dir=\"auto\">Eles aprenderam na pr\u00e1tica como o saneamento b\u00e1sico \u00e9 fundamental para proteger os recursos h\u00eddricos, preservar o meio ambiente e garantir mais sa\u00fade para a popula\u00e7\u00e3o.<\/div>\n<div dir=\"auto\"><\/div>\n<\/div>\n<div class=\"x14z9mp xat24cr x1lziwak x1vvkbs xtlvy1s x126k92a\">\n<div dir=\"auto\">A visita tamb\u00e9m refor\u00e7a um ponto importante: a ETE de Catanduva \u00e9 refer\u00eancia na regi\u00e3o. Por isso, escolas e institui\u00e7\u00f5es de diferentes cidades procuram conhecer o sistema desenvolvido pela Saec, que se tornou modelo em tratamento de esgoto e gest\u00e3o ambiental.<\/div>\n<div dir=\"auto\"><\/div>\n<\/div>\n<div class=\"x14z9mp xat24cr x1lziwak x1vvkbs xtlvy1s x126k92a\">\n<div dir=\"auto\">Mais do que apresentar a estrutura da esta\u00e7\u00e3o, o encontro proporcionou aos alunos uma verdadeira experi\u00eancia de educa\u00e7\u00e3o ambiental. A a\u00e7\u00e3o refor\u00e7a o compromisso que conhecimento e atitudes conscientes fazem toda a diferen\u00e7a para um futuro mais sustent\u00e1vel.<\/div>\n<\/div>\n<div dir=\"auto\"><\/div>\n<div dir=\"auto\"><img loading=\"lazy\" decoding=\"async\" class=\"alignnone size-medium wp-image-12139 lazyload\" src=\"data:image\/gif;base64,R0lGODlhAQABAAAAACH5BAEKAAEALAAAAAABAAEAAAICTAEAOw==\" data-src=\"http:\/\/saec.sp.gov.br\/wp-content\/uploads\/2026\/03\/WhatsApp-Image-2026-03-12-at-11.09.45-300x225.jpeg\" alt=\"\" width=\"300\" height=\"225\" data-sizes=\"auto\" data-srcset=\"https:\/\/saec.sp.gov.br\/wp-content\/uploads\/2026\/03\/WhatsApp-Image-2026-03-12-at-11.09.45-300x225.jpeg 300w, https:\/\/saec.sp.gov.br\/wp-content\/uploads\/2026\/03\/WhatsApp-Image-2026-03-12-at-11.09.45-1024x768.jpeg 1024w, https:\/\/saec.sp.gov.br\/wp-content\/uploads\/2026\/03\/WhatsApp-Image-2026-03-12-at-11.09.45-768x576.jpeg 768w, https:\/\/saec.sp.gov.br\/wp-content\/uploads\/2026\/03\/WhatsApp-Image-2026-03-12-at-11.09.45-1536x1152.jpeg 1536w, https:\/\/saec.sp.gov.br\/wp-content\/uploads\/2026\/03\/WhatsApp-Image-2026-03-12-at-11.09.45-1100x825.jpeg 1100w, https:\/\/saec.sp.gov.br\/wp-content\/uploads\/2026\/03\/WhatsApp-Image-2026-03-12-at-11.09.45-600x450.jpeg 600w, https:\/\/saec.sp.gov.br\/wp-content\/uploads\/2026\/03\/WhatsApp-Image-2026-03-12-at-11.09.45-20x15.jpeg 20w, https:\/\/saec.sp.gov.br\/wp-content\/uploads\/2026\/03\/WhatsApp-Image-2026-03-12-at-11.09.45.jpeg 1600w\" sizes=\"(max-width: 300px) 100vw, 300px\" \/> <img loading=\"lazy\" decoding=\"async\" class=\"alignnone size-medium wp-image-12138 lazyload\" src=\"data:image\/gif;base64,R0lGODlhAQABAAAAACH5BAEKAAEALAAAAAABAAEAAAICTAEAOw==\" data-src=\"http:\/\/saec.sp.gov.br\/wp-content\/uploads\/2026\/03\/WhatsApp-Image-2026-03-12-at-11.09.53-300x285.jpeg\" alt=\"\" width=\"300\" height=\"285\" data-sizes=\"auto\" data-srcset=\"https:\/\/saec.sp.gov.br\/wp-content\/uploads\/2026\/03\/WhatsApp-Image-2026-03-12-at-11.09.53-300x285.jpeg 300w, https:\/\/saec.sp.gov.br\/wp-content\/uploads\/2026\/03\/WhatsApp-Image-2026-03-12-at-11.09.53-1024x972.jpeg 1024w, https:\/\/saec.sp.gov.br\/wp-content\/uploads\/2026\/03\/WhatsApp-Image-2026-03-12-at-11.09.53-768x729.jpeg 768w, https:\/\/saec.sp.gov.br\/wp-content\/uploads\/2026\/03\/WhatsApp-Image-2026-03-12-at-11.09.53-1100x1044.jpeg 1100w, https:\/\/saec.sp.gov.br\/wp-content\/uploads\/2026\/03\/WhatsApp-Image-2026-03-12-at-11.09.53-600x569.jpeg 600w, https:\/\/saec.sp.gov.br\/wp-content\/uploads\/2026\/03\/WhatsApp-Image-2026-03-12-at-11.09.53-20x19.jpeg 20w, https:\/\/saec.sp.gov.br\/wp-content\/uploads\/2026\/03\/WhatsApp-Image-2026-03-12-at-11.09.53.jpeg 1290w\" sizes=\"(max-width: 300px) 100vw, 300px\" \/> <img loading=\"lazy\" decoding=\"async\" class=\"alignnone size-medium wp-image-12137 lazyload\" src=\"data:image\/gif;base64,R0lGODlhAQABAAAAACH5BAEKAAEALAAAAAABAAEAAAICTAEAOw==\" data-src=\"http:\/\/saec.sp.gov.br\/wp-content\/uploads\/2026\/03\/WhatsApp-Image-2026-03-12-at-11.10.01-300x184.jpeg\" alt=\"\" width=\"300\" height=\"184\" data-sizes=\"auto\" data-srcset=\"https:\/\/saec.sp.gov.br\/wp-content\/uploads\/2026\/03\/WhatsApp-Image-2026-03-12-at-11.10.01-300x184.jpeg 300w, https:\/\/saec.sp.gov.br\/wp-content\/uploads\/2026\/03\/WhatsApp-Image-2026-03-12-at-11.10.01-1024x629.jpeg 1024w, https:\/\/saec.sp.gov.br\/wp-content\/uploads\/2026\/03\/WhatsApp-Image-2026-03-12-at-11.10.01-768x472.jpeg 768w, https:\/\/saec.sp.gov.br\/wp-content\/uploads\/2026\/03\/WhatsApp-Image-2026-03-12-at-11.10.01-1100x675.jpeg 1100w, https:\/\/saec.sp.gov.br\/wp-content\/uploads\/2026\/03\/WhatsApp-Image-2026-03-12-at-11.10.01-600x368.jpeg 600w, https:\/\/saec.sp.gov.br\/wp-content\/uploads\/2026\/03\/WhatsApp-Image-2026-03-12-at-11.10.01-20x12.jpeg 20w, https:\/\/saec.sp.gov.br\/wp-content\/uploads\/2026\/03\/WhatsApp-Image-2026-03-12-at-11.10.01.jpeg 1290w\" sizes=\"(max-width: 300px) 100vw, 300px\" \/> <img loading=\"lazy\" decoding=\"async\" class=\"alignnone size-medium wp-image-12136 lazyload\" src=\"data:image\/gif;base64,R0lGODlhAQABAAAAACH5BAEKAAEALAAAAAABAAEAAAICTAEAOw==\" data-src=\"http:\/\/saec.sp.gov.br\/wp-content\/uploads\/2026\/03\/WhatsApp-Image-2026-03-12-at-11.10.09-300x225.jpeg\" alt=\"\" width=\"300\" height=\"225\" data-sizes=\"auto\" data-srcset=\"https:\/\/saec.sp.gov.br\/wp-content\/uploads\/2026\/03\/WhatsApp-Image-2026-03-12-at-11.10.09-300x225.jpeg 300w, https:\/\/saec.sp.gov.br\/wp-content\/uploads\/2026\/03\/WhatsApp-Image-2026-03-12-at-11.10.09-1024x768.jpeg 1024w, https:\/\/saec.sp.gov.br\/wp-content\/uploads\/2026\/03\/WhatsApp-Image-2026-03-12-at-11.10.09-768x576.jpeg 768w, https:\/\/saec.sp.gov.br\/wp-content\/uploads\/2026\/03\/WhatsApp-Image-2026-03-12-at-11.10.09-1536x1152.jpeg 1536w, https:\/\/saec.sp.gov.br\/wp-content\/uploads\/2026\/03\/WhatsApp-Image-2026-03-12-at-11.10.09-1100x825.jpeg 1100w, https:\/\/saec.sp.gov.br\/wp-content\/uploads\/2026\/03\/WhatsApp-Image-2026-03-12-at-11.10.09-600x450.jpeg 600w, https:\/\/saec.sp.gov.br\/wp-content\/uploads\/2026\/03\/WhatsApp-Image-2026-03-12-at-11.10.09-20x15.jpeg 20w, https:\/\/saec.sp.gov.br\/wp-content\/uploads\/2026\/03\/WhatsApp-Image-2026-03-12-at-11.10.09.jpeg 1600w\" sizes=\"(max-width: 300px) 100vw, 300px\" \/> <img loading=\"lazy\" decoding=\"async\" class=\"alignnone size-medium wp-image-12135 lazyload\" src=\"data:image\/gif;base64,R0lGODlhAQABAAAAACH5BAEKAAEALAAAAAABAAEAAAICTAEAOw==\" data-src=\"http:\/\/saec.sp.gov.br\/wp-content\/uploads\/2026\/03\/WhatsApp-Image-2026-03-12-at-11.10.17-300x220.jpeg\" alt=\"\" width=\"300\" height=\"220\" data-sizes=\"auto\" data-srcset=\"https:\/\/saec.sp.gov.br\/wp-content\/uploads\/2026\/03\/WhatsApp-Image-2026-03-12-at-11.10.17-300x220.jpeg 300w, https:\/\/saec.sp.gov.br\/wp-content\/uploads\/2026\/03\/WhatsApp-Image-2026-03-12-at-11.10.17-1024x753.jpeg 1024w, https:\/\/saec.sp.gov.br\/wp-content\/uploads\/2026\/03\/WhatsApp-Image-2026-03-12-at-11.10.17-768x564.jpeg 768w, https:\/\/saec.sp.gov.br\/wp-content\/uploads\/2026\/03\/WhatsApp-Image-2026-03-12-at-11.10.17-1100x808.jpeg 1100w, https:\/\/saec.sp.gov.br\/wp-content\/uploads\/2026\/03\/WhatsApp-Image-2026-03-12-at-11.10.17-600x441.jpeg 600w, https:\/\/saec.sp.gov.br\/wp-content\/uploads\/2026\/03\/WhatsApp-Image-2026-03-12-at-11.10.17-20x15.jpeg 20w, https:\/\/saec.sp.gov.br\/wp-content\/uploads\/2026\/03\/WhatsApp-Image-2026-03-12-at-11.10.17.jpeg 1290w\" sizes=\"(max-width: 300px) 100vw, 300px\" \/> <img loading=\"lazy\" decoding=\"async\" class=\"alignnone size-medium wp-image-12134 lazyload\" src=\"data:image\/gif;base64,R0lGODlhAQABAAAAACH5BAEKAAEALAAAAAABAAEAAAICTAEAOw==\" data-src=\"http:\/\/saec.sp.gov.br\/wp-content\/uploads\/2026\/03\/WhatsApp-Image-2026-03-12-at-11.10.26-269x300.jpeg\" alt=\"\" width=\"269\" height=\"300\" data-sizes=\"auto\" data-srcset=\"https:\/\/saec.sp.gov.br\/wp-content\/uploads\/2026\/03\/WhatsApp-Image-2026-03-12-at-11.10.26-269x300.jpeg 269w, https:\/\/saec.sp.gov.br\/wp-content\/uploads\/2026\/03\/WhatsApp-Image-2026-03-12-at-11.10.26-917x1024.jpeg 917w, https:\/\/saec.sp.gov.br\/wp-content\/uploads\/2026\/03\/WhatsApp-Image-2026-03-12-at-11.10.26-768x857.jpeg 768w, https:\/\/saec.sp.gov.br\/wp-content\/uploads\/2026\/03\/WhatsApp-Image-2026-03-12-at-11.10.26-1100x1228.jpeg 1100w, https:\/\/saec.sp.gov.br\/wp-content\/uploads\/2026\/03\/WhatsApp-Image-2026-03-12-at-11.10.26-600x670.jpeg 600w, https:\/\/saec.sp.gov.br\/wp-content\/uploads\/2026\/03\/WhatsApp-Image-2026-03-12-at-11.10.26-20x22.jpeg 20w, https:\/\/saec.sp.gov.br\/wp-content\/uploads\/2026\/03\/WhatsApp-Image-2026-03-12-at-11.10.26.jpeg 1290w\" sizes=\"(max-width: 269px) 100vw, 269px\" \/> <img loading=\"lazy\" decoding=\"async\" class=\"alignnone size-medium wp-image-12133 lazyload\" src=\"data:image\/gif;base64,R0lGODlhAQABAAAAACH5BAEKAAEALAAAAAABAAEAAAICTAEAOw==\" data-src=\"http:\/\/saec.sp.gov.br\/wp-content\/uploads\/2026\/03\/WhatsApp-Image-2026-03-12-at-11.10.34-300x186.jpeg\" alt=\"\" width=\"300\" height=\"186\" data-sizes=\"auto\" data-srcset=\"https:\/\/saec.sp.gov.br\/wp-content\/uploads\/2026\/03\/WhatsApp-Image-2026-03-12-at-11.10.34-300x186.jpeg 300w, https:\/\/saec.sp.gov.br\/wp-content\/uploads\/2026\/03\/WhatsApp-Image-2026-03-12-at-11.10.34-1024x633.jpeg 1024w, https:\/\/saec.sp.gov.br\/wp-content\/uploads\/2026\/03\/WhatsApp-Image-2026-03-12-at-11.10.34-768x475.jpeg 768w, https:\/\/saec.sp.gov.br\/wp-content\/uploads\/2026\/03\/WhatsApp-Image-2026-03-12-at-11.10.34-1100x680.jpeg 1100w, https:\/\/saec.sp.gov.br\/wp-content\/uploads\/2026\/03\/WhatsApp-Image-2026-03-12-at-11.10.34-600x371.jpeg 600w, https:\/\/saec.sp.gov.br\/wp-content\/uploads\/2026\/03\/WhatsApp-Image-2026-03-12-at-11.10.34-20x12.jpeg 20w, https:\/\/saec.sp.gov.br\/wp-content\/uploads\/2026\/03\/WhatsApp-Image-2026-03-12-at-11.10.34.jpeg 1290w\" sizes=\"(max-width: 300px) 100vw, 300px\" \/><\/div>\n<div dir=\"auto\"><\/div>\n","protected":false},"excerpt":{"rendered":"<p>Em comemora\u00e7\u00e3o ao Dia Mundial da \u00c1gua, a Saec recebeu com muita alegria os alunos dos 7\u00ba e 8\u00ba anos da Escola Professora Regina Tereza Aparecida Savazzi, de Elisi\u00e1rio, para uma visita educativa \u00e0 Esta\u00e7\u00e3o de Tratamento de Esgoto (ETE). Durante a atividade, os estudantes puderam conhecer de perto todas as etapas do tratamento do [&hellip;]<\/p>\n","protected":false},"author":12,"featured_media":12140,"comment_status":"closed","ping_status":"closed","sticky":false,"template":"","format":"standard","meta":{"footnotes":""},"categories":[41],"tags":[],"yoast_head":"<!-- This site is optimized with the Yoast SEO plugin v15.3 - https:\/\/yoast.com\/wordpress\/plugins\/seo\/ -->\n<title>M\u00caS DA \u00c1GUA: ETE DE CATANDUVA RECEBE VISITA DE ESTUDANTES DA REGI\u00c3O - SAEC Superintendencia de Agua e Esgoto de Catanduva<\/title>\n<meta name=\"robots\" content=\"index, follow, max-snippet:-1, max-image-preview:large, max-video-preview:-1\" \/>\n<link rel=\"canonical\" href=\"https:\/\/saec.sp.gov.br\/index.php\/2026\/03\/12\/mes-da-agua-ete-de-catanduva-recebe-visita-de-estudantes-da-regiao\/\" \/>\n<meta property=\"og:locale\" content=\"pt_BR\" \/>\n<meta property=\"og:type\" content=\"article\" \/>\n<meta property=\"og:title\" content=\"M\u00caS DA \u00c1GUA: ETE DE CATANDUVA RECEBE VISITA DE ESTUDANTES DA REGI\u00c3O - SAEC Superintendencia de Agua e Esgoto de Catanduva\" \/>\n<meta property=\"og:description\" content=\"Em comemora\u00e7\u00e3o ao Dia Mundial da \u00c1gua, a Saec recebeu com muita alegria os alunos dos 7\u00ba e 8\u00ba anos da Escola Professora Regina Tereza Aparecida Savazzi, de Elisi\u00e1rio, para uma visita educativa \u00e0 Esta\u00e7\u00e3o de Tratamento de Esgoto (ETE). Durante a atividade, os estudantes puderam conhecer de perto todas as etapas do tratamento do [&hellip;]\" \/>\n<meta property=\"og:url\" content=\"https:\/\/saec.sp.gov.br\/index.php\/2026\/03\/12\/mes-da-agua-ete-de-catanduva-recebe-visita-de-estudantes-da-regiao\/\" \/>\n<meta property=\"og:site_name\" content=\"SAEC Superintendencia de Agua e Esgoto de Catanduva\" \/>\n<meta property=\"article:published_time\" content=\"2026-03-12T14:15:41+00:00\" \/>\n<meta property=\"og:image\" content=\"https:\/\/saec.sp.gov.br\/wp-content\/uploads\/2026\/03\/WhatsApp-Image-2026-03-12-at-11.09.36.jpeg\" \/>\n\t<meta property=\"og:image:width\" content=\"1290\" \/>\n\t<meta property=\"og:image:height\" content=\"1488\" \/>\n<meta name=\"twitter:card\" content=\"summary\" \/>\n<meta name=\"twitter:label1\" content=\"Written by\">\n\t<meta name=\"twitter:data1\" content=\"Karla Sibro\">\n\t<meta name=\"twitter:label2\" content=\"Est. reading time\">\n\t<meta name=\"twitter:data2\" content=\"1 minuto\">\n<script type=\"application\/ld+json\" class=\"yoast-schema-graph\">{\"@context\":\"https:\/\/schema.org\",\"@graph\":[{\"@type\":\"WebSite\",\"@id\":\"https:\/\/saec.sp.gov.br\/#website\",\"url\":\"https:\/\/saec.sp.gov.br\/\",\"name\":\"SAEC Superintendencia de Agua e Esgoto de Catanduva\",\"description\":\"SAEC\",\"potentialAction\":[{\"@type\":\"SearchAction\",\"target\":\"https:\/\/saec.sp.gov.br\/?s={search_term_string}\",\"query-input\":\"required name=search_term_string\"}],\"inLanguage\":\"pt-BR\"},{\"@type\":\"ImageObject\",\"@id\":\"https:\/\/saec.sp.gov.br\/index.php\/2026\/03\/12\/mes-da-agua-ete-de-catanduva-recebe-visita-de-estudantes-da-regiao\/#primaryimage\",\"inLanguage\":\"pt-BR\",\"url\":\"https:\/\/saec.sp.gov.br\/wp-content\/uploads\/2026\/03\/WhatsApp-Image-2026-03-12-at-11.09.36.jpeg\",\"width\":1290,\"height\":1488},{\"@type\":\"WebPage\",\"@id\":\"https:\/\/saec.sp.gov.br\/index.php\/2026\/03\/12\/mes-da-agua-ete-de-catanduva-recebe-visita-de-estudantes-da-regiao\/#webpage\",\"url\":\"https:\/\/saec.sp.gov.br\/index.php\/2026\/03\/12\/mes-da-agua-ete-de-catanduva-recebe-visita-de-estudantes-da-regiao\/\",\"name\":\"M\\u00caS DA \\u00c1GUA: ETE DE CATANDUVA RECEBE VISITA DE ESTUDANTES DA REGI\\u00c3O - SAEC Superintendencia de Agua e Esgoto de Catanduva\",\"isPartOf\":{\"@id\":\"https:\/\/saec.sp.gov.br\/#website\"},\"primaryImageOfPage\":{\"@id\":\"https:\/\/saec.sp.gov.br\/index.php\/2026\/03\/12\/mes-da-agua-ete-de-catanduva-recebe-visita-de-estudantes-da-regiao\/#primaryimage\"},\"datePublished\":\"2026-03-12T14:15:41+00:00\",\"dateModified\":\"2026-03-12T14:15:41+00:00\",\"author\":{\"@id\":\"https:\/\/saec.sp.gov.br\/#\/schema\/person\/0adeb299f513c0b2fcb1812012e43dea\"},\"inLanguage\":\"pt-BR\",\"potentialAction\":[{\"@type\":\"ReadAction\",\"target\":[\"https:\/\/saec.sp.gov.br\/index.php\/2026\/03\/12\/mes-da-agua-ete-de-catanduva-recebe-visita-de-estudantes-da-regiao\/\"]}]},{\"@type\":\"Person\",\"@id\":\"https:\/\/saec.sp.gov.br\/#\/schema\/person\/0adeb299f513c0b2fcb1812012e43dea\",\"name\":\"Karla Sibro\"}]}<\/script>\n<!-- \/ Yoast SEO plugin. -->","amp_validity":null,"amp_enabled":true,"_links":{"self":[{"href":"https:\/\/saec.sp.gov.br\/index.php\/wp-json\/wp\/v2\/posts\/12132"}],"collection":[{"href":"https:\/\/saec.sp.gov.br\/index.php\/wp-json\/wp\/v2\/posts"}],"about":[{"href":"https:\/\/saec.sp.gov.br\/index.php\/wp-json\/wp\/v2\/types\/post"}],"author":[{"embeddable":true,"href":"https:\/\/saec.sp.gov.br\/index.php\/wp-json\/wp\/v2\/users\/12"}],"replies":[{"embeddable":true,"href":"https:\/\/saec.sp.gov.br\/index.php\/wp-json\/wp\/v2\/comments?post=12132"}],"version-history":[{"count":1,"href":"https:\/\/saec.sp.gov.br\/index.php\/wp-json\/wp\/v2\/posts\/12132\/revisions"}],"predecessor-version":[{"id":12141,"href":"https:\/\/saec.sp.gov.br\/index.php\/wp-json\/wp\/v2\/posts\/12132\/revisions\/12141"}],"wp:featuredmedia":[{"embeddable":true,"href":"https:\/\/saec.sp.gov.br\/index.php\/wp-json\/wp\/v2\/media\/12140"}],"wp:attachment":[{"href":"https:\/\/saec.sp.gov.br\/index.php\/wp-json\/wp\/v2\/media?parent=12132"}],"wp:term":[{"taxonomy":"category","embeddable":true,"href":"https:\/\/saec.sp.gov.br\/index.php\/wp-json\/wp\/v2\/categories?post=12132"},{"taxonomy":"post_tag","embeddable":true,"href":"https:\/\/saec.sp.gov.br\/index.php\/wp-json\/wp\/v2\/tags?post=12132"}],"curies":[{"name":"wp","href":"https:\/\/api.w.org\/{rel}","templated":true}]}}