{"id":12144,"date":"2026-03-12T15:28:07","date_gmt":"2026-03-12T18:28:07","guid":{"rendered":"https:\/\/saec.sp.gov.br\/?p=12144"},"modified":"2026-03-12T15:28:20","modified_gmt":"2026-03-12T18:28:20","slug":"economia-circular-na-pratica-carreta-do-senai-chega-a-saec-na-semana-da-agua","status":"publish","type":"post","link":"https:\/\/saec.sp.gov.br\/index.php\/2026\/03\/12\/economia-circular-na-pratica-carreta-do-senai-chega-a-saec-na-semana-da-agua\/","title":{"rendered":"ECONOMIA CIRCULAR NA PR\u00c1TICA! CARRETA DO SENAI CHEGA \u00c0 SAEC NA SEMANA DA \u00c1GUA"},"content":{"rendered":"<div class=\"xdj266r x14z9mp xat24cr x1lziwak x1vvkbs x126k92a\">\n<div dir=\"auto\">A programa\u00e7\u00e3o da Semana da \u00c1gua 2026 da Saec continua \u2014 e o pr\u00f3ximo convite tamb\u00e9m \u00e9 pra l\u00e1 de especial. Que tal participar de uma palestra show sobre Economia Circular? Nesta ter\u00e7a-feira, dia 17, a carreta-escola do Senai estar\u00e1 estacionada na Saec com sess\u00f5es de hora em hora, abertas para a popula\u00e7\u00e3o e convidados.<\/div>\n<\/div>\n<div class=\"x14z9mp xat24cr x1lziwak x1vvkbs xtlvy1s x126k92a\">\n<div dir=\"auto\">Dentro da carreta, voc\u00ea viver\u00e1 uma experi\u00eancia imersiva e interativa para entender na pr\u00e1tica como a Economia Circular pode contribuir para reduzir desperd\u00edcios, reaproveitar recursos e gerar mais sustentabilidade para o dia a dia. <span class=\"html-span xexx8yu xyri2b x18d9i69 x1c1uobl x1hl2dhg x16tdsg8 x1vvkbs x3nfvp2 x1j61x8r x1fcty0u xdj266r xat24cr xm2jcoa x1mpyi22 xxymvpz xlup9mm x1kky2od\"><img loading=\"lazy\" decoding=\"async\" class=\"xz74otr x15mokao x1ga7v0g x16uus16 xbiv7yw lazyload\" src=\"data:image\/gif;base64,R0lGODlhAQABAAAAACH5BAEKAAEALAAAAAABAAEAAAICTAEAOw==\" data-src=\"https:\/\/static.xx.fbcdn.net\/images\/emoji.php\/v9\/tf8\/1\/16\/267b.png\" alt=\"\u267b\ufe0f\" width=\"16\" height=\"16\" \/><\/span><\/div>\n<\/div>\n<div class=\"x14z9mp xat24cr x1lziwak x1vvkbs xtlvy1s x126k92a\">\n<div dir=\"auto\"><\/div>\n<div dir=\"auto\">As turmas s\u00e3o limitadas: apenas 20 vagas por sess\u00e3o.<\/div>\n<\/div>\n<div class=\"x14z9mp xat24cr x1lziwak x1vvkbs xtlvy1s x126k92a\">\n<div dir=\"auto\"><\/div>\n<div dir=\"auto\">Garanta sua participa\u00e7\u00e3o:<\/div>\n<div dir=\"auto\">Agende pelo telefone (17) 3531-0600. Evento gratuito.<\/div>\n<\/div>\n<div class=\"x14z9mp xat24cr x1lziwak x1vvkbs xtlvy1s x126k92a\">\n<div dir=\"auto\"><\/div>\n<div dir=\"auto\">A a\u00e7\u00e3o faz parte da Semana da \u00c1gua 2026 da Saec e visa refor\u00e7ar a import\u00e2ncia de atitudes para transformar o futuro.<\/div>\n<\/div>\n<div class=\"x14z9mp xat24cr x1lziwak x1vvkbs xtlvy1s x126k92a\">\n<div dir=\"auto\"><\/div>\n<div dir=\"auto\">Vem com a gente nessa corrente de reutilizar, reparar e reciclar.<\/div>\n<\/div>\n","protected":false},"excerpt":{"rendered":"<p>A programa\u00e7\u00e3o da Semana da \u00c1gua 2026 da Saec continua \u2014 e o pr\u00f3ximo convite tamb\u00e9m \u00e9 pra l\u00e1 de especial. Que tal participar de uma palestra show sobre Economia Circular? Nesta ter\u00e7a-feira, dia 17, a carreta-escola do Senai estar\u00e1 estacionada na Saec com sess\u00f5es de hora em hora, abertas para a popula\u00e7\u00e3o e convidados. [&hellip;]<\/p>\n","protected":false},"author":12,"featured_media":12145,"comment_status":"closed","ping_status":"closed","sticky":false,"template":"","format":"standard","meta":{"footnotes":""},"categories":[41],"tags":[],"yoast_head":"<!-- This site is optimized with the Yoast SEO plugin v15.3 - https:\/\/yoast.com\/wordpress\/plugins\/seo\/ -->\n<title>ECONOMIA CIRCULAR NA PR\u00c1TICA! CARRETA DO SENAI CHEGA \u00c0 SAEC NA SEMANA DA \u00c1GUA - SAEC Superintendencia de Agua e Esgoto de Catanduva<\/title>\n<meta name=\"robots\" content=\"index, follow, max-snippet:-1, max-image-preview:large, max-video-preview:-1\" \/>\n<link rel=\"canonical\" href=\"https:\/\/saec.sp.gov.br\/index.php\/2026\/03\/12\/economia-circular-na-pratica-carreta-do-senai-chega-a-saec-na-semana-da-agua\/\" \/>\n<meta property=\"og:locale\" content=\"pt_BR\" \/>\n<meta property=\"og:type\" content=\"article\" \/>\n<meta property=\"og:title\" content=\"ECONOMIA CIRCULAR NA PR\u00c1TICA! CARRETA DO SENAI CHEGA \u00c0 SAEC NA SEMANA DA \u00c1GUA - SAEC Superintendencia de Agua e Esgoto de Catanduva\" \/>\n<meta property=\"og:description\" content=\"A programa\u00e7\u00e3o da Semana da \u00c1gua 2026 da Saec continua \u2014 e o pr\u00f3ximo convite tamb\u00e9m \u00e9 pra l\u00e1 de especial. Que tal participar de uma palestra show sobre Economia Circular? Nesta ter\u00e7a-feira, dia 17, a carreta-escola do Senai estar\u00e1 estacionada na Saec com sess\u00f5es de hora em hora, abertas para a popula\u00e7\u00e3o e convidados. [&hellip;]\" \/>\n<meta property=\"og:url\" content=\"https:\/\/saec.sp.gov.br\/index.php\/2026\/03\/12\/economia-circular-na-pratica-carreta-do-senai-chega-a-saec-na-semana-da-agua\/\" \/>\n<meta property=\"og:site_name\" content=\"SAEC Superintendencia de Agua e Esgoto de Catanduva\" \/>\n<meta property=\"article:published_time\" content=\"2026-03-12T18:28:07+00:00\" \/>\n<meta property=\"article:modified_time\" content=\"2026-03-12T18:28:20+00:00\" \/>\n<meta property=\"og:image\" content=\"https:\/\/saec.sp.gov.br\/wp-content\/uploads\/2026\/03\/02.jpg\" \/>\n\t<meta property=\"og:image:width\" content=\"1000\" \/>\n\t<meta property=\"og:image:height\" content=\"563\" \/>\n<meta name=\"twitter:card\" content=\"summary\" \/>\n<meta name=\"twitter:label1\" content=\"Written by\">\n\t<meta name=\"twitter:data1\" content=\"Karla Sibro\">\n\t<meta name=\"twitter:label2\" content=\"Est. reading time\">\n\t<meta name=\"twitter:data2\" content=\"1 minuto\">\n<script type=\"application\/ld+json\" class=\"yoast-schema-graph\">{\"@context\":\"https:\/\/schema.org\",\"@graph\":[{\"@type\":\"WebSite\",\"@id\":\"https:\/\/saec.sp.gov.br\/#website\",\"url\":\"https:\/\/saec.sp.gov.br\/\",\"name\":\"SAEC Superintendencia de Agua e Esgoto de Catanduva\",\"description\":\"SAEC\",\"potentialAction\":[{\"@type\":\"SearchAction\",\"target\":\"https:\/\/saec.sp.gov.br\/?s={search_term_string}\",\"query-input\":\"required name=search_term_string\"}],\"inLanguage\":\"pt-BR\"},{\"@type\":\"ImageObject\",\"@id\":\"https:\/\/saec.sp.gov.br\/index.php\/2026\/03\/12\/economia-circular-na-pratica-carreta-do-senai-chega-a-saec-na-semana-da-agua\/#primaryimage\",\"inLanguage\":\"pt-BR\",\"url\":\"https:\/\/saec.sp.gov.br\/wp-content\/uploads\/2026\/03\/02.jpg\",\"width\":1000,\"height\":563},{\"@type\":\"WebPage\",\"@id\":\"https:\/\/saec.sp.gov.br\/index.php\/2026\/03\/12\/economia-circular-na-pratica-carreta-do-senai-chega-a-saec-na-semana-da-agua\/#webpage\",\"url\":\"https:\/\/saec.sp.gov.br\/index.php\/2026\/03\/12\/economia-circular-na-pratica-carreta-do-senai-chega-a-saec-na-semana-da-agua\/\",\"name\":\"ECONOMIA CIRCULAR NA PR\\u00c1TICA! CARRETA DO SENAI CHEGA \\u00c0 SAEC NA SEMANA DA \\u00c1GUA - SAEC Superintendencia de Agua e Esgoto de Catanduva\",\"isPartOf\":{\"@id\":\"https:\/\/saec.sp.gov.br\/#website\"},\"primaryImageOfPage\":{\"@id\":\"https:\/\/saec.sp.gov.br\/index.php\/2026\/03\/12\/economia-circular-na-pratica-carreta-do-senai-chega-a-saec-na-semana-da-agua\/#primaryimage\"},\"datePublished\":\"2026-03-12T18:28:07+00:00\",\"dateModified\":\"2026-03-12T18:28:20+00:00\",\"author\":{\"@id\":\"https:\/\/saec.sp.gov.br\/#\/schema\/person\/0adeb299f513c0b2fcb1812012e43dea\"},\"inLanguage\":\"pt-BR\",\"potentialAction\":[{\"@type\":\"ReadAction\",\"target\":[\"https:\/\/saec.sp.gov.br\/index.php\/2026\/03\/12\/economia-circular-na-pratica-carreta-do-senai-chega-a-saec-na-semana-da-agua\/\"]}]},{\"@type\":\"Person\",\"@id\":\"https:\/\/saec.sp.gov.br\/#\/schema\/person\/0adeb299f513c0b2fcb1812012e43dea\",\"name\":\"Karla Sibro\"}]}<\/script>\n<!-- \/ Yoast SEO plugin. -->","amp_validity":null,"amp_enabled":true,"_links":{"self":[{"href":"https:\/\/saec.sp.gov.br\/index.php\/wp-json\/wp\/v2\/posts\/12144"}],"collection":[{"href":"https:\/\/saec.sp.gov.br\/index.php\/wp-json\/wp\/v2\/posts"}],"about":[{"href":"https:\/\/saec.sp.gov.br\/index.php\/wp-json\/wp\/v2\/types\/post"}],"author":[{"embeddable":true,"href":"https:\/\/saec.sp.gov.br\/index.php\/wp-json\/wp\/v2\/users\/12"}],"replies":[{"embeddable":true,"href":"https:\/\/saec.sp.gov.br\/index.php\/wp-json\/wp\/v2\/comments?post=12144"}],"version-history":[{"count":2,"href":"https:\/\/saec.sp.gov.br\/index.php\/wp-json\/wp\/v2\/posts\/12144\/revisions"}],"predecessor-version":[{"id":12147,"href":"https:\/\/saec.sp.gov.br\/index.php\/wp-json\/wp\/v2\/posts\/12144\/revisions\/12147"}],"wp:featuredmedia":[{"embeddable":true,"href":"https:\/\/saec.sp.gov.br\/index.php\/wp-json\/wp\/v2\/media\/12145"}],"wp:attachment":[{"href":"https:\/\/saec.sp.gov.br\/index.php\/wp-json\/wp\/v2\/media?parent=12144"}],"wp:term":[{"taxonomy":"category","embeddable":true,"href":"https:\/\/saec.sp.gov.br\/index.php\/wp-json\/wp\/v2\/categories?post=12144"},{"taxonomy":"post_tag","embeddable":true,"href":"https:\/\/saec.sp.gov.br\/index.php\/wp-json\/wp\/v2\/tags?post=12144"}],"curies":[{"name":"wp","href":"https:\/\/api.w.org\/{rel}","templated":true}]}}