{"id":1222,"date":"2017-06-27T11:00:59","date_gmt":"2017-06-27T11:00:59","guid":{"rendered":"http:\/\/saec.sp.gov.br\/?p=1222"},"modified":"2020-11-23T15:08:53","modified_gmt":"2020-11-23T15:08:53","slug":"saec-comemora-um-ano-de-casa-nova","status":"publish","type":"post","link":"https:\/\/saec.sp.gov.br\/index.php\/2017\/06\/27\/saec-comemora-um-ano-de-casa-nova\/","title":{"rendered":"SAEC comemora um ano de casa nova."},"content":{"rendered":"<p>&nbsp;<\/p>\n<p>A Superintend\u00eancia de \u00c1gua e Esgoto de Catanduva (SAEC) completou, na semana passada (20), um ano de casa nova. As instala\u00e7\u00f5es ganharam mais espa\u00e7o e comodidade para o bom atendimento ao contribuinte, al\u00e9m de favorecer tamb\u00e9m os funcion\u00e1rios, que agora contam com estrutura adequada para o andamento dos servi\u00e7os t\u00e9cnicos e administrativos.<\/p>\n<p>O antigo pr\u00e9dio onde funcionava a SAEC j\u00e1 n\u00e3o atendia a demanda de atendimento ao contribuinte e a realiza\u00e7\u00e3o dos trabalhos. A informa\u00e7\u00e3o \u00e9 confirmada pela contribuinte Gra\u00e7a Gomes. \u201cO atendimento melhorou muito desde ent\u00e3o. Sempre que preciso, sou atendida rapidamente.\u201d<\/p>\n<p>A aposentada Neuza Ramos concorda. Segundo ela, o antigo pr\u00e9dio era muito pequeno. \u201cEra tudo muito apertado l\u00e1. Lembro-me de ter precisado da SAEC uma \u00fanica vez no antigo pr\u00e9dio e achei o lugar muito acanhado\u201d, refor\u00e7a.<\/p>\n<p>Para o contribuinte Maur\u00edcio Godoi, as novas instala\u00e7\u00f5es permitem um melhor acolhimento. \u201cA mudan\u00e7a n\u00e3o foi somente estrutural. Sempre que preciso, tenho um \u00f3timo atendimento, com agilidade e cordialidade dos funcion\u00e1rios.\u201d<\/p>\n<p>Para celebrar a data, na manh\u00e3 do dia 20 foi oferecido um caf\u00e9 da manh\u00e3 aos contribuintes que compareceram ao novo pr\u00e9dio. O caf\u00e9 da manh\u00e3 foi uma surpresa aos que compareceram \u00e0 SAEC para tratar de assuntos pessoais.<\/p>\n<p>A sede da autarquia, localizada na rua S\u00e3o Paulo, 1.108, no Higien\u00f3polis, \u00e9 de f\u00e1cil acesso e conta com estacionamento pr\u00f3prio.<\/p>\n<p>&nbsp;<\/p>\n<p><strong>Pr\u00e9dio modelo<\/strong><\/p>\n<p>Em 2017, a sede da SAEC foi considerada modelo de sustentabilidade pelo Comit\u00ea Gestor local do Programa Munic\u00edpio VerdeAzul (PMVA). O pr\u00e9dio atende a pelo menos dez itens de preserva\u00e7\u00e3o ou prote\u00e7\u00e3o ao meio ambiente, conforme preconizado na diretiva Munic\u00edpio Sustent\u00e1vel.<\/p>\n<p>A SAEC esclarece que o pr\u00e9dio foi constru\u00eddo priorizando as quest\u00f5es de efici\u00eancia energ\u00e9tica, ventila\u00e7\u00e3o cruzada, temporizador, sensor de presen\u00e7a, biciclet\u00e1rio, cal\u00e7ada ecol\u00f3gica, que permite a penetra\u00e7\u00e3o de \u00e1gua de chuva, clarab\u00f3ia, cisterna para ac\u00famulo de \u00e1gua de chuva que, posteriormente, \u00e9 utilizada para lavagem dos pisos interno e externo e rega das plantas existentes no estacionamento, dentre outros.<\/p>\n<p>&nbsp;<\/p>\n","protected":false},"excerpt":{"rendered":"<p>&nbsp; A Superintend\u00eancia de \u00c1gua e Esgoto de Catanduva (SAEC) completou, na semana passada (20), um ano de casa nova. As instala\u00e7\u00f5es ganharam mais espa\u00e7o e comodidade para o bom atendimento ao contribuinte, al\u00e9m de favorecer tamb\u00e9m os funcion\u00e1rios, que agora contam com estrutura adequada para o andamento dos servi\u00e7os t\u00e9cnicos e administrativos. O antigo [&hellip;]<\/p>\n","protected":false},"author":2,"featured_media":1220,"comment_status":"closed","ping_status":"closed","sticky":false,"template":"","format":"standard","meta":{"footnotes":""},"categories":[41],"tags":[],"yoast_head":"<!-- This site is optimized with the Yoast SEO plugin v15.3 - https:\/\/yoast.com\/wordpress\/plugins\/seo\/ -->\n<title>SAEC comemora um ano de casa nova. - SAEC Superintendencia de Agua e Esgoto de Catanduva<\/title>\n<meta name=\"robots\" content=\"index, follow, max-snippet:-1, max-image-preview:large, max-video-preview:-1\" \/>\n<link rel=\"canonical\" href=\"https:\/\/saec.sp.gov.br\/index.php\/2017\/06\/27\/saec-comemora-um-ano-de-casa-nova\/\" \/>\n<meta property=\"og:locale\" content=\"pt_BR\" \/>\n<meta property=\"og:type\" content=\"article\" \/>\n<meta property=\"og:title\" content=\"SAEC comemora um ano de casa nova. - SAEC Superintendencia de Agua e Esgoto de Catanduva\" \/>\n<meta property=\"og:description\" content=\"&nbsp; A Superintend\u00eancia de \u00c1gua e Esgoto de Catanduva (SAEC) completou, na semana passada (20), um ano de casa nova. As instala\u00e7\u00f5es ganharam mais espa\u00e7o e comodidade para o bom atendimento ao contribuinte, al\u00e9m de favorecer tamb\u00e9m os funcion\u00e1rios, que agora contam com estrutura adequada para o andamento dos servi\u00e7os t\u00e9cnicos e administrativos. O antigo [&hellip;]\" \/>\n<meta property=\"og:url\" content=\"https:\/\/saec.sp.gov.br\/index.php\/2017\/06\/27\/saec-comemora-um-ano-de-casa-nova\/\" \/>\n<meta property=\"og:site_name\" content=\"SAEC Superintendencia de Agua e Esgoto de Catanduva\" \/>\n<meta property=\"article:published_time\" content=\"2017-06-27T11:00:59+00:00\" \/>\n<meta property=\"article:modified_time\" content=\"2020-11-23T15:08:53+00:00\" \/>\n<meta property=\"og:image\" content=\"https:\/\/saec.sp.gov.br\/wp-content\/uploads\/2017\/06\/200617_SAEC_1ano_casanova-1.jpeg\" \/>\n\t<meta property=\"og:image:width\" content=\"800\" \/>\n\t<meta property=\"og:image:height\" content=\"600\" \/>\n<meta name=\"twitter:card\" content=\"summary\" \/>\n<meta name=\"twitter:label1\" content=\"Written by\">\n\t<meta name=\"twitter:data1\" content=\"Henrique Carlessi\">\n\t<meta name=\"twitter:label2\" content=\"Est. reading time\">\n\t<meta name=\"twitter:data2\" content=\"1 minuto\">\n<script type=\"application\/ld+json\" class=\"yoast-schema-graph\">{\"@context\":\"https:\/\/schema.org\",\"@graph\":[{\"@type\":\"WebSite\",\"@id\":\"https:\/\/saec.sp.gov.br\/#website\",\"url\":\"https:\/\/saec.sp.gov.br\/\",\"name\":\"SAEC Superintendencia de Agua e Esgoto de Catanduva\",\"description\":\"SAEC\",\"potentialAction\":[{\"@type\":\"SearchAction\",\"target\":\"https:\/\/saec.sp.gov.br\/?s={search_term_string}\",\"query-input\":\"required name=search_term_string\"}],\"inLanguage\":\"pt-BR\"},{\"@type\":\"ImageObject\",\"@id\":\"https:\/\/saec.sp.gov.br\/index.php\/2017\/06\/27\/saec-comemora-um-ano-de-casa-nova\/#primaryimage\",\"inLanguage\":\"pt-BR\",\"url\":\"https:\/\/saec.sp.gov.br\/wp-content\/uploads\/2017\/06\/200617_SAEC_1ano_casanova-1.jpeg\",\"width\":800,\"height\":600},{\"@type\":\"WebPage\",\"@id\":\"https:\/\/saec.sp.gov.br\/index.php\/2017\/06\/27\/saec-comemora-um-ano-de-casa-nova\/#webpage\",\"url\":\"https:\/\/saec.sp.gov.br\/index.php\/2017\/06\/27\/saec-comemora-um-ano-de-casa-nova\/\",\"name\":\"SAEC comemora um ano de casa nova. - SAEC Superintendencia de Agua e Esgoto de Catanduva\",\"isPartOf\":{\"@id\":\"https:\/\/saec.sp.gov.br\/#website\"},\"primaryImageOfPage\":{\"@id\":\"https:\/\/saec.sp.gov.br\/index.php\/2017\/06\/27\/saec-comemora-um-ano-de-casa-nova\/#primaryimage\"},\"datePublished\":\"2017-06-27T11:00:59+00:00\",\"dateModified\":\"2020-11-23T15:08:53+00:00\",\"author\":{\"@id\":\"https:\/\/saec.sp.gov.br\/#\/schema\/person\/c535f1c4ce07aa317d3e4512466d6e7a\"},\"inLanguage\":\"pt-BR\",\"potentialAction\":[{\"@type\":\"ReadAction\",\"target\":[\"https:\/\/saec.sp.gov.br\/index.php\/2017\/06\/27\/saec-comemora-um-ano-de-casa-nova\/\"]}]},{\"@type\":\"Person\",\"@id\":\"https:\/\/saec.sp.gov.br\/#\/schema\/person\/c535f1c4ce07aa317d3e4512466d6e7a\",\"name\":\"Henrique Carlessi\",\"sameAs\":[\"http:\/\/saec.sp.gov.br\"]}]}<\/script>\n<!-- \/ Yoast SEO plugin. -->","amp_validity":null,"amp_enabled":true,"_links":{"self":[{"href":"https:\/\/saec.sp.gov.br\/index.php\/wp-json\/wp\/v2\/posts\/1222"}],"collection":[{"href":"https:\/\/saec.sp.gov.br\/index.php\/wp-json\/wp\/v2\/posts"}],"about":[{"href":"https:\/\/saec.sp.gov.br\/index.php\/wp-json\/wp\/v2\/types\/post"}],"author":[{"embeddable":true,"href":"https:\/\/saec.sp.gov.br\/index.php\/wp-json\/wp\/v2\/users\/2"}],"replies":[{"embeddable":true,"href":"https:\/\/saec.sp.gov.br\/index.php\/wp-json\/wp\/v2\/comments?post=1222"}],"version-history":[{"count":1,"href":"https:\/\/saec.sp.gov.br\/index.php\/wp-json\/wp\/v2\/posts\/1222\/revisions"}],"predecessor-version":[{"id":1223,"href":"https:\/\/saec.sp.gov.br\/index.php\/wp-json\/wp\/v2\/posts\/1222\/revisions\/1223"}],"wp:featuredmedia":[{"embeddable":true,"href":"https:\/\/saec.sp.gov.br\/index.php\/wp-json\/wp\/v2\/media\/1220"}],"wp:attachment":[{"href":"https:\/\/saec.sp.gov.br\/index.php\/wp-json\/wp\/v2\/media?parent=1222"}],"wp:term":[{"taxonomy":"category","embeddable":true,"href":"https:\/\/saec.sp.gov.br\/index.php\/wp-json\/wp\/v2\/categories?post=1222"},{"taxonomy":"post_tag","embeddable":true,"href":"https:\/\/saec.sp.gov.br\/index.php\/wp-json\/wp\/v2\/tags?post=1222"}],"curies":[{"name":"wp","href":"https:\/\/api.w.org\/{rel}","templated":true}]}}