{"id":12362,"date":"2026-04-30T14:46:45","date_gmt":"2026-04-30T17:46:45","guid":{"rendered":"https:\/\/saec.sp.gov.br\/?p=12362"},"modified":"2026-04-30T14:47:13","modified_gmt":"2026-04-30T17:47:13","slug":"dia-do-trabalhador-saec-mantem-coleta-de-lixo-normal-durante-feriadoeriado","status":"publish","type":"post","link":"https:\/\/saec.sp.gov.br\/index.php\/2026\/04\/30\/dia-do-trabalhador-saec-mantem-coleta-de-lixo-normal-durante-feriadoeriado\/","title":{"rendered":"DIA DO TRABALHADOR: SAEC MANT\u00c9M COLETA DE LIXO NORMAL DURANTE FERIADOeriado"},"content":{"rendered":"<div class=\"xdj266r x14z9mp xat24cr x1lziwak x1vvkbs x126k92a\">\n<div dir=\"auto\">FERIADO COM SERVI\u00c7O GARANTIDO<\/div>\n<div dir=\"auto\"><\/div>\n<\/div>\n<div class=\"x14z9mp xat24cr x1lziwak x1vvkbs xtlvy1s x126k92a\">\n<div dir=\"auto\">O Dia do Trabalhador est\u00e1 chegando e, enquanto muita gente aproveita o feriado, a SAEC segue trabalhando para cuidar da cidade. A coleta de lixo ser\u00e1 realizada normalmente nesta sexta-feira, dia 1\u00ba, Dia do Trabalhador, para garantir mais limpeza, organiza\u00e7\u00e3o e qualidade de vida para toda a popula\u00e7\u00e3o.<\/div>\n<div dir=\"auto\"><\/div>\n<\/div>\n<div class=\"x14z9mp xat24cr x1lziwak x1vvkbs xtlvy1s x126k92a\">\n<div dir=\"auto\">Fique atento apenas aos demais atendimentos e programe-se. Em caso de necessidade, os servi\u00e7os essenciais permanecem \u00e0 disposi\u00e7\u00e3o.<\/div>\n<\/div>\n","protected":false},"excerpt":{"rendered":"<p>FERIADO COM SERVI\u00c7O GARANTIDO O Dia do Trabalhador est\u00e1 chegando e, enquanto muita gente aproveita o feriado, a SAEC segue trabalhando para cuidar da cidade. A coleta de lixo ser\u00e1 realizada normalmente nesta sexta-feira, dia 1\u00ba, Dia do Trabalhador, para garantir mais limpeza, organiza\u00e7\u00e3o e qualidade de vida para toda a popula\u00e7\u00e3o. Fique atento apenas [&hellip;]<\/p>\n","protected":false},"author":12,"featured_media":12363,"comment_status":"closed","ping_status":"closed","sticky":false,"template":"","format":"standard","meta":{"footnotes":""},"categories":[41],"tags":[],"yoast_head":"<!-- This site is optimized with the Yoast SEO plugin v15.3 - https:\/\/yoast.com\/wordpress\/plugins\/seo\/ -->\n<title>DIA DO TRABALHADOR: SAEC MANT\u00c9M COLETA DE LIXO NORMAL DURANTE FERIADOeriado - SAEC Superintendencia de Agua e Esgoto de Catanduva<\/title>\n<meta name=\"robots\" content=\"index, follow, max-snippet:-1, max-image-preview:large, max-video-preview:-1\" \/>\n<link rel=\"canonical\" href=\"https:\/\/saec.sp.gov.br\/index.php\/2026\/04\/30\/dia-do-trabalhador-saec-mantem-coleta-de-lixo-normal-durante-feriadoeriado\/\" \/>\n<meta property=\"og:locale\" content=\"pt_BR\" \/>\n<meta property=\"og:type\" content=\"article\" \/>\n<meta property=\"og:title\" content=\"DIA DO TRABALHADOR: SAEC MANT\u00c9M COLETA DE LIXO NORMAL DURANTE FERIADOeriado - SAEC Superintendencia de Agua e Esgoto de Catanduva\" \/>\n<meta property=\"og:description\" content=\"FERIADO COM SERVI\u00c7O GARANTIDO O Dia do Trabalhador est\u00e1 chegando e, enquanto muita gente aproveita o feriado, a SAEC segue trabalhando para cuidar da cidade. A coleta de lixo ser\u00e1 realizada normalmente nesta sexta-feira, dia 1\u00ba, Dia do Trabalhador, para garantir mais limpeza, organiza\u00e7\u00e3o e qualidade de vida para toda a popula\u00e7\u00e3o. Fique atento apenas [&hellip;]\" \/>\n<meta property=\"og:url\" content=\"https:\/\/saec.sp.gov.br\/index.php\/2026\/04\/30\/dia-do-trabalhador-saec-mantem-coleta-de-lixo-normal-durante-feriadoeriado\/\" \/>\n<meta property=\"og:site_name\" content=\"SAEC Superintendencia de Agua e Esgoto de Catanduva\" \/>\n<meta property=\"article:published_time\" content=\"2026-04-30T17:46:45+00:00\" \/>\n<meta property=\"article:modified_time\" content=\"2026-04-30T17:47:13+00:00\" \/>\n<meta property=\"og:image\" content=\"https:\/\/saec.sp.gov.br\/wp-content\/uploads\/2026\/04\/Feed-1-Maio.jpg.jpeg\" \/>\n\t<meta property=\"og:image:width\" content=\"1080\" \/>\n\t<meta property=\"og:image:height\" content=\"1350\" \/>\n<meta name=\"twitter:card\" content=\"summary\" \/>\n<meta name=\"twitter:label1\" content=\"Written by\">\n\t<meta name=\"twitter:data1\" content=\"Karla Sibro\">\n\t<meta name=\"twitter:label2\" content=\"Est. reading time\">\n\t<meta name=\"twitter:data2\" content=\"0 minuto\">\n<script type=\"application\/ld+json\" class=\"yoast-schema-graph\">{\"@context\":\"https:\/\/schema.org\",\"@graph\":[{\"@type\":\"WebSite\",\"@id\":\"https:\/\/saec.sp.gov.br\/#website\",\"url\":\"https:\/\/saec.sp.gov.br\/\",\"name\":\"SAEC Superintendencia de Agua e Esgoto de Catanduva\",\"description\":\"SAEC\",\"potentialAction\":[{\"@type\":\"SearchAction\",\"target\":\"https:\/\/saec.sp.gov.br\/?s={search_term_string}\",\"query-input\":\"required name=search_term_string\"}],\"inLanguage\":\"pt-BR\"},{\"@type\":\"ImageObject\",\"@id\":\"https:\/\/saec.sp.gov.br\/index.php\/2026\/04\/30\/dia-do-trabalhador-saec-mantem-coleta-de-lixo-normal-durante-feriadoeriado\/#primaryimage\",\"inLanguage\":\"pt-BR\",\"url\":\"https:\/\/saec.sp.gov.br\/wp-content\/uploads\/2026\/04\/Feed-1-Maio.jpg.jpeg\",\"width\":1080,\"height\":1350},{\"@type\":\"WebPage\",\"@id\":\"https:\/\/saec.sp.gov.br\/index.php\/2026\/04\/30\/dia-do-trabalhador-saec-mantem-coleta-de-lixo-normal-durante-feriadoeriado\/#webpage\",\"url\":\"https:\/\/saec.sp.gov.br\/index.php\/2026\/04\/30\/dia-do-trabalhador-saec-mantem-coleta-de-lixo-normal-durante-feriadoeriado\/\",\"name\":\"DIA DO TRABALHADOR: SAEC MANT\\u00c9M COLETA DE LIXO NORMAL DURANTE FERIADOeriado - SAEC Superintendencia de Agua e Esgoto de Catanduva\",\"isPartOf\":{\"@id\":\"https:\/\/saec.sp.gov.br\/#website\"},\"primaryImageOfPage\":{\"@id\":\"https:\/\/saec.sp.gov.br\/index.php\/2026\/04\/30\/dia-do-trabalhador-saec-mantem-coleta-de-lixo-normal-durante-feriadoeriado\/#primaryimage\"},\"datePublished\":\"2026-04-30T17:46:45+00:00\",\"dateModified\":\"2026-04-30T17:47:13+00:00\",\"author\":{\"@id\":\"https:\/\/saec.sp.gov.br\/#\/schema\/person\/0adeb299f513c0b2fcb1812012e43dea\"},\"inLanguage\":\"pt-BR\",\"potentialAction\":[{\"@type\":\"ReadAction\",\"target\":[\"https:\/\/saec.sp.gov.br\/index.php\/2026\/04\/30\/dia-do-trabalhador-saec-mantem-coleta-de-lixo-normal-durante-feriadoeriado\/\"]}]},{\"@type\":\"Person\",\"@id\":\"https:\/\/saec.sp.gov.br\/#\/schema\/person\/0adeb299f513c0b2fcb1812012e43dea\",\"name\":\"Karla Sibro\"}]}<\/script>\n<!-- \/ Yoast SEO plugin. -->","amp_validity":null,"amp_enabled":true,"_links":{"self":[{"href":"https:\/\/saec.sp.gov.br\/index.php\/wp-json\/wp\/v2\/posts\/12362"}],"collection":[{"href":"https:\/\/saec.sp.gov.br\/index.php\/wp-json\/wp\/v2\/posts"}],"about":[{"href":"https:\/\/saec.sp.gov.br\/index.php\/wp-json\/wp\/v2\/types\/post"}],"author":[{"embeddable":true,"href":"https:\/\/saec.sp.gov.br\/index.php\/wp-json\/wp\/v2\/users\/12"}],"replies":[{"embeddable":true,"href":"https:\/\/saec.sp.gov.br\/index.php\/wp-json\/wp\/v2\/comments?post=12362"}],"version-history":[{"count":1,"href":"https:\/\/saec.sp.gov.br\/index.php\/wp-json\/wp\/v2\/posts\/12362\/revisions"}],"predecessor-version":[{"id":12364,"href":"https:\/\/saec.sp.gov.br\/index.php\/wp-json\/wp\/v2\/posts\/12362\/revisions\/12364"}],"wp:featuredmedia":[{"embeddable":true,"href":"https:\/\/saec.sp.gov.br\/index.php\/wp-json\/wp\/v2\/media\/12363"}],"wp:attachment":[{"href":"https:\/\/saec.sp.gov.br\/index.php\/wp-json\/wp\/v2\/media?parent=12362"}],"wp:term":[{"taxonomy":"category","embeddable":true,"href":"https:\/\/saec.sp.gov.br\/index.php\/wp-json\/wp\/v2\/categories?post=12362"},{"taxonomy":"post_tag","embeddable":true,"href":"https:\/\/saec.sp.gov.br\/index.php\/wp-json\/wp\/v2\/tags?post=12362"}],"curies":[{"name":"wp","href":"https:\/\/api.w.org\/{rel}","templated":true}]}}