{"id":12957,"date":"2026-09-02T16:54:56","date_gmt":"2026-09-02T19:54:56","guid":{"rendered":"https:\/\/saec.sp.gov.br\/?p=12957"},"modified":"2026-09-02T16:54:56","modified_gmt":"2026-09-02T19:54:56","slug":"saec-informa-alteracao-na-data-da-migracao-do-sistema-de-telefonia-para-o-dia-09-de-setembro","status":"publish","type":"post","link":"https:\/\/saec.sp.gov.br\/index.php\/2026\/09\/02\/saec-informa-alteracao-na-data-da-migracao-do-sistema-de-telefonia-para-o-dia-09-de-setembro\/","title":{"rendered":"Saec informa altera\u00e7\u00e3o na data da migra\u00e7\u00e3o do sistema de telefonia para o dia 09 de setembro"},"content":{"rendered":"<div class=\"xdj266r x14z9mp xat24cr x1lziwak x1vvkbs x126k92a\">\n<div dir=\"auto\">ATEN\u00c7\u00c3O! DATA ALTERADA<\/div>\n<div dir=\"auto\"><\/div>\n<\/div>\n<div class=\"x14z9mp xat24cr x1lziwak x1vvkbs xtlvy1s x126k92a\">\n<div dir=\"auto\">A migra\u00e7\u00e3o do sistema de telefonia da Saec foi alterada para a pr\u00f3xima quarta-feira, dia 09\/09.<\/div>\n<\/div>\n<div class=\"x14z9mp xat24cr x1lziwak x1vvkbs xtlvy1s x126k92a\">\n<div dir=\"auto\">Das 8h \u00e0s 10h, os canais telef\u00f4nicos estar\u00e3o temporariamente indispon\u00edveis. Durante esse per\u00edodo, ser\u00e1 realizada a migra\u00e7\u00e3o do sistema.<\/div>\n<\/div>\n<div class=\"x14z9mp xat24cr x1lziwak x1vvkbs xtlvy1s x126k92a\">\n<div dir=\"auto\"><\/div>\n<div dir=\"auto\">0800 723-0602<\/div>\n<div dir=\"auto\">WhatsApp (17) 3531-0603<\/div>\n<div dir=\"auto\">Demais telefones da SAEC<\/div>\n<\/div>\n<div class=\"x14z9mp xat24cr x1lziwak x1vvkbs xtlvy1s x126k92a\">\n<div dir=\"auto\"><\/div>\n<div dir=\"auto\">Programe-se! Caso precise de atendimento, compare\u00e7a presencialmente \u00e0 Central de Atendimento da SAEC, na Rua S\u00e3o Paulo, n\u00ba 1.108 \u2013 Higien\u00f3polis.<\/div>\n<\/div>\n<div class=\"x14z9mp xat24cr x1lziwak x1vvkbs xtlvy1s x126k92a\">\n<div dir=\"auto\"><\/div>\n<div dir=\"auto\">Agradecemos a compreens\u00e3o!<\/div>\n<\/div>\n","protected":false},"excerpt":{"rendered":"<p>ATEN\u00c7\u00c3O! DATA ALTERADA A migra\u00e7\u00e3o do sistema de telefonia da Saec foi alterada para a pr\u00f3xima quarta-feira, dia 09\/09. Das 8h \u00e0s 10h, os canais telef\u00f4nicos estar\u00e3o temporariamente indispon\u00edveis. Durante esse per\u00edodo, ser\u00e1 realizada a migra\u00e7\u00e3o do sistema. 0800 723-0602 WhatsApp (17) 3531-0603 Demais telefones da SAEC Programe-se! Caso precise de atendimento, compare\u00e7a presencialmente \u00e0 [&hellip;]<\/p>\n","protected":false},"author":12,"featured_media":12958,"comment_status":"closed","ping_status":"closed","sticky":false,"template":"","format":"standard","meta":{"footnotes":""},"categories":[41],"tags":[],"yoast_head":"<!-- This site is optimized with the Yoast SEO plugin v15.3 - https:\/\/yoast.com\/wordpress\/plugins\/seo\/ -->\n<title>Saec informa altera\u00e7\u00e3o na data da migra\u00e7\u00e3o do sistema de telefonia para o dia 09 de setembro - SAEC Superintendencia de Agua e Esgoto de Catanduva<\/title>\n<meta name=\"robots\" content=\"index, follow, max-snippet:-1, max-image-preview:large, max-video-preview:-1\" \/>\n<link rel=\"canonical\" href=\"https:\/\/saec.sp.gov.br\/index.php\/2026\/09\/02\/saec-informa-alteracao-na-data-da-migracao-do-sistema-de-telefonia-para-o-dia-09-de-setembro\/\" \/>\n<meta property=\"og:locale\" content=\"pt_BR\" \/>\n<meta property=\"og:type\" content=\"article\" \/>\n<meta property=\"og:title\" content=\"Saec informa altera\u00e7\u00e3o na data da migra\u00e7\u00e3o do sistema de telefonia para o dia 09 de setembro - SAEC Superintendencia de Agua e Esgoto de Catanduva\" \/>\n<meta property=\"og:description\" content=\"ATEN\u00c7\u00c3O! DATA ALTERADA A migra\u00e7\u00e3o do sistema de telefonia da Saec foi alterada para a pr\u00f3xima quarta-feira, dia 09\/09. Das 8h \u00e0s 10h, os canais telef\u00f4nicos estar\u00e3o temporariamente indispon\u00edveis. Durante esse per\u00edodo, ser\u00e1 realizada a migra\u00e7\u00e3o do sistema. 0800 723-0602 WhatsApp (17) 3531-0603 Demais telefones da SAEC Programe-se! Caso precise de atendimento, compare\u00e7a presencialmente \u00e0 [&hellip;]\" \/>\n<meta property=\"og:url\" content=\"https:\/\/saec.sp.gov.br\/index.php\/2026\/09\/02\/saec-informa-alteracao-na-data-da-migracao-do-sistema-de-telefonia-para-o-dia-09-de-setembro\/\" \/>\n<meta property=\"og:site_name\" content=\"SAEC Superintendencia de Agua e Esgoto de Catanduva\" \/>\n<meta property=\"article:published_time\" content=\"2026-09-02T19:54:56+00:00\" \/>\n<meta property=\"og:image\" content=\"https:\/\/saec.sp.gov.br\/wp-content\/uploads\/2026\/09\/feed-saec-1.png\" \/>\n\t<meta property=\"og:image:width\" content=\"1080\" \/>\n\t<meta property=\"og:image:height\" content=\"1350\" \/>\n<meta name=\"twitter:card\" content=\"summary\" \/>\n<meta name=\"twitter:label1\" content=\"Written by\">\n\t<meta name=\"twitter:data1\" content=\"Karla Sibro\">\n\t<meta name=\"twitter:label2\" content=\"Est. reading time\">\n\t<meta name=\"twitter:data2\" content=\"0 minuto\">\n<script type=\"application\/ld+json\" class=\"yoast-schema-graph\">{\"@context\":\"https:\/\/schema.org\",\"@graph\":[{\"@type\":\"WebSite\",\"@id\":\"https:\/\/saec.sp.gov.br\/#website\",\"url\":\"https:\/\/saec.sp.gov.br\/\",\"name\":\"SAEC Superintendencia de Agua e Esgoto de Catanduva\",\"description\":\"SAEC\",\"potentialAction\":[{\"@type\":\"SearchAction\",\"target\":\"https:\/\/saec.sp.gov.br\/?s={search_term_string}\",\"query-input\":\"required name=search_term_string\"}],\"inLanguage\":\"pt-BR\"},{\"@type\":\"ImageObject\",\"@id\":\"https:\/\/saec.sp.gov.br\/index.php\/2026\/09\/02\/saec-informa-alteracao-na-data-da-migracao-do-sistema-de-telefonia-para-o-dia-09-de-setembro\/#primaryimage\",\"inLanguage\":\"pt-BR\",\"url\":\"https:\/\/saec.sp.gov.br\/wp-content\/uploads\/2026\/09\/feed-saec-1.png\",\"width\":1080,\"height\":1350},{\"@type\":\"WebPage\",\"@id\":\"https:\/\/saec.sp.gov.br\/index.php\/2026\/09\/02\/saec-informa-alteracao-na-data-da-migracao-do-sistema-de-telefonia-para-o-dia-09-de-setembro\/#webpage\",\"url\":\"https:\/\/saec.sp.gov.br\/index.php\/2026\/09\/02\/saec-informa-alteracao-na-data-da-migracao-do-sistema-de-telefonia-para-o-dia-09-de-setembro\/\",\"name\":\"Saec informa altera\\u00e7\\u00e3o na data da migra\\u00e7\\u00e3o do sistema de telefonia para o dia 09 de setembro - SAEC Superintendencia de Agua e Esgoto de Catanduva\",\"isPartOf\":{\"@id\":\"https:\/\/saec.sp.gov.br\/#website\"},\"primaryImageOfPage\":{\"@id\":\"https:\/\/saec.sp.gov.br\/index.php\/2026\/09\/02\/saec-informa-alteracao-na-data-da-migracao-do-sistema-de-telefonia-para-o-dia-09-de-setembro\/#primaryimage\"},\"datePublished\":\"2026-09-02T19:54:56+00:00\",\"dateModified\":\"2026-09-02T19:54:56+00:00\",\"author\":{\"@id\":\"https:\/\/saec.sp.gov.br\/#\/schema\/person\/0adeb299f513c0b2fcb1812012e43dea\"},\"inLanguage\":\"pt-BR\",\"potentialAction\":[{\"@type\":\"ReadAction\",\"target\":[\"https:\/\/saec.sp.gov.br\/index.php\/2026\/09\/02\/saec-informa-alteracao-na-data-da-migracao-do-sistema-de-telefonia-para-o-dia-09-de-setembro\/\"]}]},{\"@type\":\"Person\",\"@id\":\"https:\/\/saec.sp.gov.br\/#\/schema\/person\/0adeb299f513c0b2fcb1812012e43dea\",\"name\":\"Karla Sibro\"}]}<\/script>\n<!-- \/ Yoast SEO plugin. -->","amp_validity":null,"amp_enabled":true,"_links":{"self":[{"href":"https:\/\/saec.sp.gov.br\/index.php\/wp-json\/wp\/v2\/posts\/12957"}],"collection":[{"href":"https:\/\/saec.sp.gov.br\/index.php\/wp-json\/wp\/v2\/posts"}],"about":[{"href":"https:\/\/saec.sp.gov.br\/index.php\/wp-json\/wp\/v2\/types\/post"}],"author":[{"embeddable":true,"href":"https:\/\/saec.sp.gov.br\/index.php\/wp-json\/wp\/v2\/users\/12"}],"replies":[{"embeddable":true,"href":"https:\/\/saec.sp.gov.br\/index.php\/wp-json\/wp\/v2\/comments?post=12957"}],"version-history":[{"count":1,"href":"https:\/\/saec.sp.gov.br\/index.php\/wp-json\/wp\/v2\/posts\/12957\/revisions"}],"predecessor-version":[{"id":12959,"href":"https:\/\/saec.sp.gov.br\/index.php\/wp-json\/wp\/v2\/posts\/12957\/revisions\/12959"}],"wp:featuredmedia":[{"embeddable":true,"href":"https:\/\/saec.sp.gov.br\/index.php\/wp-json\/wp\/v2\/media\/12958"}],"wp:attachment":[{"href":"https:\/\/saec.sp.gov.br\/index.php\/wp-json\/wp\/v2\/media?parent=12957"}],"wp:term":[{"taxonomy":"category","embeddable":true,"href":"https:\/\/saec.sp.gov.br\/index.php\/wp-json\/wp\/v2\/categories?post=12957"},{"taxonomy":"post_tag","embeddable":true,"href":"https:\/\/saec.sp.gov.br\/index.php\/wp-json\/wp\/v2\/tags?post=12957"}],"curies":[{"name":"wp","href":"https:\/\/api.w.org\/{rel}","templated":true}]}}