{"id":12960,"date":"2026-09-03T16:35:40","date_gmt":"2026-09-03T19:35:40","guid":{"rendered":"https:\/\/saec.sp.gov.br\/?p=12960"},"modified":"2026-09-03T16:35:40","modified_gmt":"2026-09-03T19:35:40","slug":"saec-reune-liderancas-de-bairros-para-discutir-sustentabilidade-e-melhorias-na-coleta-de-residuos","status":"publish","type":"post","link":"https:\/\/saec.sp.gov.br\/index.php\/2026\/09\/03\/saec-reune-liderancas-de-bairros-para-discutir-sustentabilidade-e-melhorias-na-coleta-de-residuos\/","title":{"rendered":"Saec re\u00fane lideran\u00e7as de bairros para discutir sustentabilidade e melhorias na coleta de res\u00edduos"},"content":{"rendered":"<div class=\"xdj266r x14z9mp xat24cr x1lziwak x1vvkbs x126k92a\">\n<div dir=\"auto\">SAEC EM DI\u00c1LOGO COM LIDERAN\u00c7AS DE BAIRROS<\/div>\n<div dir=\"auto\"><\/div>\n<\/div>\n<div class=\"x14z9mp xat24cr x1lziwak x1vvkbs xtlvy1s x126k92a\">\n<div dir=\"auto\">Nesta manh\u00e3 de quinta-feira, dia 3, a Saec recebeu lideran\u00e7as dos bairros Nova Catanduva, Jardim Imperial, Horizon, Jardim Eldorado e Parque Iracema para uma conversa sobre sustentabilidade, coleta de res\u00edduos e cuidados com a limpeza urbana.<\/div>\n<\/div>\n<div class=\"x14z9mp xat24cr x1lziwak x1vvkbs xtlvy1s x126k92a\">\n<div dir=\"auto\"><\/div>\n<div dir=\"auto\">Durante o encontro, foram apresentadas propostas da autarquia para melhorar a coleta de res\u00edduos, al\u00e9m de esclarecidas d\u00favidas e refor\u00e7ada a import\u00e2ncia da instala\u00e7\u00e3o e utiliza\u00e7\u00e3o correta das lixeiras nas cal\u00e7adas, que contribui para uma cidade mais limpa, organizada e sustent\u00e1vel.<\/div>\n<\/div>\n<div class=\"x14z9mp xat24cr x1lziwak x1vvkbs xtlvy1s x126k92a\">\n<div dir=\"auto\"><\/div>\n<div dir=\"auto\">A conversa foi muito produtiva e refor\u00e7a a import\u00e2ncia de unir poder p\u00fablico, lideran\u00e7as comunit\u00e1rias e popula\u00e7\u00e3o na constru\u00e7\u00e3o de solu\u00e7\u00f5es para os bairros.<\/div>\n<\/div>\n<div class=\"x14z9mp xat24cr x1lziwak x1vvkbs xtlvy1s x126k92a\">\n<div dir=\"auto\"><\/div>\n<div dir=\"auto\">E voc\u00ea, \u00e9 uma lideran\u00e7a no seu bairro? Entre em contato com a Saec, pelo telefone (17) 3531-0600, e venha fazer parte dessa corrente do bem, em prol do meio ambiente.<\/div>\n<\/div>\n","protected":false},"excerpt":{"rendered":"<p>SAEC EM DI\u00c1LOGO COM LIDERAN\u00c7AS DE BAIRROS Nesta manh\u00e3 de quinta-feira, dia 3, a Saec recebeu lideran\u00e7as dos bairros Nova Catanduva, Jardim Imperial, Horizon, Jardim Eldorado e Parque Iracema para uma conversa sobre sustentabilidade, coleta de res\u00edduos e cuidados com a limpeza urbana. Durante o encontro, foram apresentadas propostas da autarquia para melhorar a coleta [&hellip;]<\/p>\n","protected":false},"author":12,"featured_media":12961,"comment_status":"closed","ping_status":"closed","sticky":false,"template":"","format":"standard","meta":{"footnotes":""},"categories":[41],"tags":[],"yoast_head":"<!-- This site is optimized with the Yoast SEO plugin v15.3 - https:\/\/yoast.com\/wordpress\/plugins\/seo\/ -->\n<title>Saec re\u00fane lideran\u00e7as de bairros para discutir sustentabilidade e melhorias na coleta de res\u00edduos - SAEC Superintendencia de Agua e Esgoto de Catanduva<\/title>\n<meta name=\"robots\" content=\"index, follow, max-snippet:-1, max-image-preview:large, max-video-preview:-1\" \/>\n<link rel=\"canonical\" href=\"https:\/\/saec.sp.gov.br\/index.php\/2026\/09\/03\/saec-reune-liderancas-de-bairros-para-discutir-sustentabilidade-e-melhorias-na-coleta-de-residuos\/\" \/>\n<meta property=\"og:locale\" content=\"pt_BR\" \/>\n<meta property=\"og:type\" content=\"article\" \/>\n<meta property=\"og:title\" content=\"Saec re\u00fane lideran\u00e7as de bairros para discutir sustentabilidade e melhorias na coleta de res\u00edduos - SAEC Superintendencia de Agua e Esgoto de Catanduva\" \/>\n<meta property=\"og:description\" content=\"SAEC EM DI\u00c1LOGO COM LIDERAN\u00c7AS DE BAIRROS Nesta manh\u00e3 de quinta-feira, dia 3, a Saec recebeu lideran\u00e7as dos bairros Nova Catanduva, Jardim Imperial, Horizon, Jardim Eldorado e Parque Iracema para uma conversa sobre sustentabilidade, coleta de res\u00edduos e cuidados com a limpeza urbana. Durante o encontro, foram apresentadas propostas da autarquia para melhorar a coleta [&hellip;]\" \/>\n<meta property=\"og:url\" content=\"https:\/\/saec.sp.gov.br\/index.php\/2026\/09\/03\/saec-reune-liderancas-de-bairros-para-discutir-sustentabilidade-e-melhorias-na-coleta-de-residuos\/\" \/>\n<meta property=\"og:site_name\" content=\"SAEC Superintendencia de Agua e Esgoto de Catanduva\" \/>\n<meta property=\"article:published_time\" content=\"2026-09-03T19:35:40+00:00\" \/>\n<meta property=\"og:image\" content=\"https:\/\/saec.sp.gov.br\/wp-content\/uploads\/2026\/09\/site.jpg\" \/>\n\t<meta property=\"og:image:width\" content=\"1763\" \/>\n\t<meta property=\"og:image:height\" content=\"1155\" \/>\n<meta name=\"twitter:card\" content=\"summary\" \/>\n<meta name=\"twitter:label1\" content=\"Written by\">\n\t<meta name=\"twitter:data1\" content=\"Karla Sibro\">\n\t<meta name=\"twitter:label2\" content=\"Est. reading time\">\n\t<meta name=\"twitter:data2\" content=\"1 minuto\">\n<script type=\"application\/ld+json\" class=\"yoast-schema-graph\">{\"@context\":\"https:\/\/schema.org\",\"@graph\":[{\"@type\":\"WebSite\",\"@id\":\"https:\/\/saec.sp.gov.br\/#website\",\"url\":\"https:\/\/saec.sp.gov.br\/\",\"name\":\"SAEC Superintendencia de Agua e Esgoto de Catanduva\",\"description\":\"SAEC\",\"potentialAction\":[{\"@type\":\"SearchAction\",\"target\":\"https:\/\/saec.sp.gov.br\/?s={search_term_string}\",\"query-input\":\"required name=search_term_string\"}],\"inLanguage\":\"pt-BR\"},{\"@type\":\"ImageObject\",\"@id\":\"https:\/\/saec.sp.gov.br\/index.php\/2026\/09\/03\/saec-reune-liderancas-de-bairros-para-discutir-sustentabilidade-e-melhorias-na-coleta-de-residuos\/#primaryimage\",\"inLanguage\":\"pt-BR\",\"url\":\"https:\/\/saec.sp.gov.br\/wp-content\/uploads\/2026\/09\/site.jpg\",\"width\":1763,\"height\":1155},{\"@type\":\"WebPage\",\"@id\":\"https:\/\/saec.sp.gov.br\/index.php\/2026\/09\/03\/saec-reune-liderancas-de-bairros-para-discutir-sustentabilidade-e-melhorias-na-coleta-de-residuos\/#webpage\",\"url\":\"https:\/\/saec.sp.gov.br\/index.php\/2026\/09\/03\/saec-reune-liderancas-de-bairros-para-discutir-sustentabilidade-e-melhorias-na-coleta-de-residuos\/\",\"name\":\"Saec re\\u00fane lideran\\u00e7as de bairros para discutir sustentabilidade e melhorias na coleta de res\\u00edduos - SAEC Superintendencia de Agua e Esgoto de Catanduva\",\"isPartOf\":{\"@id\":\"https:\/\/saec.sp.gov.br\/#website\"},\"primaryImageOfPage\":{\"@id\":\"https:\/\/saec.sp.gov.br\/index.php\/2026\/09\/03\/saec-reune-liderancas-de-bairros-para-discutir-sustentabilidade-e-melhorias-na-coleta-de-residuos\/#primaryimage\"},\"datePublished\":\"2026-09-03T19:35:40+00:00\",\"dateModified\":\"2026-09-03T19:35:40+00:00\",\"author\":{\"@id\":\"https:\/\/saec.sp.gov.br\/#\/schema\/person\/0adeb299f513c0b2fcb1812012e43dea\"},\"inLanguage\":\"pt-BR\",\"potentialAction\":[{\"@type\":\"ReadAction\",\"target\":[\"https:\/\/saec.sp.gov.br\/index.php\/2026\/09\/03\/saec-reune-liderancas-de-bairros-para-discutir-sustentabilidade-e-melhorias-na-coleta-de-residuos\/\"]}]},{\"@type\":\"Person\",\"@id\":\"https:\/\/saec.sp.gov.br\/#\/schema\/person\/0adeb299f513c0b2fcb1812012e43dea\",\"name\":\"Karla Sibro\"}]}<\/script>\n<!-- \/ Yoast SEO plugin. -->","amp_validity":null,"amp_enabled":true,"_links":{"self":[{"href":"https:\/\/saec.sp.gov.br\/index.php\/wp-json\/wp\/v2\/posts\/12960"}],"collection":[{"href":"https:\/\/saec.sp.gov.br\/index.php\/wp-json\/wp\/v2\/posts"}],"about":[{"href":"https:\/\/saec.sp.gov.br\/index.php\/wp-json\/wp\/v2\/types\/post"}],"author":[{"embeddable":true,"href":"https:\/\/saec.sp.gov.br\/index.php\/wp-json\/wp\/v2\/users\/12"}],"replies":[{"embeddable":true,"href":"https:\/\/saec.sp.gov.br\/index.php\/wp-json\/wp\/v2\/comments?post=12960"}],"version-history":[{"count":1,"href":"https:\/\/saec.sp.gov.br\/index.php\/wp-json\/wp\/v2\/posts\/12960\/revisions"}],"predecessor-version":[{"id":12962,"href":"https:\/\/saec.sp.gov.br\/index.php\/wp-json\/wp\/v2\/posts\/12960\/revisions\/12962"}],"wp:featuredmedia":[{"embeddable":true,"href":"https:\/\/saec.sp.gov.br\/index.php\/wp-json\/wp\/v2\/media\/12961"}],"wp:attachment":[{"href":"https:\/\/saec.sp.gov.br\/index.php\/wp-json\/wp\/v2\/media?parent=12960"}],"wp:term":[{"taxonomy":"category","embeddable":true,"href":"https:\/\/saec.sp.gov.br\/index.php\/wp-json\/wp\/v2\/categories?post=12960"},{"taxonomy":"post_tag","embeddable":true,"href":"https:\/\/saec.sp.gov.br\/index.php\/wp-json\/wp\/v2\/tags?post=12960"}],"curies":[{"name":"wp","href":"https:\/\/api.w.org\/{rel}","templated":true}]}}