{"id":12963,"date":"2026-09-04T11:51:33","date_gmt":"2026-09-04T14:51:33","guid":{"rendered":"https:\/\/saec.sp.gov.br\/?p=12963"},"modified":"2026-09-04T11:54:25","modified_gmt":"2026-09-04T14:54:25","slug":"feriado-de-7-de-setembro-coleta-de-lixo-segue-normalmente-em-catanduva","status":"publish","type":"post","link":"https:\/\/saec.sp.gov.br\/index.php\/2026\/09\/04\/feriado-de-7-de-setembro-coleta-de-lixo-segue-normalmente-em-catanduva\/","title":{"rendered":"Feriado de 7 de Setembro: Coleta de Lixo Segue Normalmente em Catanduva"},"content":{"rendered":"<div class=\"xdj266r x14z9mp xat24cr x1lziwak x1vvkbs x126k92a\">\n<div dir=\"auto\">FERIADO DE 7 DE SETEMBRO<\/div>\n<div dir=\"auto\"><\/div>\n<\/div>\n<div class=\"x14z9mp xat24cr x1lziwak x1vvkbs xtlvy1s x126k92a\">\n<div dir=\"auto\">Coleta de lixo estar\u00e1 on! Voc\u00ea j\u00e1 reparou que, mesmo nos feriados, a coleta de lixo continua normalmente em Catanduva? Pois \u00e9! Por tr\u00e1s desse servi\u00e7o essencial est\u00e3o profissionais que trabalham todos os dias para manter nossa cidade mais limpa e organizada. Neste 7 de Setembro, Dia da Independ\u00eancia do Brasil, nossas equipes tamb\u00e9m estar\u00e3o nas ruas, cumprindo sua miss\u00e3o normalmente.<\/div>\n<div dir=\"auto\"><\/div>\n<\/div>\n<div class=\"x14z9mp xat24cr x1lziwak x1vvkbs xtlvy1s x126k92a\">\n<div dir=\"auto\">Por isso, fica aqui o nosso reconhecimento e agradecimento a todos os colaboradores que fazem esse trabalho t\u00e3o importante acontecer!<\/div>\n<\/div>\n<div class=\"x14z9mp xat24cr x1lziwak x1vvkbs xtlvy1s x126k92a\">\n<div dir=\"auto\"><\/div>\n<div dir=\"auto\">Equipes de plant\u00e3o de \u00e1gua, esgoto e drenagem, tamb\u00e9m estar\u00e3o escaladas para atender as demandas e garantir a continuidade dos servi\u00e7os.<\/div>\n<\/div>\n<div class=\"x14z9mp xat24cr x1lziwak x1vvkbs xtlvy1s x126k92a\">\n<div dir=\"auto\"><\/div>\n<div dir=\"auto\">Confira como ficam os atendimentos da SAEC no feriado:<\/div>\n<\/div>\n<div class=\"x14z9mp xat24cr x1lziwak x1vvkbs xtlvy1s x126k92a\">\n<div dir=\"auto\">Central de Atendimento e Call Center: fechados!<\/div>\n<\/div>\n<div class=\"x14z9mp xat24cr x1lziwak x1vvkbs xtlvy1s x126k92a\">\n<div dir=\"auto\"><\/div>\n<div dir=\"auto\">Neste feriado, enquanto muitos descansam, tem gente trabalhando por voc\u00ea e pela nossa cidade.<\/div>\n<\/div>\n","protected":false},"excerpt":{"rendered":"<p>FERIADO DE 7 DE SETEMBRO Coleta de lixo estar\u00e1 on! Voc\u00ea j\u00e1 reparou que, mesmo nos feriados, a coleta de lixo continua normalmente em Catanduva? Pois \u00e9! Por tr\u00e1s desse servi\u00e7o essencial est\u00e3o profissionais que trabalham todos os dias para manter nossa cidade mais limpa e organizada. Neste 7 de Setembro, Dia da Independ\u00eancia do [&hellip;]<\/p>\n","protected":false},"author":12,"featured_media":12964,"comment_status":"closed","ping_status":"closed","sticky":false,"template":"","format":"standard","meta":{"footnotes":""},"categories":[41],"tags":[],"yoast_head":"<!-- This site is optimized with the Yoast SEO plugin v15.3 - https:\/\/yoast.com\/wordpress\/plugins\/seo\/ -->\n<title>Feriado de 7 de Setembro: Coleta de Lixo Segue Normalmente em Catanduva - SAEC Superintendencia de Agua e Esgoto de Catanduva<\/title>\n<meta name=\"robots\" content=\"index, follow, max-snippet:-1, max-image-preview:large, max-video-preview:-1\" \/>\n<link rel=\"canonical\" href=\"https:\/\/saec.sp.gov.br\/index.php\/2026\/09\/04\/feriado-de-7-de-setembro-coleta-de-lixo-segue-normalmente-em-catanduva\/\" \/>\n<meta property=\"og:locale\" content=\"pt_BR\" \/>\n<meta property=\"og:type\" content=\"article\" \/>\n<meta property=\"og:title\" content=\"Feriado de 7 de Setembro: Coleta de Lixo Segue Normalmente em Catanduva - SAEC Superintendencia de Agua e Esgoto de Catanduva\" \/>\n<meta property=\"og:description\" content=\"FERIADO DE 7 DE SETEMBRO Coleta de lixo estar\u00e1 on! Voc\u00ea j\u00e1 reparou que, mesmo nos feriados, a coleta de lixo continua normalmente em Catanduva? Pois \u00e9! Por tr\u00e1s desse servi\u00e7o essencial est\u00e3o profissionais que trabalham todos os dias para manter nossa cidade mais limpa e organizada. Neste 7 de Setembro, Dia da Independ\u00eancia do [&hellip;]\" \/>\n<meta property=\"og:url\" content=\"https:\/\/saec.sp.gov.br\/index.php\/2026\/09\/04\/feriado-de-7-de-setembro-coleta-de-lixo-segue-normalmente-em-catanduva\/\" \/>\n<meta property=\"og:site_name\" content=\"SAEC Superintendencia de Agua e Esgoto de Catanduva\" \/>\n<meta property=\"article:published_time\" content=\"2026-09-04T14:51:33+00:00\" \/>\n<meta property=\"article:modified_time\" content=\"2026-09-04T14:54:25+00:00\" \/>\n<meta property=\"og:image\" content=\"https:\/\/saec.sp.gov.br\/wp-content\/uploads\/2026\/09\/Post-7set-SAEC.png\" \/>\n\t<meta property=\"og:image:width\" content=\"1080\" \/>\n\t<meta property=\"og:image:height\" content=\"1350\" \/>\n<meta name=\"twitter:card\" content=\"summary\" \/>\n<meta name=\"twitter:label1\" content=\"Written by\">\n\t<meta name=\"twitter:data1\" content=\"Karla Sibro\">\n\t<meta name=\"twitter:label2\" content=\"Est. reading time\">\n\t<meta name=\"twitter:data2\" content=\"1 minuto\">\n<script type=\"application\/ld+json\" class=\"yoast-schema-graph\">{\"@context\":\"https:\/\/schema.org\",\"@graph\":[{\"@type\":\"WebSite\",\"@id\":\"https:\/\/saec.sp.gov.br\/#website\",\"url\":\"https:\/\/saec.sp.gov.br\/\",\"name\":\"SAEC Superintendencia de Agua e Esgoto de Catanduva\",\"description\":\"SAEC\",\"potentialAction\":[{\"@type\":\"SearchAction\",\"target\":\"https:\/\/saec.sp.gov.br\/?s={search_term_string}\",\"query-input\":\"required name=search_term_string\"}],\"inLanguage\":\"pt-BR\"},{\"@type\":\"ImageObject\",\"@id\":\"https:\/\/saec.sp.gov.br\/index.php\/2026\/09\/04\/feriado-de-7-de-setembro-coleta-de-lixo-segue-normalmente-em-catanduva\/#primaryimage\",\"inLanguage\":\"pt-BR\",\"url\":\"https:\/\/saec.sp.gov.br\/wp-content\/uploads\/2026\/09\/Post-7set-SAEC.png\",\"width\":1080,\"height\":1350},{\"@type\":\"WebPage\",\"@id\":\"https:\/\/saec.sp.gov.br\/index.php\/2026\/09\/04\/feriado-de-7-de-setembro-coleta-de-lixo-segue-normalmente-em-catanduva\/#webpage\",\"url\":\"https:\/\/saec.sp.gov.br\/index.php\/2026\/09\/04\/feriado-de-7-de-setembro-coleta-de-lixo-segue-normalmente-em-catanduva\/\",\"name\":\"Feriado de 7 de Setembro: Coleta de Lixo Segue Normalmente em Catanduva - SAEC Superintendencia de Agua e Esgoto de Catanduva\",\"isPartOf\":{\"@id\":\"https:\/\/saec.sp.gov.br\/#website\"},\"primaryImageOfPage\":{\"@id\":\"https:\/\/saec.sp.gov.br\/index.php\/2026\/09\/04\/feriado-de-7-de-setembro-coleta-de-lixo-segue-normalmente-em-catanduva\/#primaryimage\"},\"datePublished\":\"2026-09-04T14:51:33+00:00\",\"dateModified\":\"2026-09-04T14:54:25+00:00\",\"author\":{\"@id\":\"https:\/\/saec.sp.gov.br\/#\/schema\/person\/0adeb299f513c0b2fcb1812012e43dea\"},\"inLanguage\":\"pt-BR\",\"potentialAction\":[{\"@type\":\"ReadAction\",\"target\":[\"https:\/\/saec.sp.gov.br\/index.php\/2026\/09\/04\/feriado-de-7-de-setembro-coleta-de-lixo-segue-normalmente-em-catanduva\/\"]}]},{\"@type\":\"Person\",\"@id\":\"https:\/\/saec.sp.gov.br\/#\/schema\/person\/0adeb299f513c0b2fcb1812012e43dea\",\"name\":\"Karla Sibro\"}]}<\/script>\n<!-- \/ Yoast SEO plugin. -->","amp_validity":null,"amp_enabled":true,"_links":{"self":[{"href":"https:\/\/saec.sp.gov.br\/index.php\/wp-json\/wp\/v2\/posts\/12963"}],"collection":[{"href":"https:\/\/saec.sp.gov.br\/index.php\/wp-json\/wp\/v2\/posts"}],"about":[{"href":"https:\/\/saec.sp.gov.br\/index.php\/wp-json\/wp\/v2\/types\/post"}],"author":[{"embeddable":true,"href":"https:\/\/saec.sp.gov.br\/index.php\/wp-json\/wp\/v2\/users\/12"}],"replies":[{"embeddable":true,"href":"https:\/\/saec.sp.gov.br\/index.php\/wp-json\/wp\/v2\/comments?post=12963"}],"version-history":[{"count":1,"href":"https:\/\/saec.sp.gov.br\/index.php\/wp-json\/wp\/v2\/posts\/12963\/revisions"}],"predecessor-version":[{"id":12965,"href":"https:\/\/saec.sp.gov.br\/index.php\/wp-json\/wp\/v2\/posts\/12963\/revisions\/12965"}],"wp:featuredmedia":[{"embeddable":true,"href":"https:\/\/saec.sp.gov.br\/index.php\/wp-json\/wp\/v2\/media\/12964"}],"wp:attachment":[{"href":"https:\/\/saec.sp.gov.br\/index.php\/wp-json\/wp\/v2\/media?parent=12963"}],"wp:term":[{"taxonomy":"category","embeddable":true,"href":"https:\/\/saec.sp.gov.br\/index.php\/wp-json\/wp\/v2\/categories?post=12963"},{"taxonomy":"post_tag","embeddable":true,"href":"https:\/\/saec.sp.gov.br\/index.php\/wp-json\/wp\/v2\/tags?post=12963"}],"curies":[{"name":"wp","href":"https:\/\/api.w.org\/{rel}","templated":true}]}}