{"id":12970,"date":"2026-09-04T17:05:08","date_gmt":"2026-09-04T20:05:08","guid":{"rendered":"https:\/\/saec.sp.gov.br\/?p=12970"},"modified":"2026-09-04T17:05:08","modified_gmt":"2026-09-04T20:05:08","slug":"rua-7-de-setembro-sera-interditada-nesta-segunda-feira-feriado-para-servicos-da-saec","status":"publish","type":"post","link":"https:\/\/saec.sp.gov.br\/index.php\/2026\/09\/04\/rua-7-de-setembro-sera-interditada-nesta-segunda-feira-feriado-para-servicos-da-saec\/","title":{"rendered":"Rua 7 de Setembro ser\u00e1 interditada nesta segunda-feira (feriado) para servi\u00e7os da Saec"},"content":{"rendered":"<div class=\"xdj266r x14z9mp xat24cr x1lziwak x1vvkbs x126k92a\">\n<div dir=\"auto\">ATEN\u00c7\u00c3O, INTERDI\u00c7\u00c3O NO FERIADO<\/div>\n<div dir=\"auto\"><\/div>\n<\/div>\n<div class=\"x14z9mp xat24cr x1lziwak x1vvkbs xtlvy1s x126k92a\">\n<div dir=\"auto\">Aten\u00e7\u00e3o, motoristas! A Saec realizar\u00e1 interdi\u00e7\u00e3o da rua 7 de Setembro, no cruzamento com a rua S\u00e3o Paulo, neste feriado de 7 de Setembro (segunda-feira), a partir das 7h30.<\/div>\n<\/div>\n<div class=\"x14z9mp xat24cr x1lziwak x1vvkbs xtlvy1s x126k92a\">\n<div dir=\"auto\"><\/div>\n<div dir=\"auto\">As equipes aproveitar\u00e3o o feriado, per\u00edodo de menor fluxo de ve\u00edculos, para realizar os trabalhos no local e busca reduzir os impactos no tr\u00e2nsito.<\/div>\n<\/div>\n<div class=\"x14z9mp xat24cr x1lziwak x1vvkbs xtlvy1s x126k92a\">\n<div dir=\"auto\"><\/div>\n<div dir=\"auto\">Durante a execu\u00e7\u00e3o dos servi\u00e7os, o trecho do viaduto Santo Alfredo ficar\u00e1 interditado. Por isso, a Saec orienta os condutores a utilizarem rotas alternativas e redobrarem a aten\u00e7\u00e3o ao trafegar pela regi\u00e3o.<\/div>\n<\/div>\n<div class=\"x14z9mp xat24cr x1lziwak x1vvkbs xtlvy1s x126k92a\">\n<div dir=\"auto\"><\/div>\n<div dir=\"auto\">A previs\u00e3o \u00e9 de que a via seja liberada a partir das 17h, ap\u00f3s a conclus\u00e3o dos trabalhos.<\/div>\n<\/div>\n<div class=\"x14z9mp xat24cr x1lziwak x1vvkbs xtlvy1s x126k92a\">\n<div dir=\"auto\"><\/div>\n<div dir=\"auto\">Todo o trecho estar\u00e1 devidamente sinalizado. Em caso de chuva, a interven\u00e7\u00e3o ser\u00e1 cancelada.<\/div>\n<\/div>\n<div class=\"x14z9mp xat24cr x1lziwak x1vvkbs xtlvy1s x126k92a\">\n<div dir=\"auto\"><\/div>\n<div dir=\"auto\">A Saec agradece a compreens\u00e3o e a colabora\u00e7\u00e3o de todos.<\/div>\n<\/div>\n","protected":false},"excerpt":{"rendered":"<p>ATEN\u00c7\u00c3O, INTERDI\u00c7\u00c3O NO FERIADO Aten\u00e7\u00e3o, motoristas! A Saec realizar\u00e1 interdi\u00e7\u00e3o da rua 7 de Setembro, no cruzamento com a rua S\u00e3o Paulo, neste feriado de 7 de Setembro (segunda-feira), a partir das 7h30. As equipes aproveitar\u00e3o o feriado, per\u00edodo de menor fluxo de ve\u00edculos, para realizar os trabalhos no local e busca reduzir os impactos [&hellip;]<\/p>\n","protected":false},"author":12,"featured_media":12892,"comment_status":"closed","ping_status":"closed","sticky":false,"template":"","format":"standard","meta":{"footnotes":""},"categories":[41],"tags":[],"yoast_head":"<!-- This site is optimized with the Yoast SEO plugin v15.3 - https:\/\/yoast.com\/wordpress\/plugins\/seo\/ -->\n<title>Rua 7 de Setembro ser\u00e1 interditada nesta segunda-feira (feriado) para servi\u00e7os da Saec - SAEC Superintendencia de Agua e Esgoto de Catanduva<\/title>\n<meta name=\"robots\" content=\"index, follow, max-snippet:-1, max-image-preview:large, max-video-preview:-1\" \/>\n<link rel=\"canonical\" href=\"https:\/\/saec.sp.gov.br\/index.php\/2026\/09\/04\/rua-7-de-setembro-sera-interditada-nesta-segunda-feira-feriado-para-servicos-da-saec\/\" \/>\n<meta property=\"og:locale\" content=\"pt_BR\" \/>\n<meta property=\"og:type\" content=\"article\" \/>\n<meta property=\"og:title\" content=\"Rua 7 de Setembro ser\u00e1 interditada nesta segunda-feira (feriado) para servi\u00e7os da Saec - SAEC Superintendencia de Agua e Esgoto de Catanduva\" \/>\n<meta property=\"og:description\" content=\"ATEN\u00c7\u00c3O, INTERDI\u00c7\u00c3O NO FERIADO Aten\u00e7\u00e3o, motoristas! A Saec realizar\u00e1 interdi\u00e7\u00e3o da rua 7 de Setembro, no cruzamento com a rua S\u00e3o Paulo, neste feriado de 7 de Setembro (segunda-feira), a partir das 7h30. As equipes aproveitar\u00e3o o feriado, per\u00edodo de menor fluxo de ve\u00edculos, para realizar os trabalhos no local e busca reduzir os impactos [&hellip;]\" \/>\n<meta property=\"og:url\" content=\"https:\/\/saec.sp.gov.br\/index.php\/2026\/09\/04\/rua-7-de-setembro-sera-interditada-nesta-segunda-feira-feriado-para-servicos-da-saec\/\" \/>\n<meta property=\"og:site_name\" content=\"SAEC Superintendencia de Agua e Esgoto de Catanduva\" \/>\n<meta property=\"article:published_time\" content=\"2026-09-04T20:05:08+00:00\" \/>\n<meta property=\"og:image\" content=\"https:\/\/saec.sp.gov.br\/wp-content\/uploads\/2026\/08\/interdicao.jpg\" \/>\n\t<meta property=\"og:image:width\" content=\"526\" \/>\n\t<meta property=\"og:image:height\" content=\"526\" \/>\n<meta name=\"twitter:card\" content=\"summary\" \/>\n<meta name=\"twitter:label1\" content=\"Written by\">\n\t<meta name=\"twitter:data1\" content=\"Karla Sibro\">\n\t<meta name=\"twitter:label2\" content=\"Est. reading time\">\n\t<meta name=\"twitter:data2\" content=\"1 minuto\">\n<script type=\"application\/ld+json\" class=\"yoast-schema-graph\">{\"@context\":\"https:\/\/schema.org\",\"@graph\":[{\"@type\":\"WebSite\",\"@id\":\"https:\/\/saec.sp.gov.br\/#website\",\"url\":\"https:\/\/saec.sp.gov.br\/\",\"name\":\"SAEC Superintendencia de Agua e Esgoto de Catanduva\",\"description\":\"SAEC\",\"potentialAction\":[{\"@type\":\"SearchAction\",\"target\":\"https:\/\/saec.sp.gov.br\/?s={search_term_string}\",\"query-input\":\"required name=search_term_string\"}],\"inLanguage\":\"pt-BR\"},{\"@type\":\"ImageObject\",\"@id\":\"https:\/\/saec.sp.gov.br\/index.php\/2026\/09\/04\/rua-7-de-setembro-sera-interditada-nesta-segunda-feira-feriado-para-servicos-da-saec\/#primaryimage\",\"inLanguage\":\"pt-BR\",\"url\":\"https:\/\/saec.sp.gov.br\/wp-content\/uploads\/2026\/08\/interdicao.jpg\",\"width\":526,\"height\":526},{\"@type\":\"WebPage\",\"@id\":\"https:\/\/saec.sp.gov.br\/index.php\/2026\/09\/04\/rua-7-de-setembro-sera-interditada-nesta-segunda-feira-feriado-para-servicos-da-saec\/#webpage\",\"url\":\"https:\/\/saec.sp.gov.br\/index.php\/2026\/09\/04\/rua-7-de-setembro-sera-interditada-nesta-segunda-feira-feriado-para-servicos-da-saec\/\",\"name\":\"Rua 7 de Setembro ser\\u00e1 interditada nesta segunda-feira (feriado) para servi\\u00e7os da Saec - SAEC Superintendencia de Agua e Esgoto de Catanduva\",\"isPartOf\":{\"@id\":\"https:\/\/saec.sp.gov.br\/#website\"},\"primaryImageOfPage\":{\"@id\":\"https:\/\/saec.sp.gov.br\/index.php\/2026\/09\/04\/rua-7-de-setembro-sera-interditada-nesta-segunda-feira-feriado-para-servicos-da-saec\/#primaryimage\"},\"datePublished\":\"2026-09-04T20:05:08+00:00\",\"dateModified\":\"2026-09-04T20:05:08+00:00\",\"author\":{\"@id\":\"https:\/\/saec.sp.gov.br\/#\/schema\/person\/0adeb299f513c0b2fcb1812012e43dea\"},\"inLanguage\":\"pt-BR\",\"potentialAction\":[{\"@type\":\"ReadAction\",\"target\":[\"https:\/\/saec.sp.gov.br\/index.php\/2026\/09\/04\/rua-7-de-setembro-sera-interditada-nesta-segunda-feira-feriado-para-servicos-da-saec\/\"]}]},{\"@type\":\"Person\",\"@id\":\"https:\/\/saec.sp.gov.br\/#\/schema\/person\/0adeb299f513c0b2fcb1812012e43dea\",\"name\":\"Karla Sibro\"}]}<\/script>\n<!-- \/ Yoast SEO plugin. -->","amp_validity":null,"amp_enabled":true,"_links":{"self":[{"href":"https:\/\/saec.sp.gov.br\/index.php\/wp-json\/wp\/v2\/posts\/12970"}],"collection":[{"href":"https:\/\/saec.sp.gov.br\/index.php\/wp-json\/wp\/v2\/posts"}],"about":[{"href":"https:\/\/saec.sp.gov.br\/index.php\/wp-json\/wp\/v2\/types\/post"}],"author":[{"embeddable":true,"href":"https:\/\/saec.sp.gov.br\/index.php\/wp-json\/wp\/v2\/users\/12"}],"replies":[{"embeddable":true,"href":"https:\/\/saec.sp.gov.br\/index.php\/wp-json\/wp\/v2\/comments?post=12970"}],"version-history":[{"count":1,"href":"https:\/\/saec.sp.gov.br\/index.php\/wp-json\/wp\/v2\/posts\/12970\/revisions"}],"predecessor-version":[{"id":12971,"href":"https:\/\/saec.sp.gov.br\/index.php\/wp-json\/wp\/v2\/posts\/12970\/revisions\/12971"}],"wp:featuredmedia":[{"embeddable":true,"href":"https:\/\/saec.sp.gov.br\/index.php\/wp-json\/wp\/v2\/media\/12892"}],"wp:attachment":[{"href":"https:\/\/saec.sp.gov.br\/index.php\/wp-json\/wp\/v2\/media?parent=12970"}],"wp:term":[{"taxonomy":"category","embeddable":true,"href":"https:\/\/saec.sp.gov.br\/index.php\/wp-json\/wp\/v2\/categories?post=12970"},{"taxonomy":"post_tag","embeddable":true,"href":"https:\/\/saec.sp.gov.br\/index.php\/wp-json\/wp\/v2\/tags?post=12970"}],"curies":[{"name":"wp","href":"https:\/\/api.w.org\/{rel}","templated":true}]}}