{"id":2356,"date":"2020-02-26T17:52:23","date_gmt":"2020-02-26T17:52:23","guid":{"rendered":"http:\/\/saec.sp.gov.br\/?p=2356"},"modified":"2020-11-23T13:30:20","modified_gmt":"2020-11-23T13:30:20","slug":"interdicao-da-rua-para-entre-as-ruas-borborema-e-cedral-servico-programado-para-quinta-feira-dia-27-de-fevereiro","status":"publish","type":"post","link":"https:\/\/saec.sp.gov.br\/index.php\/2020\/02\/26\/interdicao-da-rua-para-entre-as-ruas-borborema-e-cedral-servico-programado-para-quinta-feira-dia-27-de-fevereiro\/","title":{"rendered":"INTERDI\u00c7\u00c3O DA RUA PAR\u00c1, ENTRE AS RUAS BORBOREMA E CEDRAL. Servi\u00e7o programado para quinta-feira, dia 27 de fevereiro"},"content":{"rendered":"<p>Interdi\u00e7\u00e3o da rua Par\u00e1<\/p>\n<p>&nbsp;<\/p>\n<p>A SAEC (Superintend\u00eancia de \u00c1gua e Esgoto de Catanduva) comunica os moradores que a rua Par\u00e1, entre as ruas Borborema e Cedral, ser\u00e1 interditada na manh\u00e3 desta quinta-feira, dia 27, a partir das 7 horas. Para a ocasi\u00e3o, est\u00e1 programado servi\u00e7o de troca ramal de \u00e1gua no trecho.<\/p>\n<p>&nbsp;<\/p>\n<p>A superintend\u00eancia orienta que os motoristas evitem transitar nas imedia\u00e7\u00f5es durante o per\u00edodo de execu\u00e7\u00e3o dos trabalhos. A expectativa \u00e9 de que o local seja liberado ao fluxo de ve\u00edculos ainda de manh\u00e3, por volta de 11 horas.<\/p>\n","protected":false},"excerpt":{"rendered":"<p>Interdi\u00e7\u00e3o da rua Par\u00e1 &nbsp; A SAEC (Superintend\u00eancia de \u00c1gua e Esgoto de Catanduva) comunica os moradores que a rua Par\u00e1, entre as ruas Borborema e Cedral, ser\u00e1 interditada na manh\u00e3 desta quinta-feira, dia 27, a partir das 7 horas. Para a ocasi\u00e3o, est\u00e1 programado servi\u00e7o de troca ramal de \u00e1gua no trecho. &nbsp; A [&hellip;]<\/p>\n","protected":false},"author":9,"featured_media":0,"comment_status":"closed","ping_status":"closed","sticky":false,"template":"","format":"standard","meta":{"footnotes":""},"categories":[49,42],"tags":[],"yoast_head":"<!-- This site is optimized with the Yoast SEO plugin v15.3 - https:\/\/yoast.com\/wordpress\/plugins\/seo\/ -->\n<title>INTERDI\u00c7\u00c3O DA RUA PAR\u00c1, ENTRE AS RUAS BORBOREMA E CEDRAL. Servi\u00e7o programado para quinta-feira, dia 27 de fevereiro - SAEC Superintendencia de Agua e Esgoto de Catanduva<\/title>\n<meta name=\"robots\" content=\"index, follow, max-snippet:-1, max-image-preview:large, max-video-preview:-1\" \/>\n<link rel=\"canonical\" href=\"https:\/\/saec.sp.gov.br\/index.php\/2020\/02\/26\/interdicao-da-rua-para-entre-as-ruas-borborema-e-cedral-servico-programado-para-quinta-feira-dia-27-de-fevereiro\/\" \/>\n<meta property=\"og:locale\" content=\"pt_BR\" \/>\n<meta property=\"og:type\" content=\"article\" \/>\n<meta property=\"og:title\" content=\"INTERDI\u00c7\u00c3O DA RUA PAR\u00c1, ENTRE AS RUAS BORBOREMA E CEDRAL. Servi\u00e7o programado para quinta-feira, dia 27 de fevereiro - SAEC Superintendencia de Agua e Esgoto de Catanduva\" \/>\n<meta property=\"og:description\" content=\"Interdi\u00e7\u00e3o da rua Par\u00e1 &nbsp; A SAEC (Superintend\u00eancia de \u00c1gua e Esgoto de Catanduva) comunica os moradores que a rua Par\u00e1, entre as ruas Borborema e Cedral, ser\u00e1 interditada na manh\u00e3 desta quinta-feira, dia 27, a partir das 7 horas. Para a ocasi\u00e3o, est\u00e1 programado servi\u00e7o de troca ramal de \u00e1gua no trecho. &nbsp; A [&hellip;]\" \/>\n<meta property=\"og:url\" content=\"https:\/\/saec.sp.gov.br\/index.php\/2020\/02\/26\/interdicao-da-rua-para-entre-as-ruas-borborema-e-cedral-servico-programado-para-quinta-feira-dia-27-de-fevereiro\/\" \/>\n<meta property=\"og:site_name\" content=\"SAEC Superintendencia de Agua e Esgoto de Catanduva\" \/>\n<meta property=\"article:published_time\" content=\"2020-02-26T17:52:23+00:00\" \/>\n<meta property=\"article:modified_time\" content=\"2020-11-23T13:30:20+00:00\" \/>\n<meta name=\"twitter:card\" content=\"summary\" \/>\n<meta name=\"twitter:label1\" content=\"Written by\">\n\t<meta name=\"twitter:data1\" content=\"Katia Muller\">\n\t<meta name=\"twitter:label2\" content=\"Est. reading time\">\n\t<meta name=\"twitter:data2\" content=\"0 minuto\">\n<script type=\"application\/ld+json\" class=\"yoast-schema-graph\">{\"@context\":\"https:\/\/schema.org\",\"@graph\":[{\"@type\":\"WebSite\",\"@id\":\"https:\/\/saec.sp.gov.br\/#website\",\"url\":\"https:\/\/saec.sp.gov.br\/\",\"name\":\"SAEC Superintendencia de Agua e Esgoto de Catanduva\",\"description\":\"SAEC\",\"potentialAction\":[{\"@type\":\"SearchAction\",\"target\":\"https:\/\/saec.sp.gov.br\/?s={search_term_string}\",\"query-input\":\"required name=search_term_string\"}],\"inLanguage\":\"pt-BR\"},{\"@type\":\"WebPage\",\"@id\":\"https:\/\/saec.sp.gov.br\/index.php\/2020\/02\/26\/interdicao-da-rua-para-entre-as-ruas-borborema-e-cedral-servico-programado-para-quinta-feira-dia-27-de-fevereiro\/#webpage\",\"url\":\"https:\/\/saec.sp.gov.br\/index.php\/2020\/02\/26\/interdicao-da-rua-para-entre-as-ruas-borborema-e-cedral-servico-programado-para-quinta-feira-dia-27-de-fevereiro\/\",\"name\":\"INTERDI\\u00c7\\u00c3O DA RUA PAR\\u00c1, ENTRE AS RUAS BORBOREMA E CEDRAL. Servi\\u00e7o programado para quinta-feira, dia 27 de fevereiro - SAEC Superintendencia de Agua e Esgoto de Catanduva\",\"isPartOf\":{\"@id\":\"https:\/\/saec.sp.gov.br\/#website\"},\"datePublished\":\"2020-02-26T17:52:23+00:00\",\"dateModified\":\"2020-11-23T13:30:20+00:00\",\"author\":{\"@id\":\"https:\/\/saec.sp.gov.br\/#\/schema\/person\/50ef0d9dd88bbbcefe39443548103bbb\"},\"inLanguage\":\"pt-BR\",\"potentialAction\":[{\"@type\":\"ReadAction\",\"target\":[\"https:\/\/saec.sp.gov.br\/index.php\/2020\/02\/26\/interdicao-da-rua-para-entre-as-ruas-borborema-e-cedral-servico-programado-para-quinta-feira-dia-27-de-fevereiro\/\"]}]},{\"@type\":\"Person\",\"@id\":\"https:\/\/saec.sp.gov.br\/#\/schema\/person\/50ef0d9dd88bbbcefe39443548103bbb\",\"name\":\"Katia Muller\"}]}<\/script>\n<!-- \/ Yoast SEO plugin. -->","amp_validity":null,"amp_enabled":true,"_links":{"self":[{"href":"https:\/\/saec.sp.gov.br\/index.php\/wp-json\/wp\/v2\/posts\/2356"}],"collection":[{"href":"https:\/\/saec.sp.gov.br\/index.php\/wp-json\/wp\/v2\/posts"}],"about":[{"href":"https:\/\/saec.sp.gov.br\/index.php\/wp-json\/wp\/v2\/types\/post"}],"author":[{"embeddable":true,"href":"https:\/\/saec.sp.gov.br\/index.php\/wp-json\/wp\/v2\/users\/9"}],"replies":[{"embeddable":true,"href":"https:\/\/saec.sp.gov.br\/index.php\/wp-json\/wp\/v2\/comments?post=2356"}],"version-history":[{"count":3,"href":"https:\/\/saec.sp.gov.br\/index.php\/wp-json\/wp\/v2\/posts\/2356\/revisions"}],"predecessor-version":[{"id":2359,"href":"https:\/\/saec.sp.gov.br\/index.php\/wp-json\/wp\/v2\/posts\/2356\/revisions\/2359"}],"wp:attachment":[{"href":"https:\/\/saec.sp.gov.br\/index.php\/wp-json\/wp\/v2\/media?parent=2356"}],"wp:term":[{"taxonomy":"category","embeddable":true,"href":"https:\/\/saec.sp.gov.br\/index.php\/wp-json\/wp\/v2\/categories?post=2356"},{"taxonomy":"post_tag","embeddable":true,"href":"https:\/\/saec.sp.gov.br\/index.php\/wp-json\/wp\/v2\/tags?post=2356"}],"curies":[{"name":"wp","href":"https:\/\/api.w.org\/{rel}","templated":true}]}}