{"id":2997,"date":"2021-05-28T20:48:42","date_gmt":"2021-05-28T20:48:42","guid":{"rendered":"http:\/\/saec.sp.gov.br\/?p=2997"},"modified":"2021-05-28T20:49:31","modified_gmt":"2021-05-28T20:49:31","slug":"saec-e-parceira-da-semana-do-meio-ambiente","status":"publish","type":"post","link":"https:\/\/saec.sp.gov.br\/index.php\/2021\/05\/28\/saec-e-parceira-da-semana-do-meio-ambiente\/","title":{"rendered":"SAEC \u00e9 parceira da Semana do Meio Ambiente"},"content":{"rendered":"\n<p>A Superintend\u00eancia de \u00c1gua e Esgoto de Catanduva, a SAEC, \u00e9 parceira da Semana do Meio Ambiente. A programa\u00e7\u00e3o \u00e9 desenvolvida pela Secretaria de Meio Ambiente entre os dias 31 de maio e 9 de junho, com foco nos objetivos de desenvolvimento sustent\u00e1vel e traz diversas propostas, tanto para grupos espec\u00edficos, quanto iniciativas abertas a popula\u00e7\u00e3o.<\/p>\n<p>As atividades contam com a parceria do Conselho Municipal de Meio Ambiente (COMMA) e apoio da Secretaria de Educa\u00e7\u00e3o, Guarda Municipal por meio da Patrulha Ambiental, Unimed, Grupo de Escoteiros \u201cCidade Feiti\u00e7o\u201d, Pol\u00edcia Ambiental, 3R Ind\u00fastria LTDA, Usina S\u00e3o Domingos, Pesque Pague Santa Luzia e Soroptimistas de Catanduva.<\/p>\n<p>Entre as atividades programadas, est\u00e1 a Gincana com os alunos da rede municipal de ensino. Na a\u00e7\u00e3o, os alunos que arrecadarem mais \u00f3leo usado ganhar\u00e3o pr\u00eamios. A ideia \u00e9 trazer a consci\u00eancia do qu\u00e3o prejudicial \u00e9 a pr\u00e1tica de jogar o item direto na pia da cozinha, por exemplo. Todo o material arrecado ser\u00e1 enviado para a 3R Ind\u00fastria LTDA que \u00e9 respons\u00e1vel pela destina\u00e7\u00e3o ambientalmente correta.<\/p>\n<p>\u00a0Outra a\u00e7\u00e3o que envolve os estudantes \u00e9 o concurso de desenho do Mascote do Zoo. Como a jaguatirica &#8220;Laurinha&#8221; foi a vencedora da vota\u00e7\u00e3o virtual, os alunos das escolas municipais dever\u00e3o expressar sua vis\u00e3o art\u00edstica do animal.<\/p>\n<p>\u00a0Iniciativa verde programada para o dia 5 de junho no Parque dos Ip\u00eas. No local, ser\u00e1 realizado o plantio de mudas, a soltura de mais de 1.000 peixes, drive-thru de \u00e1rvores para doa\u00e7\u00e3o e a divulga\u00e7\u00e3o do programa \u201cAdote Uma Pra\u00e7a\u201d.\u00a0<\/p>\n<p>\u201cA programa\u00e7\u00e3o \u00e9 envolvente e abrangente, buscando trazer \u00e0 tona o debate de ideias e apresenta\u00e7\u00e3o de informa\u00e7\u00f5es que s\u00e3o fundamentais para a mudan\u00e7a de h\u00e1bitos no nosso cotidiano; al\u00e9m de trocar experi\u00eancias e promover a import\u00e2ncia do desenvolvimento de pr\u00e1ticas sustent\u00e1veis no munic\u00edpio\u201d, destaca a Secret\u00e1ria de Meio Ambiente, Julia Wayego.<\/p>\n<p>Em todos os dias do evento, que segue as regras do Plano S\u00e3o Paulo, ocorrer\u00e1 a arrecada\u00e7\u00e3o de leite para encaminhamento ao Fundo Social.<\/p>\n<p>Confira a programa\u00e7\u00e3o completa:<\/p>\n<p>31\/05 &#8211; 9h, no Audit\u00f3rio da Prefeitura<\/p>\n<p>Abertura oficial<\/p>\n<p>10h30 &#8211; Palestra on-line \u201cCompras P\u00fablicas Sustent\u00e1veis\u201d com Denize Cavalcanti. Coordenadoria de Planejamento Ambiental\/ Secretaria de Infraestrutura e Meio Ambiente do Estado de S\u00e3o Paulo.<\/p>\n<p>Link para acompanhar:\u00a0<a href=\"https:\/\/us02web.zoom.us\/j\/87002819361?pwd=VmY5NXNxc09qc0xhQWQyR2U2ZFQyUT09\">https:\/\/us02web.zoom.us\/j\/87002819361?pwd=VmY5NXNxc09qc0xhQWQyR2U2ZFQyUT09<\/a><\/p>\n<p>ID da palestra: 870 0281 9361<\/p>\n<p>Senha de acesso: 672304<\/p>\n<p>01\/06 &#8211; 9h, no Audit\u00f3rio da Prefeitura<\/p>\n<p>Lan\u00e7amento do Projeto \u201c\u00d3leo Usado no Lugar Certo\u201d, com o in\u00edcio da gincana dos alunos da rede municipal de ensino. Palestra com o bi\u00f3logo da SAEC, Auro Silva Garcia Filho.<\/p>\n<p>02\/06 &#8211; 14h, no Audit\u00f3rio da Prefeitura<\/p>\n<p>Palestra \u201cIdentifica\u00e7\u00e3o de Forma\u00e7\u00e3o Vegetal e sua Caracteriza\u00e7\u00e3o\u201d, com o Tenente\u00a0 da Pol\u00edcia Ambiental, Alonso Wendel Ferreira da Silva.<\/p>\n<p>05\/06 &#8211; 8h, no Parque dos Ip\u00eas<\/p>\n<p>Plantio de Mudas, soltura de peixes, drive-thru de \u00e1rvores e divulga\u00e7\u00e3o do programa \u201cAdote uma Pra\u00e7a\u201d, conforme Lei Municipal 3.120, de 11 de abril de 1995.<\/p>\n<p>07\/06 &#8211; 9h<\/p>\n<p>Palestra on-line \u201cHortas Urbanas, Gest\u00e3o de Res\u00edduos Org\u00e2nicos e como vamos Rever a Mudan\u00e7a Clim\u00e1tica\u201d, com Antonio Storel, Engenheiro Agr\u00f4nomo da ESALQ-USP.<\/p>\n<p>Link para acompanhar:\u00a0<a href=\"https:\/\/us02web.zoom.us\/j\/81031425422?pwd=V0lHNW1NVG43YkZjalRIc1FVU0c3QT09\">https:\/\/us02web.zoom.us\/j\/81031425422?pwd=V0lHNW1NVG43YkZjalRIc1FVU0c3QT09<\/a><\/p>\n<p>ID da palestra: 810 3142 5422<\/p>\n<p>Senha de acesso: 707453<\/p>\n<p>13h, no Audit\u00f3rio da Prefeitura<\/p>\n<p>\u201cCapacita\u00e7\u00e3o de \u00c1rea de Transbordo e Triagem (ATT) do Munic\u00edpio de Catanduva\u201d, com a equipe da Secretaria de Meio Ambiente.<\/p>\n<p>08\/06 &#8211; 7h<\/p>\n<p>Plantio de Mudas na avenida Julio C\u00e9sar Marino<\/p>\n<p>09\/06 &#8211; 9h, no Zool\u00f3gico Municipal<\/p>\n<p>Premia\u00e7\u00e3o dos Alunos Vencedores do Concurso de Desenho \u201cMascote do Zoo\u201d.<\/p>\n<p>\u00a0<\/p>\n","protected":false},"excerpt":{"rendered":"","protected":false},"author":9,"featured_media":2998,"comment_status":"closed","ping_status":"closed","sticky":false,"template":"","format":"standard","meta":{"footnotes":""},"categories":[41,43],"tags":[],"yoast_head":"<!-- This site is optimized with the Yoast SEO plugin v15.3 - https:\/\/yoast.com\/wordpress\/plugins\/seo\/ -->\n<title>SAEC \u00e9 parceira da Semana do Meio Ambiente - SAEC Superintendencia de Agua e Esgoto de Catanduva<\/title>\n<meta name=\"robots\" content=\"index, follow, max-snippet:-1, max-image-preview:large, max-video-preview:-1\" \/>\n<link rel=\"canonical\" href=\"https:\/\/saec.sp.gov.br\/index.php\/2021\/05\/28\/saec-e-parceira-da-semana-do-meio-ambiente\/\" \/>\n<meta property=\"og:locale\" content=\"pt_BR\" \/>\n<meta property=\"og:type\" content=\"article\" \/>\n<meta property=\"og:title\" content=\"SAEC \u00e9 parceira da Semana do Meio Ambiente - SAEC Superintendencia de Agua e Esgoto de Catanduva\" \/>\n<meta property=\"og:url\" content=\"https:\/\/saec.sp.gov.br\/index.php\/2021\/05\/28\/saec-e-parceira-da-semana-do-meio-ambiente\/\" \/>\n<meta property=\"og:site_name\" content=\"SAEC Superintendencia de Agua e Esgoto de Catanduva\" \/>\n<meta property=\"article:published_time\" content=\"2021-05-28T20:48:42+00:00\" \/>\n<meta property=\"article:modified_time\" content=\"2021-05-28T20:49:31+00:00\" \/>\n<meta property=\"og:image\" content=\"https:\/\/saec.sp.gov.br\/wp-content\/uploads\/2021\/05\/e778de19-7af1-4d44-9638-c3714cf9bb58-e1622234963242.jpg\" \/>\n\t<meta property=\"og:image:width\" content=\"1080\" \/>\n\t<meta property=\"og:image:height\" content=\"720\" \/>\n<meta name=\"twitter:card\" content=\"summary\" \/>\n<meta name=\"twitter:label1\" content=\"Written by\">\n\t<meta name=\"twitter:data1\" content=\"Katia Muller\">\n\t<meta name=\"twitter:label2\" content=\"Est. reading time\">\n\t<meta name=\"twitter:data2\" content=\"3 minutos\">\n<script type=\"application\/ld+json\" class=\"yoast-schema-graph\">{\"@context\":\"https:\/\/schema.org\",\"@graph\":[{\"@type\":\"WebSite\",\"@id\":\"https:\/\/saec.sp.gov.br\/#website\",\"url\":\"https:\/\/saec.sp.gov.br\/\",\"name\":\"SAEC Superintendencia de Agua e Esgoto de Catanduva\",\"description\":\"SAEC\",\"potentialAction\":[{\"@type\":\"SearchAction\",\"target\":\"https:\/\/saec.sp.gov.br\/?s={search_term_string}\",\"query-input\":\"required name=search_term_string\"}],\"inLanguage\":\"pt-BR\"},{\"@type\":\"ImageObject\",\"@id\":\"https:\/\/saec.sp.gov.br\/index.php\/2021\/05\/28\/saec-e-parceira-da-semana-do-meio-ambiente\/#primaryimage\",\"inLanguage\":\"pt-BR\",\"url\":\"https:\/\/saec.sp.gov.br\/wp-content\/uploads\/2021\/05\/e778de19-7af1-4d44-9638-c3714cf9bb58-e1622234963242.jpg\",\"width\":1080,\"height\":720},{\"@type\":\"WebPage\",\"@id\":\"https:\/\/saec.sp.gov.br\/index.php\/2021\/05\/28\/saec-e-parceira-da-semana-do-meio-ambiente\/#webpage\",\"url\":\"https:\/\/saec.sp.gov.br\/index.php\/2021\/05\/28\/saec-e-parceira-da-semana-do-meio-ambiente\/\",\"name\":\"SAEC \\u00e9 parceira da Semana do Meio Ambiente - SAEC Superintendencia de Agua e Esgoto de Catanduva\",\"isPartOf\":{\"@id\":\"https:\/\/saec.sp.gov.br\/#website\"},\"primaryImageOfPage\":{\"@id\":\"https:\/\/saec.sp.gov.br\/index.php\/2021\/05\/28\/saec-e-parceira-da-semana-do-meio-ambiente\/#primaryimage\"},\"datePublished\":\"2021-05-28T20:48:42+00:00\",\"dateModified\":\"2021-05-28T20:49:31+00:00\",\"author\":{\"@id\":\"https:\/\/saec.sp.gov.br\/#\/schema\/person\/50ef0d9dd88bbbcefe39443548103bbb\"},\"inLanguage\":\"pt-BR\",\"potentialAction\":[{\"@type\":\"ReadAction\",\"target\":[\"https:\/\/saec.sp.gov.br\/index.php\/2021\/05\/28\/saec-e-parceira-da-semana-do-meio-ambiente\/\"]}]},{\"@type\":\"Person\",\"@id\":\"https:\/\/saec.sp.gov.br\/#\/schema\/person\/50ef0d9dd88bbbcefe39443548103bbb\",\"name\":\"Katia Muller\"}]}<\/script>\n<!-- \/ Yoast SEO plugin. -->","amp_validity":null,"amp_enabled":true,"_links":{"self":[{"href":"https:\/\/saec.sp.gov.br\/index.php\/wp-json\/wp\/v2\/posts\/2997"}],"collection":[{"href":"https:\/\/saec.sp.gov.br\/index.php\/wp-json\/wp\/v2\/posts"}],"about":[{"href":"https:\/\/saec.sp.gov.br\/index.php\/wp-json\/wp\/v2\/types\/post"}],"author":[{"embeddable":true,"href":"https:\/\/saec.sp.gov.br\/index.php\/wp-json\/wp\/v2\/users\/9"}],"replies":[{"embeddable":true,"href":"https:\/\/saec.sp.gov.br\/index.php\/wp-json\/wp\/v2\/comments?post=2997"}],"version-history":[{"count":1,"href":"https:\/\/saec.sp.gov.br\/index.php\/wp-json\/wp\/v2\/posts\/2997\/revisions"}],"predecessor-version":[{"id":2999,"href":"https:\/\/saec.sp.gov.br\/index.php\/wp-json\/wp\/v2\/posts\/2997\/revisions\/2999"}],"wp:featuredmedia":[{"embeddable":true,"href":"https:\/\/saec.sp.gov.br\/index.php\/wp-json\/wp\/v2\/media\/2998"}],"wp:attachment":[{"href":"https:\/\/saec.sp.gov.br\/index.php\/wp-json\/wp\/v2\/media?parent=2997"}],"wp:term":[{"taxonomy":"category","embeddable":true,"href":"https:\/\/saec.sp.gov.br\/index.php\/wp-json\/wp\/v2\/categories?post=2997"},{"taxonomy":"post_tag","embeddable":true,"href":"https:\/\/saec.sp.gov.br\/index.php\/wp-json\/wp\/v2\/tags?post=2997"}],"curies":[{"name":"wp","href":"https:\/\/api.w.org\/{rel}","templated":true}]}}