{"id":3011,"date":"2021-06-02T00:26:44","date_gmt":"2021-06-02T00:26:44","guid":{"rendered":"http:\/\/saec.sp.gov.br\/?p=3011"},"modified":"2021-06-02T00:26:46","modified_gmt":"2021-06-02T00:26:46","slug":"saec-na-semana-do-meio-ambiente","status":"publish","type":"post","link":"https:\/\/saec.sp.gov.br\/index.php\/2021\/06\/02\/saec-na-semana-do-meio-ambiente\/","title":{"rendered":"SAEC NA SEMANA DO MEIO AMBIENTE"},"content":{"rendered":"\n<div class=\"kvgmc6g5 cxmmr5t8 oygrvhab hcukyx3x c1et5uql ii04i59q\">\n<div dir=\"auto\">Vil\u00e3o da rede de esgoto! O bi\u00f3logo da SAEC, Auro Silva Garcia Filho, ministrou palestra nesta ter\u00e7a-feira, dia 1\u00b0, na programa\u00e7\u00e3o da Semana do Meio Ambiente. Na oportunidade, ele pode falar sobre os danos do descarte de \u00f3leo de cozinha direto na pia, al\u00e9m de mobilizar para a conscientiza\u00e7\u00e3o do descarte correto do material. Na data, tamb\u00e9m ocorreu o lan\u00e7amento da Gincana do \u00d3leo de Cozinha Usado no Lugar Certo, que vai mobilizar os alunos da rede municipal, para o despertar de novos h\u00e1bitos.\u00a0Diretores e coordenadores agora compartilhar\u00e3o a aprendizagem de hoje com professores, que levar\u00e3o aos alunos e os alunos aos pais, em um ciclo \u00a0de preserva\u00e7\u00e3o da natureza.\u00a0<\/div>\n<\/div>\n<div dir=\"auto\"><img loading=\"lazy\" decoding=\"async\" class=\"aligncenter wp-image-3012 size-large lazyload\" src=\"data:image\/gif;base64,R0lGODlhAQABAAAAACH5BAEKAAEALAAAAAABAAEAAAICTAEAOw==\" data-src=\"http:\/\/saec.sp.gov.br\/wp-content\/uploads\/2021\/06\/IMG-20210601-WA0225-1024x683.jpg\" alt=\"\" width=\"1010\" height=\"674\" data-sizes=\"auto\" data-srcset=\"https:\/\/saec.sp.gov.br\/wp-content\/uploads\/2021\/06\/IMG-20210601-WA0225-1024x683.jpg 1024w, https:\/\/saec.sp.gov.br\/wp-content\/uploads\/2021\/06\/IMG-20210601-WA0225-300x200.jpg 300w, https:\/\/saec.sp.gov.br\/wp-content\/uploads\/2021\/06\/IMG-20210601-WA0225-768x512.jpg 768w, https:\/\/saec.sp.gov.br\/wp-content\/uploads\/2021\/06\/IMG-20210601-WA0225-824x550.jpg 824w, https:\/\/saec.sp.gov.br\/wp-content\/uploads\/2021\/06\/IMG-20210601-WA0225-447x298.jpg 447w, https:\/\/saec.sp.gov.br\/wp-content\/uploads\/2021\/06\/IMG-20210601-WA0225-600x400.jpg 600w, https:\/\/saec.sp.gov.br\/wp-content\/uploads\/2021\/06\/IMG-20210601-WA0225.jpg 1280w\" sizes=\"(max-width: 1010px) 100vw, 1010px\" \/><\/div>\n","protected":false},"excerpt":{"rendered":"","protected":false},"author":9,"featured_media":3013,"comment_status":"closed","ping_status":"closed","sticky":false,"template":"","format":"standard","meta":{"footnotes":""},"categories":[41,43],"tags":[],"yoast_head":"<!-- This site is optimized with the Yoast SEO plugin v15.3 - https:\/\/yoast.com\/wordpress\/plugins\/seo\/ -->\n<title>SAEC NA SEMANA DO MEIO AMBIENTE - SAEC Superintendencia de Agua e Esgoto de Catanduva<\/title>\n<meta name=\"robots\" content=\"index, follow, max-snippet:-1, max-image-preview:large, max-video-preview:-1\" \/>\n<link rel=\"canonical\" href=\"https:\/\/saec.sp.gov.br\/index.php\/2021\/06\/02\/saec-na-semana-do-meio-ambiente\/\" \/>\n<meta property=\"og:locale\" content=\"pt_BR\" \/>\n<meta property=\"og:type\" content=\"article\" \/>\n<meta property=\"og:title\" content=\"SAEC NA SEMANA DO MEIO AMBIENTE - SAEC Superintendencia de Agua e Esgoto de Catanduva\" \/>\n<meta property=\"og:url\" content=\"https:\/\/saec.sp.gov.br\/index.php\/2021\/06\/02\/saec-na-semana-do-meio-ambiente\/\" \/>\n<meta property=\"og:site_name\" content=\"SAEC Superintendencia de Agua e Esgoto de Catanduva\" \/>\n<meta property=\"article:published_time\" content=\"2021-06-02T00:26:44+00:00\" \/>\n<meta property=\"article:modified_time\" content=\"2021-06-02T00:26:46+00:00\" \/>\n<meta property=\"og:image\" content=\"https:\/\/saec.sp.gov.br\/wp-content\/uploads\/2021\/06\/IMG-20210601-WA0036.jpg\" \/>\n\t<meta property=\"og:image:width\" content=\"1280\" \/>\n\t<meta property=\"og:image:height\" content=\"853\" \/>\n<meta name=\"twitter:card\" content=\"summary\" \/>\n<meta name=\"twitter:label1\" content=\"Written by\">\n\t<meta name=\"twitter:data1\" content=\"Katia Muller\">\n\t<meta name=\"twitter:label2\" content=\"Est. reading time\">\n\t<meta name=\"twitter:data2\" content=\"0 minuto\">\n<script type=\"application\/ld+json\" class=\"yoast-schema-graph\">{\"@context\":\"https:\/\/schema.org\",\"@graph\":[{\"@type\":\"WebSite\",\"@id\":\"https:\/\/saec.sp.gov.br\/#website\",\"url\":\"https:\/\/saec.sp.gov.br\/\",\"name\":\"SAEC Superintendencia de Agua e Esgoto de Catanduva\",\"description\":\"SAEC\",\"potentialAction\":[{\"@type\":\"SearchAction\",\"target\":\"https:\/\/saec.sp.gov.br\/?s={search_term_string}\",\"query-input\":\"required name=search_term_string\"}],\"inLanguage\":\"pt-BR\"},{\"@type\":\"ImageObject\",\"@id\":\"https:\/\/saec.sp.gov.br\/index.php\/2021\/06\/02\/saec-na-semana-do-meio-ambiente\/#primaryimage\",\"inLanguage\":\"pt-BR\",\"url\":\"https:\/\/saec.sp.gov.br\/wp-content\/uploads\/2021\/06\/IMG-20210601-WA0036.jpg\",\"width\":1280,\"height\":853},{\"@type\":\"WebPage\",\"@id\":\"https:\/\/saec.sp.gov.br\/index.php\/2021\/06\/02\/saec-na-semana-do-meio-ambiente\/#webpage\",\"url\":\"https:\/\/saec.sp.gov.br\/index.php\/2021\/06\/02\/saec-na-semana-do-meio-ambiente\/\",\"name\":\"SAEC NA SEMANA DO MEIO AMBIENTE - SAEC Superintendencia de Agua e Esgoto de Catanduva\",\"isPartOf\":{\"@id\":\"https:\/\/saec.sp.gov.br\/#website\"},\"primaryImageOfPage\":{\"@id\":\"https:\/\/saec.sp.gov.br\/index.php\/2021\/06\/02\/saec-na-semana-do-meio-ambiente\/#primaryimage\"},\"datePublished\":\"2021-06-02T00:26:44+00:00\",\"dateModified\":\"2021-06-02T00:26:46+00:00\",\"author\":{\"@id\":\"https:\/\/saec.sp.gov.br\/#\/schema\/person\/50ef0d9dd88bbbcefe39443548103bbb\"},\"inLanguage\":\"pt-BR\",\"potentialAction\":[{\"@type\":\"ReadAction\",\"target\":[\"https:\/\/saec.sp.gov.br\/index.php\/2021\/06\/02\/saec-na-semana-do-meio-ambiente\/\"]}]},{\"@type\":\"Person\",\"@id\":\"https:\/\/saec.sp.gov.br\/#\/schema\/person\/50ef0d9dd88bbbcefe39443548103bbb\",\"name\":\"Katia Muller\"}]}<\/script>\n<!-- \/ Yoast SEO plugin. -->","amp_validity":null,"amp_enabled":true,"_links":{"self":[{"href":"https:\/\/saec.sp.gov.br\/index.php\/wp-json\/wp\/v2\/posts\/3011"}],"collection":[{"href":"https:\/\/saec.sp.gov.br\/index.php\/wp-json\/wp\/v2\/posts"}],"about":[{"href":"https:\/\/saec.sp.gov.br\/index.php\/wp-json\/wp\/v2\/types\/post"}],"author":[{"embeddable":true,"href":"https:\/\/saec.sp.gov.br\/index.php\/wp-json\/wp\/v2\/users\/9"}],"replies":[{"embeddable":true,"href":"https:\/\/saec.sp.gov.br\/index.php\/wp-json\/wp\/v2\/comments?post=3011"}],"version-history":[{"count":1,"href":"https:\/\/saec.sp.gov.br\/index.php\/wp-json\/wp\/v2\/posts\/3011\/revisions"}],"predecessor-version":[{"id":3014,"href":"https:\/\/saec.sp.gov.br\/index.php\/wp-json\/wp\/v2\/posts\/3011\/revisions\/3014"}],"wp:featuredmedia":[{"embeddable":true,"href":"https:\/\/saec.sp.gov.br\/index.php\/wp-json\/wp\/v2\/media\/3013"}],"wp:attachment":[{"href":"https:\/\/saec.sp.gov.br\/index.php\/wp-json\/wp\/v2\/media?parent=3011"}],"wp:term":[{"taxonomy":"category","embeddable":true,"href":"https:\/\/saec.sp.gov.br\/index.php\/wp-json\/wp\/v2\/categories?post=3011"},{"taxonomy":"post_tag","embeddable":true,"href":"https:\/\/saec.sp.gov.br\/index.php\/wp-json\/wp\/v2\/tags?post=3011"}],"curies":[{"name":"wp","href":"https:\/\/api.w.org\/{rel}","templated":true}]}}