{"id":3821,"date":"2021-11-21T00:50:00","date_gmt":"2021-11-21T00:50:00","guid":{"rendered":"http:\/\/saec.sp.gov.br\/?p=3821"},"modified":"2021-11-25T00:52:24","modified_gmt":"2021-11-25T00:52:24","slug":"3821","status":"publish","type":"post","link":"https:\/\/saec.sp.gov.br\/index.php\/2021\/11\/21\/3821\/","title":{"rendered":"A SAEC FAZ"},"content":{"rendered":"\n<p><img loading=\"lazy\" decoding=\"async\" class=\"alignleft size-medium wp-image-3822 lazyload\" src=\"data:image\/gif;base64,R0lGODlhAQABAAAAACH5BAEKAAEALAAAAAABAAEAAAICTAEAOw==\" data-src=\"http:\/\/saec.sp.gov.br\/wp-content\/uploads\/2021\/11\/259927216_1262109667628478_4022916236156569661_n-300x225.jpg\" alt=\"\" width=\"300\" height=\"225\" data-sizes=\"auto\" data-srcset=\"https:\/\/saec.sp.gov.br\/wp-content\/uploads\/2021\/11\/259927216_1262109667628478_4022916236156569661_n-300x225.jpg 300w, https:\/\/saec.sp.gov.br\/wp-content\/uploads\/2021\/11\/259927216_1262109667628478_4022916236156569661_n-1024x766.jpg 1024w, https:\/\/saec.sp.gov.br\/wp-content\/uploads\/2021\/11\/259927216_1262109667628478_4022916236156569661_n-768x575.jpg 768w, https:\/\/saec.sp.gov.br\/wp-content\/uploads\/2021\/11\/259927216_1262109667628478_4022916236156569661_n-735x550.jpg 735w, https:\/\/saec.sp.gov.br\/wp-content\/uploads\/2021\/11\/259927216_1262109667628478_4022916236156569661_n-398x298.jpg 398w, https:\/\/saec.sp.gov.br\/wp-content\/uploads\/2021\/11\/259927216_1262109667628478_4022916236156569661_n-400x298.jpg 400w, https:\/\/saec.sp.gov.br\/wp-content\/uploads\/2021\/11\/259927216_1262109667628478_4022916236156569661_n-100x76.jpg 100w, https:\/\/saec.sp.gov.br\/wp-content\/uploads\/2021\/11\/259927216_1262109667628478_4022916236156569661_n-534x400.jpg 534w, https:\/\/saec.sp.gov.br\/wp-content\/uploads\/2021\/11\/259927216_1262109667628478_4022916236156569661_n.jpg 1280w\" sizes=\"(max-width: 300px) 100vw, 300px\" \/>Recupera\u00e7\u00e3o de pavimenta\u00e7\u00e3o na avenida Jos\u00e9 Nelson Machado, na regi\u00e3o central da cidade. Trabalho foi executado nesta semana, ap\u00f3s reparo da SAEC para conter vazamento de \u00e1gua. Miss\u00e3o cumprida!<\/p>\n<p>21\/11\/2021<\/p>\n","protected":false},"excerpt":{"rendered":"","protected":false},"author":9,"featured_media":3823,"comment_status":"closed","ping_status":"closed","sticky":false,"template":"","format":"standard","meta":{"footnotes":""},"categories":[41,43],"tags":[],"yoast_head":"<!-- This site is optimized with the Yoast SEO plugin v15.3 - https:\/\/yoast.com\/wordpress\/plugins\/seo\/ -->\n<title>A SAEC FAZ - SAEC Superintendencia de Agua e Esgoto de Catanduva<\/title>\n<meta name=\"robots\" content=\"index, follow, max-snippet:-1, max-image-preview:large, max-video-preview:-1\" \/>\n<link rel=\"canonical\" href=\"https:\/\/saec.sp.gov.br\/index.php\/2021\/11\/21\/3821\/\" \/>\n<meta property=\"og:locale\" content=\"pt_BR\" \/>\n<meta property=\"og:type\" content=\"article\" \/>\n<meta property=\"og:title\" content=\"A SAEC FAZ - SAEC Superintendencia de Agua e Esgoto de Catanduva\" \/>\n<meta property=\"og:url\" content=\"https:\/\/saec.sp.gov.br\/index.php\/2021\/11\/21\/3821\/\" \/>\n<meta property=\"og:site_name\" content=\"SAEC Superintendencia de Agua e Esgoto de Catanduva\" \/>\n<meta property=\"article:published_time\" content=\"2021-11-21T00:50:00+00:00\" \/>\n<meta property=\"article:modified_time\" content=\"2021-11-25T00:52:24+00:00\" \/>\n<meta property=\"og:image\" content=\"https:\/\/saec.sp.gov.br\/wp-content\/uploads\/2021\/11\/259753314_1262109520961826_7353066343423463791_n.jpg\" \/>\n\t<meta property=\"og:image:width\" content=\"1620\" \/>\n\t<meta property=\"og:image:height\" content=\"1080\" \/>\n<meta name=\"twitter:card\" content=\"summary\" \/>\n<meta name=\"twitter:label1\" content=\"Written by\">\n\t<meta name=\"twitter:data1\" content=\"Katia Muller\">\n\t<meta name=\"twitter:label2\" content=\"Est. reading time\">\n\t<meta name=\"twitter:data2\" content=\"0 minuto\">\n<script type=\"application\/ld+json\" class=\"yoast-schema-graph\">{\"@context\":\"https:\/\/schema.org\",\"@graph\":[{\"@type\":\"WebSite\",\"@id\":\"https:\/\/saec.sp.gov.br\/#website\",\"url\":\"https:\/\/saec.sp.gov.br\/\",\"name\":\"SAEC Superintendencia de Agua e Esgoto de Catanduva\",\"description\":\"SAEC\",\"potentialAction\":[{\"@type\":\"SearchAction\",\"target\":\"https:\/\/saec.sp.gov.br\/?s={search_term_string}\",\"query-input\":\"required name=search_term_string\"}],\"inLanguage\":\"pt-BR\"},{\"@type\":\"ImageObject\",\"@id\":\"https:\/\/saec.sp.gov.br\/index.php\/2021\/11\/21\/3821\/#primaryimage\",\"inLanguage\":\"pt-BR\",\"url\":\"https:\/\/saec.sp.gov.br\/wp-content\/uploads\/2021\/11\/259753314_1262109520961826_7353066343423463791_n.jpg\",\"width\":1620,\"height\":1080},{\"@type\":\"WebPage\",\"@id\":\"https:\/\/saec.sp.gov.br\/index.php\/2021\/11\/21\/3821\/#webpage\",\"url\":\"https:\/\/saec.sp.gov.br\/index.php\/2021\/11\/21\/3821\/\",\"name\":\"A SAEC FAZ - SAEC Superintendencia de Agua e Esgoto de Catanduva\",\"isPartOf\":{\"@id\":\"https:\/\/saec.sp.gov.br\/#website\"},\"primaryImageOfPage\":{\"@id\":\"https:\/\/saec.sp.gov.br\/index.php\/2021\/11\/21\/3821\/#primaryimage\"},\"datePublished\":\"2021-11-21T00:50:00+00:00\",\"dateModified\":\"2021-11-25T00:52:24+00:00\",\"author\":{\"@id\":\"https:\/\/saec.sp.gov.br\/#\/schema\/person\/50ef0d9dd88bbbcefe39443548103bbb\"},\"inLanguage\":\"pt-BR\",\"potentialAction\":[{\"@type\":\"ReadAction\",\"target\":[\"https:\/\/saec.sp.gov.br\/index.php\/2021\/11\/21\/3821\/\"]}]},{\"@type\":\"Person\",\"@id\":\"https:\/\/saec.sp.gov.br\/#\/schema\/person\/50ef0d9dd88bbbcefe39443548103bbb\",\"name\":\"Katia Muller\"}]}<\/script>\n<!-- \/ Yoast SEO plugin. -->","amp_validity":null,"amp_enabled":true,"_links":{"self":[{"href":"https:\/\/saec.sp.gov.br\/index.php\/wp-json\/wp\/v2\/posts\/3821"}],"collection":[{"href":"https:\/\/saec.sp.gov.br\/index.php\/wp-json\/wp\/v2\/posts"}],"about":[{"href":"https:\/\/saec.sp.gov.br\/index.php\/wp-json\/wp\/v2\/types\/post"}],"author":[{"embeddable":true,"href":"https:\/\/saec.sp.gov.br\/index.php\/wp-json\/wp\/v2\/users\/9"}],"replies":[{"embeddable":true,"href":"https:\/\/saec.sp.gov.br\/index.php\/wp-json\/wp\/v2\/comments?post=3821"}],"version-history":[{"count":2,"href":"https:\/\/saec.sp.gov.br\/index.php\/wp-json\/wp\/v2\/posts\/3821\/revisions"}],"predecessor-version":[{"id":3825,"href":"https:\/\/saec.sp.gov.br\/index.php\/wp-json\/wp\/v2\/posts\/3821\/revisions\/3825"}],"wp:featuredmedia":[{"embeddable":true,"href":"https:\/\/saec.sp.gov.br\/index.php\/wp-json\/wp\/v2\/media\/3823"}],"wp:attachment":[{"href":"https:\/\/saec.sp.gov.br\/index.php\/wp-json\/wp\/v2\/media?parent=3821"}],"wp:term":[{"taxonomy":"category","embeddable":true,"href":"https:\/\/saec.sp.gov.br\/index.php\/wp-json\/wp\/v2\/categories?post=3821"},{"taxonomy":"post_tag","embeddable":true,"href":"https:\/\/saec.sp.gov.br\/index.php\/wp-json\/wp\/v2\/tags?post=3821"}],"curies":[{"name":"wp","href":"https:\/\/api.w.org\/{rel}","templated":true}]}}