{"id":3833,"date":"2021-11-23T00:58:00","date_gmt":"2021-11-23T00:58:00","guid":{"rendered":"http:\/\/saec.sp.gov.br\/?p=3833"},"modified":"2021-11-25T01:00:41","modified_gmt":"2021-11-25T01:00:41","slug":"novembro-azul-2","status":"publish","type":"post","link":"https:\/\/saec.sp.gov.br\/index.php\/2021\/11\/23\/novembro-azul-2\/","title":{"rendered":"NOVEMBRO AZUL"},"content":{"rendered":"\n<p><img loading=\"lazy\" decoding=\"async\" class=\"alignleft size-medium wp-image-3834 lazyload\" src=\"data:image\/gif;base64,R0lGODlhAQABAAAAACH5BAEKAAEALAAAAAABAAEAAAICTAEAOw==\" data-src=\"http:\/\/saec.sp.gov.br\/wp-content\/uploads\/2021\/11\/260624614_1263478207491624_6147976306770808464_n-300x200.jpg\" alt=\"\" width=\"300\" height=\"200\" data-sizes=\"auto\" data-srcset=\"https:\/\/saec.sp.gov.br\/wp-content\/uploads\/2021\/11\/260624614_1263478207491624_6147976306770808464_n-300x200.jpg 300w, https:\/\/saec.sp.gov.br\/wp-content\/uploads\/2021\/11\/260624614_1263478207491624_6147976306770808464_n-1024x683.jpg 1024w, https:\/\/saec.sp.gov.br\/wp-content\/uploads\/2021\/11\/260624614_1263478207491624_6147976306770808464_n-768x512.jpg 768w, https:\/\/saec.sp.gov.br\/wp-content\/uploads\/2021\/11\/260624614_1263478207491624_6147976306770808464_n-1536x1025.jpg 1536w, https:\/\/saec.sp.gov.br\/wp-content\/uploads\/2021\/11\/260624614_1263478207491624_6147976306770808464_n-824x550.jpg 824w, https:\/\/saec.sp.gov.br\/wp-content\/uploads\/2021\/11\/260624614_1263478207491624_6147976306770808464_n-447x298.jpg 447w, https:\/\/saec.sp.gov.br\/wp-content\/uploads\/2021\/11\/260624614_1263478207491624_6147976306770808464_n-599x400.jpg 599w, https:\/\/saec.sp.gov.br\/wp-content\/uploads\/2021\/11\/260624614_1263478207491624_6147976306770808464_n.jpg 1686w\" sizes=\"(max-width: 300px) 100vw, 300px\" \/>Prevenir \u00e9 sempre o melhor rem\u00e9dio! Hoje foi dia de conscientiza\u00e7\u00e3o para os colaboradores da SAEC sobre a preven\u00e7\u00e3o ao c\u00e2ncer de pr\u00f3stata. A campanha Novembro Azul alerta sobre a gravidade da doen\u00e7a e que tem 90% de chance de cura se diagnosticada no est\u00e1gio inicial. <br \/>Previna-se, fa\u00e7a o teste de toque retal a partir dos 50 anos. Se j\u00e1 tem caso diagnosticado na fam\u00edlia, os m\u00e9dicos recomendam que o exame seja feito a partir dos 45 anos.<\/p>\n<p>23\/11\/2021<\/p>\n","protected":false},"excerpt":{"rendered":"","protected":false},"author":9,"featured_media":3835,"comment_status":"closed","ping_status":"closed","sticky":false,"template":"","format":"standard","meta":{"footnotes":""},"categories":[41,43],"tags":[],"yoast_head":"<!-- This site is optimized with the Yoast SEO plugin v15.3 - https:\/\/yoast.com\/wordpress\/plugins\/seo\/ -->\n<title>NOVEMBRO AZUL - SAEC Superintendencia de Agua e Esgoto de Catanduva<\/title>\n<meta name=\"robots\" content=\"index, follow, max-snippet:-1, max-image-preview:large, max-video-preview:-1\" \/>\n<link rel=\"canonical\" href=\"https:\/\/saec.sp.gov.br\/index.php\/2021\/11\/23\/novembro-azul-2\/\" \/>\n<meta property=\"og:locale\" content=\"pt_BR\" \/>\n<meta property=\"og:type\" content=\"article\" \/>\n<meta property=\"og:title\" content=\"NOVEMBRO AZUL - SAEC Superintendencia de Agua e Esgoto de Catanduva\" \/>\n<meta property=\"og:url\" content=\"https:\/\/saec.sp.gov.br\/index.php\/2021\/11\/23\/novembro-azul-2\/\" \/>\n<meta property=\"og:site_name\" content=\"SAEC Superintendencia de Agua e Esgoto de Catanduva\" \/>\n<meta property=\"article:published_time\" content=\"2021-11-23T00:58:00+00:00\" \/>\n<meta property=\"article:modified_time\" content=\"2021-11-25T01:00:41+00:00\" \/>\n<meta property=\"og:image\" content=\"https:\/\/saec.sp.gov.br\/wp-content\/uploads\/2021\/11\/260504309_1263478370824941_2266822930691744584_n.jpg\" \/>\n\t<meta property=\"og:image:width\" content=\"1686\" \/>\n\t<meta property=\"og:image:height\" content=\"1125\" \/>\n<meta name=\"twitter:card\" content=\"summary\" \/>\n<meta name=\"twitter:label1\" content=\"Written by\">\n\t<meta name=\"twitter:data1\" content=\"Katia Muller\">\n\t<meta name=\"twitter:label2\" content=\"Est. reading time\">\n\t<meta name=\"twitter:data2\" content=\"0 minuto\">\n<script type=\"application\/ld+json\" class=\"yoast-schema-graph\">{\"@context\":\"https:\/\/schema.org\",\"@graph\":[{\"@type\":\"WebSite\",\"@id\":\"https:\/\/saec.sp.gov.br\/#website\",\"url\":\"https:\/\/saec.sp.gov.br\/\",\"name\":\"SAEC Superintendencia de Agua e Esgoto de Catanduva\",\"description\":\"SAEC\",\"potentialAction\":[{\"@type\":\"SearchAction\",\"target\":\"https:\/\/saec.sp.gov.br\/?s={search_term_string}\",\"query-input\":\"required name=search_term_string\"}],\"inLanguage\":\"pt-BR\"},{\"@type\":\"ImageObject\",\"@id\":\"https:\/\/saec.sp.gov.br\/index.php\/2021\/11\/23\/novembro-azul-2\/#primaryimage\",\"inLanguage\":\"pt-BR\",\"url\":\"https:\/\/saec.sp.gov.br\/wp-content\/uploads\/2021\/11\/260504309_1263478370824941_2266822930691744584_n.jpg\",\"width\":1686,\"height\":1125},{\"@type\":\"WebPage\",\"@id\":\"https:\/\/saec.sp.gov.br\/index.php\/2021\/11\/23\/novembro-azul-2\/#webpage\",\"url\":\"https:\/\/saec.sp.gov.br\/index.php\/2021\/11\/23\/novembro-azul-2\/\",\"name\":\"NOVEMBRO AZUL - SAEC Superintendencia de Agua e Esgoto de Catanduva\",\"isPartOf\":{\"@id\":\"https:\/\/saec.sp.gov.br\/#website\"},\"primaryImageOfPage\":{\"@id\":\"https:\/\/saec.sp.gov.br\/index.php\/2021\/11\/23\/novembro-azul-2\/#primaryimage\"},\"datePublished\":\"2021-11-23T00:58:00+00:00\",\"dateModified\":\"2021-11-25T01:00:41+00:00\",\"author\":{\"@id\":\"https:\/\/saec.sp.gov.br\/#\/schema\/person\/50ef0d9dd88bbbcefe39443548103bbb\"},\"inLanguage\":\"pt-BR\",\"potentialAction\":[{\"@type\":\"ReadAction\",\"target\":[\"https:\/\/saec.sp.gov.br\/index.php\/2021\/11\/23\/novembro-azul-2\/\"]}]},{\"@type\":\"Person\",\"@id\":\"https:\/\/saec.sp.gov.br\/#\/schema\/person\/50ef0d9dd88bbbcefe39443548103bbb\",\"name\":\"Katia Muller\"}]}<\/script>\n<!-- \/ Yoast SEO plugin. -->","amp_validity":null,"amp_enabled":true,"_links":{"self":[{"href":"https:\/\/saec.sp.gov.br\/index.php\/wp-json\/wp\/v2\/posts\/3833"}],"collection":[{"href":"https:\/\/saec.sp.gov.br\/index.php\/wp-json\/wp\/v2\/posts"}],"about":[{"href":"https:\/\/saec.sp.gov.br\/index.php\/wp-json\/wp\/v2\/types\/post"}],"author":[{"embeddable":true,"href":"https:\/\/saec.sp.gov.br\/index.php\/wp-json\/wp\/v2\/users\/9"}],"replies":[{"embeddable":true,"href":"https:\/\/saec.sp.gov.br\/index.php\/wp-json\/wp\/v2\/comments?post=3833"}],"version-history":[{"count":1,"href":"https:\/\/saec.sp.gov.br\/index.php\/wp-json\/wp\/v2\/posts\/3833\/revisions"}],"predecessor-version":[{"id":3836,"href":"https:\/\/saec.sp.gov.br\/index.php\/wp-json\/wp\/v2\/posts\/3833\/revisions\/3836"}],"wp:featuredmedia":[{"embeddable":true,"href":"https:\/\/saec.sp.gov.br\/index.php\/wp-json\/wp\/v2\/media\/3835"}],"wp:attachment":[{"href":"https:\/\/saec.sp.gov.br\/index.php\/wp-json\/wp\/v2\/media?parent=3833"}],"wp:term":[{"taxonomy":"category","embeddable":true,"href":"https:\/\/saec.sp.gov.br\/index.php\/wp-json\/wp\/v2\/categories?post=3833"},{"taxonomy":"post_tag","embeddable":true,"href":"https:\/\/saec.sp.gov.br\/index.php\/wp-json\/wp\/v2\/tags?post=3833"}],"curies":[{"name":"wp","href":"https:\/\/api.w.org\/{rel}","templated":true}]}}