{"id":5812,"date":"2023-01-19T17:40:00","date_gmt":"2023-01-19T20:40:00","guid":{"rendered":"http:\/\/saec.sp.gov.br\/?p=5812"},"modified":"2023-01-20T17:44:33","modified_gmt":"2023-01-20T20:44:33","slug":"refis-2023","status":"publish","type":"post","link":"https:\/\/saec.sp.gov.br\/index.php\/2023\/01\/19\/refis-2023\/","title":{"rendered":"REFIS 2023"},"content":{"rendered":"\n<p>\u00a0<\/p>\n<div style=\"width: 640px;\" class=\"wp-video\"><!--[if lt IE 9]><script>document.createElement('video');<\/script><![endif]-->\n<video class=\"wp-video-shortcode\" id=\"video-5812-1\" width=\"640\" height=\"352\" preload=\"metadata\" controls=\"controls\"><source type=\"video\/mp4\" src=\"http:\/\/saec.sp.gov.br\/wp-content\/uploads\/2023\/01\/WhatsApp-Video-2023-01-19-at-10.40.06.mp4?_=1\" \/><a href=\"http:\/\/saec.sp.gov.br\/wp-content\/uploads\/2023\/01\/WhatsApp-Video-2023-01-19-at-10.40.06.mp4\">http:\/\/saec.sp.gov.br\/wp-content\/uploads\/2023\/01\/WhatsApp-Video-2023-01-19-at-10.40.06.mp4<\/a><\/video><\/div>\n<p>Oportunidade! Aberta a temporada de ades\u00e3o ao Refis 2023 (Prefeitura + Saec). O Programa de Recupera\u00e7\u00e3o Fiscal possibilita negociar d\u00e9bitos vencidos at\u00e9 dezembro de 2022.<\/p>\n<p>Quanto menos parcelas&#8230;mais descontos de juros e multas<\/p>\n<p>\u00c0 vista ou em at\u00e9 12 parcelas \u2013 100%<\/p>\n<p>24 parcelas \u2013 95%<\/p>\n<p>36 parcelas \u2013 90%<\/p>\n<p>48 parcelas \u2013 85%<\/p>\n<p>60 parcelas \u2013 80%<\/p>\n<p>72 parcelas \u2013 75%<\/p>\n<p>84 parcelas \u2013 70%<\/p>\n<p>96 parcelas \u2013 65%<\/p>\n<p>Entram no programa de parcelamento, d\u00e9bitos constitu\u00eddos ou n\u00e3o, inscritos ou n\u00e3o em d\u00edvida ativa, inclusive ajuizados, parcelamentos efetivos, vencidos e n\u00e3o pagos integralmente at\u00e9 a data da lei, incluindo contrapartidas exigidas em raz\u00e3o de regulariza\u00e7\u00e3o de im\u00f3veis, ainda pendentes de pagamentos.<\/p>\n<p>Os interessados em aderir ao programa devem agendar atendimento por telefone &#8211; Prefeitura: 3531-9200, via site: www.catanduva.sp.gov.br ou presencialmente \/ Saec: 0800 723 0602 ou presencialmente.<\/p>\n<p>O Refis \u00e9 resultado de Lei sancionada pelo Prefeito Padre Osvaldo, a partir de projeto de Lei apresentado pelo vereador Maur\u00edcio Gouvea e aprovado pelos demais parlamentares.<\/p>\n<p>Para aderir ao Refis, o dono do im\u00f3vel deve apresentar c\u00f3pias do RG e CPF. Caso o im\u00f3vel esteja em nome de terceiro, apresentar procura\u00e7\u00e3o e c\u00f3pias do RG e CPF.<\/p>\n<p>\u00a0<\/p>\n<p>19\/01\/2023<\/p>\n","protected":false},"excerpt":{"rendered":"","protected":false},"author":9,"featured_media":5800,"comment_status":"closed","ping_status":"closed","sticky":false,"template":"","format":"standard","meta":{"footnotes":""},"categories":[41,43],"tags":[],"yoast_head":"<!-- This site is optimized with the Yoast SEO plugin v15.3 - https:\/\/yoast.com\/wordpress\/plugins\/seo\/ -->\n<title>REFIS 2023 - SAEC Superintendencia de Agua e Esgoto de Catanduva<\/title>\n<meta name=\"robots\" content=\"index, follow, max-snippet:-1, max-image-preview:large, max-video-preview:-1\" \/>\n<link rel=\"canonical\" href=\"https:\/\/saec.sp.gov.br\/index.php\/2023\/01\/19\/refis-2023\/\" \/>\n<meta property=\"og:locale\" content=\"pt_BR\" \/>\n<meta property=\"og:type\" content=\"article\" \/>\n<meta property=\"og:title\" content=\"REFIS 2023 - SAEC Superintendencia de Agua e Esgoto de Catanduva\" \/>\n<meta property=\"og:url\" content=\"https:\/\/saec.sp.gov.br\/index.php\/2023\/01\/19\/refis-2023\/\" \/>\n<meta property=\"og:site_name\" content=\"SAEC Superintendencia de Agua e Esgoto de Catanduva\" \/>\n<meta property=\"article:published_time\" content=\"2023-01-19T20:40:00+00:00\" \/>\n<meta property=\"article:modified_time\" content=\"2023-01-20T20:44:33+00:00\" \/>\n<meta property=\"og:image\" content=\"https:\/\/saec.sp.gov.br\/wp-content\/uploads\/2023\/01\/71692116_700634937109290_8343276394012213248_n.jpg\" \/>\n\t<meta property=\"og:image:width\" content=\"2048\" \/>\n\t<meta property=\"og:image:height\" content=\"1365\" \/>\n<meta name=\"twitter:card\" content=\"summary\" \/>\n<meta name=\"twitter:label1\" content=\"Written by\">\n\t<meta name=\"twitter:data1\" content=\"Katia Muller\">\n\t<meta name=\"twitter:label2\" content=\"Est. reading time\">\n\t<meta name=\"twitter:data2\" content=\"1 minuto\">\n<script type=\"application\/ld+json\" class=\"yoast-schema-graph\">{\"@context\":\"https:\/\/schema.org\",\"@graph\":[{\"@type\":\"WebSite\",\"@id\":\"https:\/\/saec.sp.gov.br\/#website\",\"url\":\"https:\/\/saec.sp.gov.br\/\",\"name\":\"SAEC Superintendencia de Agua e Esgoto de Catanduva\",\"description\":\"SAEC\",\"potentialAction\":[{\"@type\":\"SearchAction\",\"target\":\"https:\/\/saec.sp.gov.br\/?s={search_term_string}\",\"query-input\":\"required name=search_term_string\"}],\"inLanguage\":\"pt-BR\"},{\"@type\":\"ImageObject\",\"@id\":\"https:\/\/saec.sp.gov.br\/index.php\/2023\/01\/19\/refis-2023\/#primaryimage\",\"inLanguage\":\"pt-BR\",\"url\":\"https:\/\/saec.sp.gov.br\/wp-content\/uploads\/2023\/01\/71692116_700634937109290_8343276394012213248_n.jpg\",\"width\":2048,\"height\":1365},{\"@type\":\"WebPage\",\"@id\":\"https:\/\/saec.sp.gov.br\/index.php\/2023\/01\/19\/refis-2023\/#webpage\",\"url\":\"https:\/\/saec.sp.gov.br\/index.php\/2023\/01\/19\/refis-2023\/\",\"name\":\"REFIS 2023 - SAEC Superintendencia de Agua e Esgoto de Catanduva\",\"isPartOf\":{\"@id\":\"https:\/\/saec.sp.gov.br\/#website\"},\"primaryImageOfPage\":{\"@id\":\"https:\/\/saec.sp.gov.br\/index.php\/2023\/01\/19\/refis-2023\/#primaryimage\"},\"datePublished\":\"2023-01-19T20:40:00+00:00\",\"dateModified\":\"2023-01-20T20:44:33+00:00\",\"author\":{\"@id\":\"https:\/\/saec.sp.gov.br\/#\/schema\/person\/50ef0d9dd88bbbcefe39443548103bbb\"},\"inLanguage\":\"pt-BR\",\"potentialAction\":[{\"@type\":\"ReadAction\",\"target\":[\"https:\/\/saec.sp.gov.br\/index.php\/2023\/01\/19\/refis-2023\/\"]}]},{\"@type\":\"Person\",\"@id\":\"https:\/\/saec.sp.gov.br\/#\/schema\/person\/50ef0d9dd88bbbcefe39443548103bbb\",\"name\":\"Katia Muller\"}]}<\/script>\n<!-- \/ Yoast SEO plugin. -->","amp_validity":null,"amp_enabled":true,"_links":{"self":[{"href":"https:\/\/saec.sp.gov.br\/index.php\/wp-json\/wp\/v2\/posts\/5812"}],"collection":[{"href":"https:\/\/saec.sp.gov.br\/index.php\/wp-json\/wp\/v2\/posts"}],"about":[{"href":"https:\/\/saec.sp.gov.br\/index.php\/wp-json\/wp\/v2\/types\/post"}],"author":[{"embeddable":true,"href":"https:\/\/saec.sp.gov.br\/index.php\/wp-json\/wp\/v2\/users\/9"}],"replies":[{"embeddable":true,"href":"https:\/\/saec.sp.gov.br\/index.php\/wp-json\/wp\/v2\/comments?post=5812"}],"version-history":[{"count":1,"href":"https:\/\/saec.sp.gov.br\/index.php\/wp-json\/wp\/v2\/posts\/5812\/revisions"}],"predecessor-version":[{"id":5814,"href":"https:\/\/saec.sp.gov.br\/index.php\/wp-json\/wp\/v2\/posts\/5812\/revisions\/5814"}],"wp:featuredmedia":[{"embeddable":true,"href":"https:\/\/saec.sp.gov.br\/index.php\/wp-json\/wp\/v2\/media\/5800"}],"wp:attachment":[{"href":"https:\/\/saec.sp.gov.br\/index.php\/wp-json\/wp\/v2\/media?parent=5812"}],"wp:term":[{"taxonomy":"category","embeddable":true,"href":"https:\/\/saec.sp.gov.br\/index.php\/wp-json\/wp\/v2\/categories?post=5812"},{"taxonomy":"post_tag","embeddable":true,"href":"https:\/\/saec.sp.gov.br\/index.php\/wp-json\/wp\/v2\/tags?post=5812"}],"curies":[{"name":"wp","href":"https:\/\/api.w.org\/{rel}","templated":true}]}}