{"id":6075,"date":"2023-02-27T17:23:00","date_gmt":"2023-02-27T20:23:00","guid":{"rendered":"http:\/\/saec.sp.gov.br\/?p=6075"},"modified":"2023-03-02T17:24:36","modified_gmt":"2023-03-02T20:24:36","slug":"interrupcao-no-fornecimento-de-agua-em-27-02-2023","status":"publish","type":"post","link":"https:\/\/saec.sp.gov.br\/index.php\/2023\/02\/27\/interrupcao-no-fornecimento-de-agua-em-27-02-2023\/","title":{"rendered":"INTERRUP\u00c7\u00c3O NO FORNECIMENTO DE \u00c1GUA\u00a0EM 27\/02\/2023"},"content":{"rendered":"\n<div class=\"x11i5rnm xat24cr x1mh8g0r x1vvkbs xdj266r x126k92a\">\n<div dir=\"auto\">\u00a0<\/div>\n<\/div>\n<div class=\"x11i5rnm xat24cr x1mh8g0r x1vvkbs xtlvy1s x126k92a\">\n<div dir=\"auto\">A SAEC comunica os moradores sobre interrup\u00e7\u00e3o no fornecimento de \u00e1gua nesta segunda-feira, dia 27. Ser\u00e3o atingidos os bairros: Jardim Santo Ant\u00f4nio, Centro, Vila Guzzo, Vila S\u00e3o Lu\u00eds, Jardim Am\u00eandola, Vila Stocco e adjacentes.<\/div>\n<\/div>\n<div class=\"x11i5rnm xat24cr x1mh8g0r x1vvkbs xtlvy1s x126k92a\">\n<div dir=\"auto\">\u00a0A Unidade de Reserva\u00e7\u00e3o que abastece os bairros precisou ser fechada para que equipes possam executar a manuten\u00e7\u00e3o. A previs\u00e3o \u00e9 de que o servi\u00e7o seja conclu\u00eddo \u00e0s 17h.<\/div>\n<\/div>\n<div class=\"x11i5rnm xat24cr x1mh8g0r x1vvkbs xtlvy1s x126k92a\">\n<div dir=\"auto\">A SAEC pede que os moradores economizem \u00e1gua para que n\u00e3o ocorra desabastecimento.<\/div>\n27\/02\/2023<\/div>\n","protected":false},"excerpt":{"rendered":"","protected":false},"author":9,"featured_media":2430,"comment_status":"closed","ping_status":"closed","sticky":false,"template":"","format":"standard","meta":{"footnotes":""},"categories":[41,43],"tags":[],"yoast_head":"<!-- This site is optimized with the Yoast SEO plugin v15.3 - https:\/\/yoast.com\/wordpress\/plugins\/seo\/ -->\n<title>INTERRUP\u00c7\u00c3O NO FORNECIMENTO DE \u00c1GUA\u00a0EM 27\/02\/2023 - SAEC Superintendencia de Agua e Esgoto de Catanduva<\/title>\n<meta name=\"robots\" content=\"index, follow, max-snippet:-1, max-image-preview:large, max-video-preview:-1\" \/>\n<link rel=\"canonical\" href=\"https:\/\/saec.sp.gov.br\/index.php\/2023\/02\/27\/interrupcao-no-fornecimento-de-agua-em-27-02-2023\/\" \/>\n<meta property=\"og:locale\" content=\"pt_BR\" \/>\n<meta property=\"og:type\" content=\"article\" \/>\n<meta property=\"og:title\" content=\"INTERRUP\u00c7\u00c3O NO FORNECIMENTO DE \u00c1GUA\u00a0EM 27\/02\/2023 - SAEC Superintendencia de Agua e Esgoto de Catanduva\" \/>\n<meta property=\"og:url\" content=\"https:\/\/saec.sp.gov.br\/index.php\/2023\/02\/27\/interrupcao-no-fornecimento-de-agua-em-27-02-2023\/\" \/>\n<meta property=\"og:site_name\" content=\"SAEC Superintendencia de Agua e Esgoto de Catanduva\" \/>\n<meta property=\"article:published_time\" content=\"2023-02-27T20:23:00+00:00\" \/>\n<meta property=\"article:modified_time\" content=\"2023-03-02T20:24:36+00:00\" \/>\n<meta property=\"og:image\" content=\"https:\/\/saec.sp.gov.br\/wp-content\/uploads\/2020\/06\/interrup\u00e7\u00e3o.png\" \/>\n\t<meta property=\"og:image:width\" content=\"800\" \/>\n\t<meta property=\"og:image:height\" content=\"800\" \/>\n<meta name=\"twitter:card\" content=\"summary\" \/>\n<meta name=\"twitter:label1\" content=\"Written by\">\n\t<meta name=\"twitter:data1\" content=\"Katia Muller\">\n\t<meta name=\"twitter:label2\" content=\"Est. reading time\">\n\t<meta name=\"twitter:data2\" content=\"0 minuto\">\n<script type=\"application\/ld+json\" class=\"yoast-schema-graph\">{\"@context\":\"https:\/\/schema.org\",\"@graph\":[{\"@type\":\"WebSite\",\"@id\":\"https:\/\/saec.sp.gov.br\/#website\",\"url\":\"https:\/\/saec.sp.gov.br\/\",\"name\":\"SAEC Superintendencia de Agua e Esgoto de Catanduva\",\"description\":\"SAEC\",\"potentialAction\":[{\"@type\":\"SearchAction\",\"target\":\"https:\/\/saec.sp.gov.br\/?s={search_term_string}\",\"query-input\":\"required name=search_term_string\"}],\"inLanguage\":\"pt-BR\"},{\"@type\":\"ImageObject\",\"@id\":\"https:\/\/saec.sp.gov.br\/index.php\/2023\/02\/27\/interrupcao-no-fornecimento-de-agua-em-27-02-2023\/#primaryimage\",\"inLanguage\":\"pt-BR\",\"url\":\"https:\/\/saec.sp.gov.br\/wp-content\/uploads\/2020\/06\/interrup\\u00e7\\u00e3o.png\",\"width\":800,\"height\":800},{\"@type\":\"WebPage\",\"@id\":\"https:\/\/saec.sp.gov.br\/index.php\/2023\/02\/27\/interrupcao-no-fornecimento-de-agua-em-27-02-2023\/#webpage\",\"url\":\"https:\/\/saec.sp.gov.br\/index.php\/2023\/02\/27\/interrupcao-no-fornecimento-de-agua-em-27-02-2023\/\",\"name\":\"INTERRUP\\u00c7\\u00c3O NO FORNECIMENTO DE \\u00c1GUA\\u00a0EM 27\/02\/2023 - SAEC Superintendencia de Agua e Esgoto de Catanduva\",\"isPartOf\":{\"@id\":\"https:\/\/saec.sp.gov.br\/#website\"},\"primaryImageOfPage\":{\"@id\":\"https:\/\/saec.sp.gov.br\/index.php\/2023\/02\/27\/interrupcao-no-fornecimento-de-agua-em-27-02-2023\/#primaryimage\"},\"datePublished\":\"2023-02-27T20:23:00+00:00\",\"dateModified\":\"2023-03-02T20:24:36+00:00\",\"author\":{\"@id\":\"https:\/\/saec.sp.gov.br\/#\/schema\/person\/50ef0d9dd88bbbcefe39443548103bbb\"},\"inLanguage\":\"pt-BR\",\"potentialAction\":[{\"@type\":\"ReadAction\",\"target\":[\"https:\/\/saec.sp.gov.br\/index.php\/2023\/02\/27\/interrupcao-no-fornecimento-de-agua-em-27-02-2023\/\"]}]},{\"@type\":\"Person\",\"@id\":\"https:\/\/saec.sp.gov.br\/#\/schema\/person\/50ef0d9dd88bbbcefe39443548103bbb\",\"name\":\"Katia Muller\"}]}<\/script>\n<!-- \/ Yoast SEO plugin. -->","amp_validity":null,"amp_enabled":true,"_links":{"self":[{"href":"https:\/\/saec.sp.gov.br\/index.php\/wp-json\/wp\/v2\/posts\/6075"}],"collection":[{"href":"https:\/\/saec.sp.gov.br\/index.php\/wp-json\/wp\/v2\/posts"}],"about":[{"href":"https:\/\/saec.sp.gov.br\/index.php\/wp-json\/wp\/v2\/types\/post"}],"author":[{"embeddable":true,"href":"https:\/\/saec.sp.gov.br\/index.php\/wp-json\/wp\/v2\/users\/9"}],"replies":[{"embeddable":true,"href":"https:\/\/saec.sp.gov.br\/index.php\/wp-json\/wp\/v2\/comments?post=6075"}],"version-history":[{"count":1,"href":"https:\/\/saec.sp.gov.br\/index.php\/wp-json\/wp\/v2\/posts\/6075\/revisions"}],"predecessor-version":[{"id":6076,"href":"https:\/\/saec.sp.gov.br\/index.php\/wp-json\/wp\/v2\/posts\/6075\/revisions\/6076"}],"wp:featuredmedia":[{"embeddable":true,"href":"https:\/\/saec.sp.gov.br\/index.php\/wp-json\/wp\/v2\/media\/2430"}],"wp:attachment":[{"href":"https:\/\/saec.sp.gov.br\/index.php\/wp-json\/wp\/v2\/media?parent=6075"}],"wp:term":[{"taxonomy":"category","embeddable":true,"href":"https:\/\/saec.sp.gov.br\/index.php\/wp-json\/wp\/v2\/categories?post=6075"},{"taxonomy":"post_tag","embeddable":true,"href":"https:\/\/saec.sp.gov.br\/index.php\/wp-json\/wp\/v2\/tags?post=6075"}],"curies":[{"name":"wp","href":"https:\/\/api.w.org\/{rel}","templated":true}]}}