{"id":6139,"date":"2023-03-21T14:53:00","date_gmt":"2023-03-21T17:53:00","guid":{"rendered":"http:\/\/saec.sp.gov.br\/?p=6139"},"modified":"2023-03-23T14:54:29","modified_gmt":"2023-03-23T17:54:29","slug":"saec-realiza-i-simposio-em-comemoracao-ao-dia-mundial-da-agua-nesta-quarta","status":"publish","type":"post","link":"https:\/\/saec.sp.gov.br\/index.php\/2023\/03\/21\/saec-realiza-i-simposio-em-comemoracao-ao-dia-mundial-da-agua-nesta-quarta\/","title":{"rendered":"SAEC realiza I Simp\u00f3sio em comemora\u00e7\u00e3o ao Dia Mundial da \u00c1gua nesta quarta"},"content":{"rendered":"\n<p>\u00a0<\/p>\n<p>A Superintend\u00eancia de \u00c1gua e Esgoto de Catanduva (SAEC), em parceria com a Prefeitura de Catanduva \u2013 por meio da Secretaria de Meio Ambiente e Agricultura, Cultura, Turismo e Educa\u00e7\u00e3o, realiza o I Simp\u00f3sio da autarquia intitulado \u201cTerra: Planeta \u00c1gua\u201d, em comemora\u00e7\u00e3o ao Dia Mundial da \u00c1gua, celebrado nesta quarta-feira, dia 22, no Teatro Municipal de Catanduva \u201cAniz Pach\u00e1\u201d. <br \/>A programa\u00e7\u00e3o ser\u00e1 dividida em dois per\u00edodos com apresenta\u00e7\u00f5es, \u00e0s 8h e \u00e0s 13h30. Cerca de 800 crian\u00e7as estar\u00e3o prestigiando a a\u00e7\u00e3o. No per\u00edodo da manh\u00e3, participar\u00e3o os alunos das escolas municipais: Gradella, Pedro da Motta e Pozetti. \u00c0 tarde, \u00e9 a vez dos estudantes das unidades escolares: Professor Waldemar Martins Aydar, Arnaldo Zancaner e Professor Nelson de Macedo Musa.<br \/>Paralelamente ao evento, a autarquia realiza uma semana repleta de atividades sobre a import\u00e2ncia de preservar e cuidar da \u00e1gua, com visitas em escolas. As atividades compreendem uma apresenta\u00e7\u00e3o que mostra o trabalho da superintend\u00eancia que explora 73 po\u00e7os, sendo 68 do aqu\u00edfero Bauru e cinco do aqu\u00edfero Guarani. <br \/>Os po\u00e7os do Bauru contribuem com cerca de 65% e os do Guarani com 35% da \u00e1gua necess\u00e1ria para o abastecimento de toda cidade. O Simp\u00f3sio pretende conscientizar a popula\u00e7\u00e3o sobre o uso racional e a import\u00e2ncia da economia de \u00e1gua.<br \/>\u201cA \u00e1gua \u00e9 essencial para a vida dos seres humanos e demais seres vivos do planeta. A SAEC tem como miss\u00e3o conscientizar a todos sobre a import\u00e2ncia de economizar e cuidar para que n\u00e3o falte. A iniciativa foca ainda em compartilhar dicas e boas pr\u00e1ticas que contribuem com diversos aspectos do desenvolvimento sustent\u00e1vel\u201d, informa Marco Antonio Machado, superintendente da autarquia.<\/p>\n<p>21\/03\/2023<\/p>\n","protected":false},"excerpt":{"rendered":"","protected":false},"author":9,"featured_media":2849,"comment_status":"closed","ping_status":"closed","sticky":false,"template":"","format":"standard","meta":{"footnotes":""},"categories":[41,43],"tags":[],"yoast_head":"<!-- This site is optimized with the Yoast SEO plugin v15.3 - https:\/\/yoast.com\/wordpress\/plugins\/seo\/ -->\n<title>SAEC realiza I Simp\u00f3sio em comemora\u00e7\u00e3o ao Dia Mundial da \u00c1gua nesta quarta - SAEC Superintendencia de Agua e Esgoto de Catanduva<\/title>\n<meta name=\"robots\" content=\"index, follow, max-snippet:-1, max-image-preview:large, max-video-preview:-1\" \/>\n<link rel=\"canonical\" href=\"https:\/\/saec.sp.gov.br\/index.php\/2023\/03\/21\/saec-realiza-i-simposio-em-comemoracao-ao-dia-mundial-da-agua-nesta-quarta\/\" \/>\n<meta property=\"og:locale\" content=\"pt_BR\" \/>\n<meta property=\"og:type\" content=\"article\" \/>\n<meta property=\"og:title\" content=\"SAEC realiza I Simp\u00f3sio em comemora\u00e7\u00e3o ao Dia Mundial da \u00c1gua nesta quarta - SAEC Superintendencia de Agua e Esgoto de Catanduva\" \/>\n<meta property=\"og:url\" content=\"https:\/\/saec.sp.gov.br\/index.php\/2023\/03\/21\/saec-realiza-i-simposio-em-comemoracao-ao-dia-mundial-da-agua-nesta-quarta\/\" \/>\n<meta property=\"og:site_name\" content=\"SAEC Superintendencia de Agua e Esgoto de Catanduva\" \/>\n<meta property=\"article:published_time\" content=\"2023-03-21T17:53:00+00:00\" \/>\n<meta property=\"article:modified_time\" content=\"2023-03-23T17:54:29+00:00\" \/>\n<meta property=\"og:image\" content=\"https:\/\/saec.sp.gov.br\/wp-content\/uploads\/2021\/04\/176074051_1121801528325960_7248532603356128938_n.jpg\" \/>\n\t<meta property=\"og:image:width\" content=\"1080\" \/>\n\t<meta property=\"og:image:height\" content=\"720\" \/>\n<meta name=\"twitter:card\" content=\"summary\" \/>\n<meta name=\"twitter:label1\" content=\"Written by\">\n\t<meta name=\"twitter:data1\" content=\"Katia Muller\">\n\t<meta name=\"twitter:label2\" content=\"Est. reading time\">\n\t<meta name=\"twitter:data2\" content=\"1 minuto\">\n<script type=\"application\/ld+json\" class=\"yoast-schema-graph\">{\"@context\":\"https:\/\/schema.org\",\"@graph\":[{\"@type\":\"WebSite\",\"@id\":\"https:\/\/saec.sp.gov.br\/#website\",\"url\":\"https:\/\/saec.sp.gov.br\/\",\"name\":\"SAEC Superintendencia de Agua e Esgoto de Catanduva\",\"description\":\"SAEC\",\"potentialAction\":[{\"@type\":\"SearchAction\",\"target\":\"https:\/\/saec.sp.gov.br\/?s={search_term_string}\",\"query-input\":\"required name=search_term_string\"}],\"inLanguage\":\"pt-BR\"},{\"@type\":\"ImageObject\",\"@id\":\"https:\/\/saec.sp.gov.br\/index.php\/2023\/03\/21\/saec-realiza-i-simposio-em-comemoracao-ao-dia-mundial-da-agua-nesta-quarta\/#primaryimage\",\"inLanguage\":\"pt-BR\",\"url\":\"https:\/\/saec.sp.gov.br\/wp-content\/uploads\/2021\/04\/176074051_1121801528325960_7248532603356128938_n.jpg\",\"width\":1080,\"height\":720},{\"@type\":\"WebPage\",\"@id\":\"https:\/\/saec.sp.gov.br\/index.php\/2023\/03\/21\/saec-realiza-i-simposio-em-comemoracao-ao-dia-mundial-da-agua-nesta-quarta\/#webpage\",\"url\":\"https:\/\/saec.sp.gov.br\/index.php\/2023\/03\/21\/saec-realiza-i-simposio-em-comemoracao-ao-dia-mundial-da-agua-nesta-quarta\/\",\"name\":\"SAEC realiza I Simp\\u00f3sio em comemora\\u00e7\\u00e3o ao Dia Mundial da \\u00c1gua nesta quarta - SAEC Superintendencia de Agua e Esgoto de Catanduva\",\"isPartOf\":{\"@id\":\"https:\/\/saec.sp.gov.br\/#website\"},\"primaryImageOfPage\":{\"@id\":\"https:\/\/saec.sp.gov.br\/index.php\/2023\/03\/21\/saec-realiza-i-simposio-em-comemoracao-ao-dia-mundial-da-agua-nesta-quarta\/#primaryimage\"},\"datePublished\":\"2023-03-21T17:53:00+00:00\",\"dateModified\":\"2023-03-23T17:54:29+00:00\",\"author\":{\"@id\":\"https:\/\/saec.sp.gov.br\/#\/schema\/person\/50ef0d9dd88bbbcefe39443548103bbb\"},\"inLanguage\":\"pt-BR\",\"potentialAction\":[{\"@type\":\"ReadAction\",\"target\":[\"https:\/\/saec.sp.gov.br\/index.php\/2023\/03\/21\/saec-realiza-i-simposio-em-comemoracao-ao-dia-mundial-da-agua-nesta-quarta\/\"]}]},{\"@type\":\"Person\",\"@id\":\"https:\/\/saec.sp.gov.br\/#\/schema\/person\/50ef0d9dd88bbbcefe39443548103bbb\",\"name\":\"Katia Muller\"}]}<\/script>\n<!-- \/ Yoast SEO plugin. -->","amp_validity":null,"amp_enabled":true,"_links":{"self":[{"href":"https:\/\/saec.sp.gov.br\/index.php\/wp-json\/wp\/v2\/posts\/6139"}],"collection":[{"href":"https:\/\/saec.sp.gov.br\/index.php\/wp-json\/wp\/v2\/posts"}],"about":[{"href":"https:\/\/saec.sp.gov.br\/index.php\/wp-json\/wp\/v2\/types\/post"}],"author":[{"embeddable":true,"href":"https:\/\/saec.sp.gov.br\/index.php\/wp-json\/wp\/v2\/users\/9"}],"replies":[{"embeddable":true,"href":"https:\/\/saec.sp.gov.br\/index.php\/wp-json\/wp\/v2\/comments?post=6139"}],"version-history":[{"count":1,"href":"https:\/\/saec.sp.gov.br\/index.php\/wp-json\/wp\/v2\/posts\/6139\/revisions"}],"predecessor-version":[{"id":6140,"href":"https:\/\/saec.sp.gov.br\/index.php\/wp-json\/wp\/v2\/posts\/6139\/revisions\/6140"}],"wp:featuredmedia":[{"embeddable":true,"href":"https:\/\/saec.sp.gov.br\/index.php\/wp-json\/wp\/v2\/media\/2849"}],"wp:attachment":[{"href":"https:\/\/saec.sp.gov.br\/index.php\/wp-json\/wp\/v2\/media?parent=6139"}],"wp:term":[{"taxonomy":"category","embeddable":true,"href":"https:\/\/saec.sp.gov.br\/index.php\/wp-json\/wp\/v2\/categories?post=6139"},{"taxonomy":"post_tag","embeddable":true,"href":"https:\/\/saec.sp.gov.br\/index.php\/wp-json\/wp\/v2\/tags?post=6139"}],"curies":[{"name":"wp","href":"https:\/\/api.w.org\/{rel}","templated":true}]}}