{"id":6236,"date":"2023-03-25T20:24:00","date_gmt":"2023-03-25T23:24:00","guid":{"rendered":"http:\/\/saec.sp.gov.br\/?p=6236"},"modified":"2023-03-28T20:25:47","modified_gmt":"2023-03-28T23:25:47","slug":"interdicoes-de-ruas-domingo-26-03-2023","status":"publish","type":"post","link":"https:\/\/saec.sp.gov.br\/index.php\/2023\/03\/25\/interdicoes-de-ruas-domingo-26-03-2023\/","title":{"rendered":"INTERDI\u00c7\u00d5ES DE RUAS &#8211; DOMINGO  &#8211; 26\/03\/2023"},"content":{"rendered":"\n<div class=\"x11i5rnm xat24cr x1mh8g0r x1vvkbs xdj266r x126k92a\">\n<div dir=\"auto\">\u00a0<\/div>\n<\/div>\n<div class=\"x11i5rnm xat24cr x1mh8g0r x1vvkbs xtlvy1s x126k92a\">\n<div dir=\"auto\">\u00a0A SAEC informa sobre interdi\u00e7\u00f5es de tr\u00e2nsito programadas para domingo, dia 26.<\/div>\n<\/div>\n<div class=\"x11i5rnm xat24cr x1mh8g0r x1vvkbs xtlvy1s x126k92a\">\n<div dir=\"auto\">\u00a07h \u00e0s 10h &#8211; Rua Ic\u00e9m entre as ruas Ava\u00ed e Sinharinha Netto;<\/div>\n<\/div>\n<div class=\"x11i5rnm xat24cr x1mh8g0r x1vvkbs xtlvy1s x126k92a\">\n<div dir=\"auto\">10h \u00e0s 13h &#8211; rua Alagoas entre as ruas Cear\u00e1 e Belo Horizonte;<\/div>\n<\/div>\n<div class=\"x11i5rnm xat24cr x1mh8g0r x1vvkbs xtlvy1s x126k92a\">\n<div dir=\"auto\">\u00a013h \u00e0s 15h &#8211; rua Para\u00edba entre as ruas Brasil e Par\u00e1.<\/div>\n<\/div>\n<div class=\"x11i5rnm xat24cr x1mh8g0r x1vvkbs xtlvy1s x126k92a\">\n<div dir=\"auto\">\u00a0Nas ocasi\u00f5es, ser\u00e3o executadas substitui\u00e7\u00f5es e liga\u00e7\u00f5es de ramais de \u00e1gua e esgoto.<\/div>\n<\/div>\n<div class=\"x11i5rnm xat24cr x1mh8g0r x1vvkbs xtlvy1s x126k92a\">\n<div dir=\"auto\">\u00a0Os trechos ser\u00e3o liberados para o tr\u00e2nsito de ve\u00edculos t\u00e3o logo os servi\u00e7os sejam finalizados.<\/div>\n<div dir=\"auto\">25\/03\/2023<\/div>\n<\/div>\n","protected":false},"excerpt":{"rendered":"","protected":false},"author":9,"featured_media":5491,"comment_status":"closed","ping_status":"closed","sticky":false,"template":"","format":"standard","meta":{"footnotes":""},"categories":[41,42],"tags":[],"yoast_head":"<!-- This site is optimized with the Yoast SEO plugin v15.3 - https:\/\/yoast.com\/wordpress\/plugins\/seo\/ -->\n<title>INTERDI\u00c7\u00d5ES DE RUAS - DOMINGO - 26\/03\/2023 - SAEC Superintendencia de Agua e Esgoto de Catanduva<\/title>\n<meta name=\"robots\" content=\"index, follow, max-snippet:-1, max-image-preview:large, max-video-preview:-1\" \/>\n<link rel=\"canonical\" href=\"https:\/\/saec.sp.gov.br\/index.php\/2023\/03\/25\/interdicoes-de-ruas-domingo-26-03-2023\/\" \/>\n<meta property=\"og:locale\" content=\"pt_BR\" \/>\n<meta property=\"og:type\" content=\"article\" \/>\n<meta property=\"og:title\" content=\"INTERDI\u00c7\u00d5ES DE RUAS - DOMINGO - 26\/03\/2023 - SAEC Superintendencia de Agua e Esgoto de Catanduva\" \/>\n<meta property=\"og:url\" content=\"https:\/\/saec.sp.gov.br\/index.php\/2023\/03\/25\/interdicoes-de-ruas-domingo-26-03-2023\/\" \/>\n<meta property=\"og:site_name\" content=\"SAEC Superintendencia de Agua e Esgoto de Catanduva\" \/>\n<meta property=\"article:published_time\" content=\"2023-03-25T23:24:00+00:00\" \/>\n<meta property=\"article:modified_time\" content=\"2023-03-28T23:25:47+00:00\" \/>\n<meta property=\"og:image\" content=\"https:\/\/saec.sp.gov.br\/wp-content\/uploads\/2022\/11\/315299171_500463482107407_9172717586483829183_n-e1668366059168.jpg\" \/>\n\t<meta property=\"og:image:width\" content=\"960\" \/>\n\t<meta property=\"og:image:height\" content=\"696\" \/>\n<meta name=\"twitter:card\" content=\"summary\" \/>\n<meta name=\"twitter:label1\" content=\"Written by\">\n\t<meta name=\"twitter:data1\" content=\"Katia Muller\">\n\t<meta name=\"twitter:label2\" content=\"Est. reading time\">\n\t<meta name=\"twitter:data2\" content=\"0 minuto\">\n<script type=\"application\/ld+json\" class=\"yoast-schema-graph\">{\"@context\":\"https:\/\/schema.org\",\"@graph\":[{\"@type\":\"WebSite\",\"@id\":\"https:\/\/saec.sp.gov.br\/#website\",\"url\":\"https:\/\/saec.sp.gov.br\/\",\"name\":\"SAEC Superintendencia de Agua e Esgoto de Catanduva\",\"description\":\"SAEC\",\"potentialAction\":[{\"@type\":\"SearchAction\",\"target\":\"https:\/\/saec.sp.gov.br\/?s={search_term_string}\",\"query-input\":\"required name=search_term_string\"}],\"inLanguage\":\"pt-BR\"},{\"@type\":\"ImageObject\",\"@id\":\"https:\/\/saec.sp.gov.br\/index.php\/2023\/03\/25\/interdicoes-de-ruas-domingo-26-03-2023\/#primaryimage\",\"inLanguage\":\"pt-BR\",\"url\":\"https:\/\/saec.sp.gov.br\/wp-content\/uploads\/2022\/11\/315299171_500463482107407_9172717586483829183_n-e1668366059168.jpg\",\"width\":960,\"height\":696},{\"@type\":\"WebPage\",\"@id\":\"https:\/\/saec.sp.gov.br\/index.php\/2023\/03\/25\/interdicoes-de-ruas-domingo-26-03-2023\/#webpage\",\"url\":\"https:\/\/saec.sp.gov.br\/index.php\/2023\/03\/25\/interdicoes-de-ruas-domingo-26-03-2023\/\",\"name\":\"INTERDI\\u00c7\\u00d5ES DE RUAS - DOMINGO - 26\/03\/2023 - SAEC Superintendencia de Agua e Esgoto de Catanduva\",\"isPartOf\":{\"@id\":\"https:\/\/saec.sp.gov.br\/#website\"},\"primaryImageOfPage\":{\"@id\":\"https:\/\/saec.sp.gov.br\/index.php\/2023\/03\/25\/interdicoes-de-ruas-domingo-26-03-2023\/#primaryimage\"},\"datePublished\":\"2023-03-25T23:24:00+00:00\",\"dateModified\":\"2023-03-28T23:25:47+00:00\",\"author\":{\"@id\":\"https:\/\/saec.sp.gov.br\/#\/schema\/person\/50ef0d9dd88bbbcefe39443548103bbb\"},\"inLanguage\":\"pt-BR\",\"potentialAction\":[{\"@type\":\"ReadAction\",\"target\":[\"https:\/\/saec.sp.gov.br\/index.php\/2023\/03\/25\/interdicoes-de-ruas-domingo-26-03-2023\/\"]}]},{\"@type\":\"Person\",\"@id\":\"https:\/\/saec.sp.gov.br\/#\/schema\/person\/50ef0d9dd88bbbcefe39443548103bbb\",\"name\":\"Katia Muller\"}]}<\/script>\n<!-- \/ Yoast SEO plugin. -->","amp_validity":null,"amp_enabled":true,"_links":{"self":[{"href":"https:\/\/saec.sp.gov.br\/index.php\/wp-json\/wp\/v2\/posts\/6236"}],"collection":[{"href":"https:\/\/saec.sp.gov.br\/index.php\/wp-json\/wp\/v2\/posts"}],"about":[{"href":"https:\/\/saec.sp.gov.br\/index.php\/wp-json\/wp\/v2\/types\/post"}],"author":[{"embeddable":true,"href":"https:\/\/saec.sp.gov.br\/index.php\/wp-json\/wp\/v2\/users\/9"}],"replies":[{"embeddable":true,"href":"https:\/\/saec.sp.gov.br\/index.php\/wp-json\/wp\/v2\/comments?post=6236"}],"version-history":[{"count":1,"href":"https:\/\/saec.sp.gov.br\/index.php\/wp-json\/wp\/v2\/posts\/6236\/revisions"}],"predecessor-version":[{"id":6239,"href":"https:\/\/saec.sp.gov.br\/index.php\/wp-json\/wp\/v2\/posts\/6236\/revisions\/6239"}],"wp:featuredmedia":[{"embeddable":true,"href":"https:\/\/saec.sp.gov.br\/index.php\/wp-json\/wp\/v2\/media\/5491"}],"wp:attachment":[{"href":"https:\/\/saec.sp.gov.br\/index.php\/wp-json\/wp\/v2\/media?parent=6236"}],"wp:term":[{"taxonomy":"category","embeddable":true,"href":"https:\/\/saec.sp.gov.br\/index.php\/wp-json\/wp\/v2\/categories?post=6236"},{"taxonomy":"post_tag","embeddable":true,"href":"https:\/\/saec.sp.gov.br\/index.php\/wp-json\/wp\/v2\/tags?post=6236"}],"curies":[{"name":"wp","href":"https:\/\/api.w.org\/{rel}","templated":true}]}}