{"id":6246,"date":"2023-03-23T20:32:00","date_gmt":"2023-03-23T23:32:00","guid":{"rendered":"http:\/\/saec.sp.gov.br\/?p=6246"},"modified":"2023-03-28T20:34:39","modified_gmt":"2023-03-28T23:34:39","slug":"plantao-da-vacinacao","status":"publish","type":"post","link":"https:\/\/saec.sp.gov.br\/index.php\/2023\/03\/23\/plantao-da-vacinacao\/","title":{"rendered":"PLANT\u00c3O DA VACINA\u00c7\u00c3O\u00a0"},"content":{"rendered":"\n<div class=\"x11i5rnm xat24cr x1mh8g0r x1vvkbs xdj266r x126k92a\">\n<div dir=\"auto\">\u00a0<\/div>\n<\/div>\n<div class=\"x11i5rnm xat24cr x1mh8g0r x1vvkbs xtlvy1s x126k92a\">\n<div dir=\"auto\">Bracinhos prontos! Atualiza\u00e7\u00e3o da caderneta de vacina\u00e7\u00e3o conclu\u00edda com sucesso. Mais uma a\u00e7\u00e3o em parceria com a Unidade de Sa\u00fade Theodoro Rosa Filho para garantir prote\u00e7\u00e3o aos servidores da SAEC.<\/div>\n<div dir=\"auto\">23\/03\/2023<\/div>\n<\/div>\n","protected":false},"excerpt":{"rendered":"","protected":false},"author":9,"featured_media":6247,"comment_status":"closed","ping_status":"closed","sticky":false,"template":"","format":"standard","meta":{"footnotes":""},"categories":[41,43],"tags":[],"yoast_head":"<!-- This site is optimized with the Yoast SEO plugin v15.3 - https:\/\/yoast.com\/wordpress\/plugins\/seo\/ -->\n<title>PLANT\u00c3O DA VACINA\u00c7\u00c3O\u00a0 - SAEC Superintendencia de Agua e Esgoto de Catanduva<\/title>\n<meta name=\"robots\" content=\"index, follow, max-snippet:-1, max-image-preview:large, max-video-preview:-1\" \/>\n<link rel=\"canonical\" href=\"https:\/\/saec.sp.gov.br\/index.php\/2023\/03\/23\/plantao-da-vacinacao\/\" \/>\n<meta property=\"og:locale\" content=\"pt_BR\" \/>\n<meta property=\"og:type\" content=\"article\" \/>\n<meta property=\"og:title\" content=\"PLANT\u00c3O DA VACINA\u00c7\u00c3O\u00a0 - SAEC Superintendencia de Agua e Esgoto de Catanduva\" \/>\n<meta property=\"og:url\" content=\"https:\/\/saec.sp.gov.br\/index.php\/2023\/03\/23\/plantao-da-vacinacao\/\" \/>\n<meta property=\"og:site_name\" content=\"SAEC Superintendencia de Agua e Esgoto de Catanduva\" \/>\n<meta property=\"article:published_time\" content=\"2023-03-23T23:32:00+00:00\" \/>\n<meta property=\"article:modified_time\" content=\"2023-03-28T23:34:39+00:00\" \/>\n<meta property=\"og:image\" content=\"https:\/\/saec.sp.gov.br\/wp-content\/uploads\/2023\/03\/337397858_922837988920638_1077586063389986023_n.jpg\" \/>\n\t<meta property=\"og:image:width\" content=\"720\" \/>\n\t<meta property=\"og:image:height\" content=\"960\" \/>\n<meta name=\"twitter:card\" content=\"summary\" \/>\n<meta name=\"twitter:label1\" content=\"Written by\">\n\t<meta name=\"twitter:data1\" content=\"Katia Muller\">\n\t<meta name=\"twitter:label2\" content=\"Est. reading time\">\n\t<meta name=\"twitter:data2\" content=\"0 minuto\">\n<script type=\"application\/ld+json\" class=\"yoast-schema-graph\">{\"@context\":\"https:\/\/schema.org\",\"@graph\":[{\"@type\":\"WebSite\",\"@id\":\"https:\/\/saec.sp.gov.br\/#website\",\"url\":\"https:\/\/saec.sp.gov.br\/\",\"name\":\"SAEC Superintendencia de Agua e Esgoto de Catanduva\",\"description\":\"SAEC\",\"potentialAction\":[{\"@type\":\"SearchAction\",\"target\":\"https:\/\/saec.sp.gov.br\/?s={search_term_string}\",\"query-input\":\"required name=search_term_string\"}],\"inLanguage\":\"pt-BR\"},{\"@type\":\"ImageObject\",\"@id\":\"https:\/\/saec.sp.gov.br\/index.php\/2023\/03\/23\/plantao-da-vacinacao\/#primaryimage\",\"inLanguage\":\"pt-BR\",\"url\":\"https:\/\/saec.sp.gov.br\/wp-content\/uploads\/2023\/03\/337397858_922837988920638_1077586063389986023_n.jpg\",\"width\":720,\"height\":960},{\"@type\":\"WebPage\",\"@id\":\"https:\/\/saec.sp.gov.br\/index.php\/2023\/03\/23\/plantao-da-vacinacao\/#webpage\",\"url\":\"https:\/\/saec.sp.gov.br\/index.php\/2023\/03\/23\/plantao-da-vacinacao\/\",\"name\":\"PLANT\\u00c3O DA VACINA\\u00c7\\u00c3O\\u00a0 - SAEC Superintendencia de Agua e Esgoto de Catanduva\",\"isPartOf\":{\"@id\":\"https:\/\/saec.sp.gov.br\/#website\"},\"primaryImageOfPage\":{\"@id\":\"https:\/\/saec.sp.gov.br\/index.php\/2023\/03\/23\/plantao-da-vacinacao\/#primaryimage\"},\"datePublished\":\"2023-03-23T23:32:00+00:00\",\"dateModified\":\"2023-03-28T23:34:39+00:00\",\"author\":{\"@id\":\"https:\/\/saec.sp.gov.br\/#\/schema\/person\/50ef0d9dd88bbbcefe39443548103bbb\"},\"inLanguage\":\"pt-BR\",\"potentialAction\":[{\"@type\":\"ReadAction\",\"target\":[\"https:\/\/saec.sp.gov.br\/index.php\/2023\/03\/23\/plantao-da-vacinacao\/\"]}]},{\"@type\":\"Person\",\"@id\":\"https:\/\/saec.sp.gov.br\/#\/schema\/person\/50ef0d9dd88bbbcefe39443548103bbb\",\"name\":\"Katia Muller\"}]}<\/script>\n<!-- \/ Yoast SEO plugin. -->","amp_validity":null,"amp_enabled":true,"_links":{"self":[{"href":"https:\/\/saec.sp.gov.br\/index.php\/wp-json\/wp\/v2\/posts\/6246"}],"collection":[{"href":"https:\/\/saec.sp.gov.br\/index.php\/wp-json\/wp\/v2\/posts"}],"about":[{"href":"https:\/\/saec.sp.gov.br\/index.php\/wp-json\/wp\/v2\/types\/post"}],"author":[{"embeddable":true,"href":"https:\/\/saec.sp.gov.br\/index.php\/wp-json\/wp\/v2\/users\/9"}],"replies":[{"embeddable":true,"href":"https:\/\/saec.sp.gov.br\/index.php\/wp-json\/wp\/v2\/comments?post=6246"}],"version-history":[{"count":1,"href":"https:\/\/saec.sp.gov.br\/index.php\/wp-json\/wp\/v2\/posts\/6246\/revisions"}],"predecessor-version":[{"id":6248,"href":"https:\/\/saec.sp.gov.br\/index.php\/wp-json\/wp\/v2\/posts\/6246\/revisions\/6248"}],"wp:featuredmedia":[{"embeddable":true,"href":"https:\/\/saec.sp.gov.br\/index.php\/wp-json\/wp\/v2\/media\/6247"}],"wp:attachment":[{"href":"https:\/\/saec.sp.gov.br\/index.php\/wp-json\/wp\/v2\/media?parent=6246"}],"wp:term":[{"taxonomy":"category","embeddable":true,"href":"https:\/\/saec.sp.gov.br\/index.php\/wp-json\/wp\/v2\/categories?post=6246"},{"taxonomy":"post_tag","embeddable":true,"href":"https:\/\/saec.sp.gov.br\/index.php\/wp-json\/wp\/v2\/tags?post=6246"}],"curies":[{"name":"wp","href":"https:\/\/api.w.org\/{rel}","templated":true}]}}