{"id":6381,"date":"2023-03-29T11:39:45","date_gmt":"2023-03-29T14:39:45","guid":{"rendered":"http:\/\/saec.sp.gov.br\/?p=6381"},"modified":"2023-03-30T12:16:51","modified_gmt":"2023-03-30T15:16:51","slug":"interdicao-da-avenida-otavio-adami","status":"publish","type":"post","link":"https:\/\/saec.sp.gov.br\/index.php\/2023\/03\/29\/interdicao-da-avenida-otavio-adami\/","title":{"rendered":"INTERDI\u00c7\u00c3O DA AVENIDA OT\u00c1VIO ADAMI"},"content":{"rendered":"\n<p><\/p>\n\n\n\n<p>A SAEC informa que a avenida Ot\u00e1vio Adami estar\u00e1 parcialmente interditada no trecho da rua Planaltina (foto) a partir desta quinta-feira, dia 30, das 7h \u00e0s 18h. Na ocasi\u00e3o, ser\u00e1 executada obra de loteadora para a implanta\u00e7\u00e3o de rede adutora. A informa\u00e7\u00e3o \u00e9 de que o trabalho se estender\u00e1 pelas pr\u00f3ximas semanas no mesmo hor\u00e1rio. <\/p>\n\n\n\n<p> A SAEC acompanha o servi\u00e7o e orienta os motoristas a evitarem o trecho durante os trabalhos. Todo o local estar\u00e1 devidamente sinalizado e auxiliado pela equipe da Secretaria de Mobilidade e Tr\u00e2nsito.<\/p>\n\n\n\n<p>29\/03\/2023<\/p>\n","protected":false},"excerpt":{"rendered":"<p>A SAEC informa que a avenida Ot\u00e1vio Adami estar\u00e1 parcialmente interditada no trecho da rua Planaltina (foto) a partir desta quinta-feira, dia 30, das 7h \u00e0s 18h. Na ocasi\u00e3o, ser\u00e1 executada obra de loteadora para a implanta\u00e7\u00e3o de rede adutora. A informa\u00e7\u00e3o \u00e9 de que o trabalho se estender\u00e1 pelas pr\u00f3ximas semanas no mesmo hor\u00e1rio. [&hellip;]<\/p>\n","protected":false},"author":9,"featured_media":6382,"comment_status":"closed","ping_status":"closed","sticky":false,"template":"","format":"standard","meta":{"footnotes":""},"categories":[49,43],"tags":[],"yoast_head":"<!-- This site is optimized with the Yoast SEO plugin v15.3 - https:\/\/yoast.com\/wordpress\/plugins\/seo\/ -->\n<title>INTERDI\u00c7\u00c3O DA AVENIDA OT\u00c1VIO ADAMI - SAEC Superintendencia de Agua e Esgoto de Catanduva<\/title>\n<meta name=\"robots\" content=\"index, follow, max-snippet:-1, max-image-preview:large, max-video-preview:-1\" \/>\n<link rel=\"canonical\" href=\"https:\/\/saec.sp.gov.br\/index.php\/2023\/03\/29\/interdicao-da-avenida-otavio-adami\/\" \/>\n<meta property=\"og:locale\" content=\"pt_BR\" \/>\n<meta property=\"og:type\" content=\"article\" \/>\n<meta property=\"og:title\" content=\"INTERDI\u00c7\u00c3O DA AVENIDA OT\u00c1VIO ADAMI - SAEC Superintendencia de Agua e Esgoto de Catanduva\" \/>\n<meta property=\"og:description\" content=\"A SAEC informa que a avenida Ot\u00e1vio Adami estar\u00e1 parcialmente interditada no trecho da rua Planaltina (foto) a partir desta quinta-feira, dia 30, das 7h \u00e0s 18h. Na ocasi\u00e3o, ser\u00e1 executada obra de loteadora para a implanta\u00e7\u00e3o de rede adutora. A informa\u00e7\u00e3o \u00e9 de que o trabalho se estender\u00e1 pelas pr\u00f3ximas semanas no mesmo hor\u00e1rio. [&hellip;]\" \/>\n<meta property=\"og:url\" content=\"https:\/\/saec.sp.gov.br\/index.php\/2023\/03\/29\/interdicao-da-avenida-otavio-adami\/\" \/>\n<meta property=\"og:site_name\" content=\"SAEC Superintendencia de Agua e Esgoto de Catanduva\" \/>\n<meta property=\"article:published_time\" content=\"2023-03-29T14:39:45+00:00\" \/>\n<meta property=\"article:modified_time\" content=\"2023-03-30T15:16:51+00:00\" \/>\n<meta property=\"og:image\" content=\"https:\/\/saec.sp.gov.br\/wp-content\/uploads\/2023\/03\/338190400_530126609057719_9061713226325503672_n.jpg\" \/>\n\t<meta property=\"og:image:width\" content=\"1024\" \/>\n\t<meta property=\"og:image:height\" content=\"576\" \/>\n<meta name=\"twitter:card\" content=\"summary\" \/>\n<meta name=\"twitter:label1\" content=\"Written by\">\n\t<meta name=\"twitter:data1\" content=\"Katia Muller\">\n\t<meta name=\"twitter:label2\" content=\"Est. reading time\">\n\t<meta name=\"twitter:data2\" content=\"0 minuto\">\n<script type=\"application\/ld+json\" class=\"yoast-schema-graph\">{\"@context\":\"https:\/\/schema.org\",\"@graph\":[{\"@type\":\"WebSite\",\"@id\":\"https:\/\/saec.sp.gov.br\/#website\",\"url\":\"https:\/\/saec.sp.gov.br\/\",\"name\":\"SAEC Superintendencia de Agua e Esgoto de Catanduva\",\"description\":\"SAEC\",\"potentialAction\":[{\"@type\":\"SearchAction\",\"target\":\"https:\/\/saec.sp.gov.br\/?s={search_term_string}\",\"query-input\":\"required name=search_term_string\"}],\"inLanguage\":\"pt-BR\"},{\"@type\":\"ImageObject\",\"@id\":\"https:\/\/saec.sp.gov.br\/index.php\/2023\/03\/29\/interdicao-da-avenida-otavio-adami\/#primaryimage\",\"inLanguage\":\"pt-BR\",\"url\":\"https:\/\/saec.sp.gov.br\/wp-content\/uploads\/2023\/03\/338190400_530126609057719_9061713226325503672_n.jpg\",\"width\":1024,\"height\":576},{\"@type\":\"WebPage\",\"@id\":\"https:\/\/saec.sp.gov.br\/index.php\/2023\/03\/29\/interdicao-da-avenida-otavio-adami\/#webpage\",\"url\":\"https:\/\/saec.sp.gov.br\/index.php\/2023\/03\/29\/interdicao-da-avenida-otavio-adami\/\",\"name\":\"INTERDI\\u00c7\\u00c3O DA AVENIDA OT\\u00c1VIO ADAMI - SAEC Superintendencia de Agua e Esgoto de Catanduva\",\"isPartOf\":{\"@id\":\"https:\/\/saec.sp.gov.br\/#website\"},\"primaryImageOfPage\":{\"@id\":\"https:\/\/saec.sp.gov.br\/index.php\/2023\/03\/29\/interdicao-da-avenida-otavio-adami\/#primaryimage\"},\"datePublished\":\"2023-03-29T14:39:45+00:00\",\"dateModified\":\"2023-03-30T15:16:51+00:00\",\"author\":{\"@id\":\"https:\/\/saec.sp.gov.br\/#\/schema\/person\/50ef0d9dd88bbbcefe39443548103bbb\"},\"inLanguage\":\"pt-BR\",\"potentialAction\":[{\"@type\":\"ReadAction\",\"target\":[\"https:\/\/saec.sp.gov.br\/index.php\/2023\/03\/29\/interdicao-da-avenida-otavio-adami\/\"]}]},{\"@type\":\"Person\",\"@id\":\"https:\/\/saec.sp.gov.br\/#\/schema\/person\/50ef0d9dd88bbbcefe39443548103bbb\",\"name\":\"Katia Muller\"}]}<\/script>\n<!-- \/ Yoast SEO plugin. -->","amp_validity":null,"amp_enabled":true,"_links":{"self":[{"href":"https:\/\/saec.sp.gov.br\/index.php\/wp-json\/wp\/v2\/posts\/6381"}],"collection":[{"href":"https:\/\/saec.sp.gov.br\/index.php\/wp-json\/wp\/v2\/posts"}],"about":[{"href":"https:\/\/saec.sp.gov.br\/index.php\/wp-json\/wp\/v2\/types\/post"}],"author":[{"embeddable":true,"href":"https:\/\/saec.sp.gov.br\/index.php\/wp-json\/wp\/v2\/users\/9"}],"replies":[{"embeddable":true,"href":"https:\/\/saec.sp.gov.br\/index.php\/wp-json\/wp\/v2\/comments?post=6381"}],"version-history":[{"count":1,"href":"https:\/\/saec.sp.gov.br\/index.php\/wp-json\/wp\/v2\/posts\/6381\/revisions"}],"predecessor-version":[{"id":6383,"href":"https:\/\/saec.sp.gov.br\/index.php\/wp-json\/wp\/v2\/posts\/6381\/revisions\/6383"}],"wp:featuredmedia":[{"embeddable":true,"href":"https:\/\/saec.sp.gov.br\/index.php\/wp-json\/wp\/v2\/media\/6382"}],"wp:attachment":[{"href":"https:\/\/saec.sp.gov.br\/index.php\/wp-json\/wp\/v2\/media?parent=6381"}],"wp:term":[{"taxonomy":"category","embeddable":true,"href":"https:\/\/saec.sp.gov.br\/index.php\/wp-json\/wp\/v2\/categories?post=6381"},{"taxonomy":"post_tag","embeddable":true,"href":"https:\/\/saec.sp.gov.br\/index.php\/wp-json\/wp\/v2\/tags?post=6381"}],"curies":[{"name":"wp","href":"https:\/\/api.w.org\/{rel}","templated":true}]}}