{"id":6435,"date":"2023-04-03T18:00:00","date_gmt":"2023-04-03T21:00:00","guid":{"rendered":"http:\/\/saec.sp.gov.br\/?p=6435"},"modified":"2023-04-03T19:45:39","modified_gmt":"2023-04-03T22:45:39","slug":"interdicao-da-rua-para-em-04-04-2023","status":"publish","type":"post","link":"https:\/\/saec.sp.gov.br\/index.php\/2023\/04\/03\/interdicao-da-rua-para-em-04-04-2023\/","title":{"rendered":"INTERDI\u00c7\u00c3O DA RUA PAR\u00c1 EM 04\/04\/2023"},"content":{"rendered":"\n<p><\/p>\n\n\n\n<p>A SAEC informa que a rua Par\u00e1 estar\u00e1 interditada entre as ruas Rio Preto e Taquaritinga, nesta ter\u00e7a-feira, dia 04, a partir das 7h. Na ocasi\u00e3o, ser\u00e1 executada a substitui\u00e7\u00e3o de ramais de \u00e1gua e esgoto.<\/p>\n\n\n\n<p> O trecho ser\u00e1 liberado para o tr\u00e2nsito de ve\u00edculos t\u00e3o logo os servi\u00e7os sejam finalizados, por volta das 11 horas.<\/p>\n\n\n\n<p>A SAEC pede desculpas pelos transtornos e orienta os motoristas a procurarem por outras rotas alternativas durante os trabalhos.<\/p>\n\n\n\n<p>03\/04\/2023<\/p>\n","protected":false},"excerpt":{"rendered":"<p>A SAEC informa que a rua Par\u00e1 estar\u00e1 interditada entre as ruas Rio Preto e Taquaritinga, nesta ter\u00e7a-feira, dia 04, a partir das 7h. Na ocasi\u00e3o, ser\u00e1 executada a substitui\u00e7\u00e3o de ramais de \u00e1gua e esgoto. O trecho ser\u00e1 liberado para o tr\u00e2nsito de ve\u00edculos t\u00e3o logo os servi\u00e7os sejam finalizados, por volta das 11 [&hellip;]<\/p>\n","protected":false},"author":9,"featured_media":2829,"comment_status":"closed","ping_status":"closed","sticky":false,"template":"","format":"standard","meta":{"footnotes":""},"categories":[49,42],"tags":[],"yoast_head":"<!-- This site is optimized with the Yoast SEO plugin v15.3 - https:\/\/yoast.com\/wordpress\/plugins\/seo\/ -->\n<title>INTERDI\u00c7\u00c3O DA RUA PAR\u00c1 EM 04\/04\/2023 - SAEC Superintendencia de Agua e Esgoto de Catanduva<\/title>\n<meta name=\"robots\" content=\"index, follow, max-snippet:-1, max-image-preview:large, max-video-preview:-1\" \/>\n<link rel=\"canonical\" href=\"https:\/\/saec.sp.gov.br\/index.php\/2023\/04\/03\/interdicao-da-rua-para-em-04-04-2023\/\" \/>\n<meta property=\"og:locale\" content=\"pt_BR\" \/>\n<meta property=\"og:type\" content=\"article\" \/>\n<meta property=\"og:title\" content=\"INTERDI\u00c7\u00c3O DA RUA PAR\u00c1 EM 04\/04\/2023 - SAEC Superintendencia de Agua e Esgoto de Catanduva\" \/>\n<meta property=\"og:description\" content=\"A SAEC informa que a rua Par\u00e1 estar\u00e1 interditada entre as ruas Rio Preto e Taquaritinga, nesta ter\u00e7a-feira, dia 04, a partir das 7h. Na ocasi\u00e3o, ser\u00e1 executada a substitui\u00e7\u00e3o de ramais de \u00e1gua e esgoto. O trecho ser\u00e1 liberado para o tr\u00e2nsito de ve\u00edculos t\u00e3o logo os servi\u00e7os sejam finalizados, por volta das 11 [&hellip;]\" \/>\n<meta property=\"og:url\" content=\"https:\/\/saec.sp.gov.br\/index.php\/2023\/04\/03\/interdicao-da-rua-para-em-04-04-2023\/\" \/>\n<meta property=\"og:site_name\" content=\"SAEC Superintendencia de Agua e Esgoto de Catanduva\" \/>\n<meta property=\"article:published_time\" content=\"2023-04-03T21:00:00+00:00\" \/>\n<meta property=\"article:modified_time\" content=\"2023-04-03T22:45:39+00:00\" \/>\n<meta property=\"og:image\" content=\"https:\/\/saec.sp.gov.br\/wp-content\/uploads\/2021\/04\/130701663_1037261453446635_9133059965049510268_n.png\" \/>\n\t<meta property=\"og:image:width\" content=\"800\" \/>\n\t<meta property=\"og:image:height\" content=\"800\" \/>\n<meta name=\"twitter:card\" content=\"summary\" \/>\n<meta name=\"twitter:label1\" content=\"Written by\">\n\t<meta name=\"twitter:data1\" content=\"Katia Muller\">\n\t<meta name=\"twitter:label2\" content=\"Est. reading time\">\n\t<meta name=\"twitter:data2\" content=\"0 minuto\">\n<script type=\"application\/ld+json\" class=\"yoast-schema-graph\">{\"@context\":\"https:\/\/schema.org\",\"@graph\":[{\"@type\":\"WebSite\",\"@id\":\"https:\/\/saec.sp.gov.br\/#website\",\"url\":\"https:\/\/saec.sp.gov.br\/\",\"name\":\"SAEC Superintendencia de Agua e Esgoto de Catanduva\",\"description\":\"SAEC\",\"potentialAction\":[{\"@type\":\"SearchAction\",\"target\":\"https:\/\/saec.sp.gov.br\/?s={search_term_string}\",\"query-input\":\"required name=search_term_string\"}],\"inLanguage\":\"pt-BR\"},{\"@type\":\"ImageObject\",\"@id\":\"https:\/\/saec.sp.gov.br\/index.php\/2023\/04\/03\/interdicao-da-rua-para-em-04-04-2023\/#primaryimage\",\"inLanguage\":\"pt-BR\",\"url\":\"https:\/\/saec.sp.gov.br\/wp-content\/uploads\/2021\/04\/130701663_1037261453446635_9133059965049510268_n.png\",\"width\":800,\"height\":800},{\"@type\":\"WebPage\",\"@id\":\"https:\/\/saec.sp.gov.br\/index.php\/2023\/04\/03\/interdicao-da-rua-para-em-04-04-2023\/#webpage\",\"url\":\"https:\/\/saec.sp.gov.br\/index.php\/2023\/04\/03\/interdicao-da-rua-para-em-04-04-2023\/\",\"name\":\"INTERDI\\u00c7\\u00c3O DA RUA PAR\\u00c1 EM 04\/04\/2023 - SAEC Superintendencia de Agua e Esgoto de Catanduva\",\"isPartOf\":{\"@id\":\"https:\/\/saec.sp.gov.br\/#website\"},\"primaryImageOfPage\":{\"@id\":\"https:\/\/saec.sp.gov.br\/index.php\/2023\/04\/03\/interdicao-da-rua-para-em-04-04-2023\/#primaryimage\"},\"datePublished\":\"2023-04-03T21:00:00+00:00\",\"dateModified\":\"2023-04-03T22:45:39+00:00\",\"author\":{\"@id\":\"https:\/\/saec.sp.gov.br\/#\/schema\/person\/50ef0d9dd88bbbcefe39443548103bbb\"},\"inLanguage\":\"pt-BR\",\"potentialAction\":[{\"@type\":\"ReadAction\",\"target\":[\"https:\/\/saec.sp.gov.br\/index.php\/2023\/04\/03\/interdicao-da-rua-para-em-04-04-2023\/\"]}]},{\"@type\":\"Person\",\"@id\":\"https:\/\/saec.sp.gov.br\/#\/schema\/person\/50ef0d9dd88bbbcefe39443548103bbb\",\"name\":\"Katia Muller\"}]}<\/script>\n<!-- \/ Yoast SEO plugin. -->","amp_validity":null,"amp_enabled":true,"_links":{"self":[{"href":"https:\/\/saec.sp.gov.br\/index.php\/wp-json\/wp\/v2\/posts\/6435"}],"collection":[{"href":"https:\/\/saec.sp.gov.br\/index.php\/wp-json\/wp\/v2\/posts"}],"about":[{"href":"https:\/\/saec.sp.gov.br\/index.php\/wp-json\/wp\/v2\/types\/post"}],"author":[{"embeddable":true,"href":"https:\/\/saec.sp.gov.br\/index.php\/wp-json\/wp\/v2\/users\/9"}],"replies":[{"embeddable":true,"href":"https:\/\/saec.sp.gov.br\/index.php\/wp-json\/wp\/v2\/comments?post=6435"}],"version-history":[{"count":2,"href":"https:\/\/saec.sp.gov.br\/index.php\/wp-json\/wp\/v2\/posts\/6435\/revisions"}],"predecessor-version":[{"id":6443,"href":"https:\/\/saec.sp.gov.br\/index.php\/wp-json\/wp\/v2\/posts\/6435\/revisions\/6443"}],"wp:featuredmedia":[{"embeddable":true,"href":"https:\/\/saec.sp.gov.br\/index.php\/wp-json\/wp\/v2\/media\/2829"}],"wp:attachment":[{"href":"https:\/\/saec.sp.gov.br\/index.php\/wp-json\/wp\/v2\/media?parent=6435"}],"wp:term":[{"taxonomy":"category","embeddable":true,"href":"https:\/\/saec.sp.gov.br\/index.php\/wp-json\/wp\/v2\/categories?post=6435"},{"taxonomy":"post_tag","embeddable":true,"href":"https:\/\/saec.sp.gov.br\/index.php\/wp-json\/wp\/v2\/tags?post=6435"}],"curies":[{"name":"wp","href":"https:\/\/api.w.org\/{rel}","templated":true}]}}