{"id":6437,"date":"2023-04-03T15:40:00","date_gmt":"2023-04-03T18:40:00","guid":{"rendered":"http:\/\/saec.sp.gov.br\/?p=6437"},"modified":"2023-04-03T19:46:36","modified_gmt":"2023-04-03T22:46:36","slug":"revitalizacao","status":"publish","type":"post","link":"https:\/\/saec.sp.gov.br\/index.php\/2023\/04\/03\/revitalizacao\/","title":{"rendered":"REVITALIZA\u00c7\u00c3O"},"content":{"rendered":"\n<p> REVITALIZA\u00c7\u00c3O <\/p>\n\n\n\n<p>A SAEC executa a revitaliza\u00e7\u00e3o do po\u00e7o da rua Porto Feliz. A unidade tem explora\u00e7\u00e3o do aqu\u00edfero Bauru e refor\u00e7a o abastecimento do Parque Iracema, Jardim San Remo, Damha, Vila Celso e parte da Vila Soto. Nos pr\u00f3ximos dias a \u00e1rea receber\u00e1 grama e cal\u00e7ada. <\/p>\n\n\n\n<p>04\/04\/2023<\/p>\n","protected":false},"excerpt":{"rendered":"<p>REVITALIZA\u00c7\u00c3O A SAEC executa a revitaliza\u00e7\u00e3o do po\u00e7o da rua Porto Feliz. A unidade tem explora\u00e7\u00e3o do aqu\u00edfero Bauru e refor\u00e7a o abastecimento do Parque Iracema, Jardim San Remo, Damha, Vila Celso e parte da Vila Soto. Nos pr\u00f3ximos dias a \u00e1rea receber\u00e1 grama e cal\u00e7ada. 04\/04\/2023<\/p>\n","protected":false},"author":9,"featured_media":6438,"comment_status":"closed","ping_status":"closed","sticky":false,"template":"","format":"standard","meta":{"footnotes":""},"categories":[41,43],"tags":[],"yoast_head":"<!-- This site is optimized with the Yoast SEO plugin v15.3 - https:\/\/yoast.com\/wordpress\/plugins\/seo\/ -->\n<title>REVITALIZA\u00c7\u00c3O - SAEC Superintendencia de Agua e Esgoto de Catanduva<\/title>\n<meta name=\"robots\" content=\"index, follow, max-snippet:-1, max-image-preview:large, max-video-preview:-1\" \/>\n<link rel=\"canonical\" href=\"https:\/\/saec.sp.gov.br\/index.php\/2023\/04\/03\/revitalizacao\/\" \/>\n<meta property=\"og:locale\" content=\"pt_BR\" \/>\n<meta property=\"og:type\" content=\"article\" \/>\n<meta property=\"og:title\" content=\"REVITALIZA\u00c7\u00c3O - SAEC Superintendencia de Agua e Esgoto de Catanduva\" \/>\n<meta property=\"og:description\" content=\"REVITALIZA\u00c7\u00c3O A SAEC executa a revitaliza\u00e7\u00e3o do po\u00e7o da rua Porto Feliz. A unidade tem explora\u00e7\u00e3o do aqu\u00edfero Bauru e refor\u00e7a o abastecimento do Parque Iracema, Jardim San Remo, Damha, Vila Celso e parte da Vila Soto. Nos pr\u00f3ximos dias a \u00e1rea receber\u00e1 grama e cal\u00e7ada. 04\/04\/2023\" \/>\n<meta property=\"og:url\" content=\"https:\/\/saec.sp.gov.br\/index.php\/2023\/04\/03\/revitalizacao\/\" \/>\n<meta property=\"og:site_name\" content=\"SAEC Superintendencia de Agua e Esgoto de Catanduva\" \/>\n<meta property=\"article:published_time\" content=\"2023-04-03T18:40:00+00:00\" \/>\n<meta property=\"article:modified_time\" content=\"2023-04-03T22:46:36+00:00\" \/>\n<meta property=\"og:image\" content=\"https:\/\/saec.sp.gov.br\/wp-content\/uploads\/2023\/04\/339129426_6142179825805289_7749808160366848823_n.jpg\" \/>\n\t<meta property=\"og:image:width\" content=\"1440\" \/>\n\t<meta property=\"og:image:height\" content=\"1440\" \/>\n<meta name=\"twitter:card\" content=\"summary\" \/>\n<meta name=\"twitter:label1\" content=\"Written by\">\n\t<meta name=\"twitter:data1\" content=\"Katia Muller\">\n\t<meta name=\"twitter:label2\" content=\"Est. reading time\">\n\t<meta name=\"twitter:data2\" content=\"0 minuto\">\n<script type=\"application\/ld+json\" class=\"yoast-schema-graph\">{\"@context\":\"https:\/\/schema.org\",\"@graph\":[{\"@type\":\"WebSite\",\"@id\":\"https:\/\/saec.sp.gov.br\/#website\",\"url\":\"https:\/\/saec.sp.gov.br\/\",\"name\":\"SAEC Superintendencia de Agua e Esgoto de Catanduva\",\"description\":\"SAEC\",\"potentialAction\":[{\"@type\":\"SearchAction\",\"target\":\"https:\/\/saec.sp.gov.br\/?s={search_term_string}\",\"query-input\":\"required name=search_term_string\"}],\"inLanguage\":\"pt-BR\"},{\"@type\":\"ImageObject\",\"@id\":\"https:\/\/saec.sp.gov.br\/index.php\/2023\/04\/03\/revitalizacao\/#primaryimage\",\"inLanguage\":\"pt-BR\",\"url\":\"https:\/\/saec.sp.gov.br\/wp-content\/uploads\/2023\/04\/339129426_6142179825805289_7749808160366848823_n.jpg\",\"width\":1440,\"height\":1440},{\"@type\":\"WebPage\",\"@id\":\"https:\/\/saec.sp.gov.br\/index.php\/2023\/04\/03\/revitalizacao\/#webpage\",\"url\":\"https:\/\/saec.sp.gov.br\/index.php\/2023\/04\/03\/revitalizacao\/\",\"name\":\"REVITALIZA\\u00c7\\u00c3O - SAEC Superintendencia de Agua e Esgoto de Catanduva\",\"isPartOf\":{\"@id\":\"https:\/\/saec.sp.gov.br\/#website\"},\"primaryImageOfPage\":{\"@id\":\"https:\/\/saec.sp.gov.br\/index.php\/2023\/04\/03\/revitalizacao\/#primaryimage\"},\"datePublished\":\"2023-04-03T18:40:00+00:00\",\"dateModified\":\"2023-04-03T22:46:36+00:00\",\"author\":{\"@id\":\"https:\/\/saec.sp.gov.br\/#\/schema\/person\/50ef0d9dd88bbbcefe39443548103bbb\"},\"inLanguage\":\"pt-BR\",\"potentialAction\":[{\"@type\":\"ReadAction\",\"target\":[\"https:\/\/saec.sp.gov.br\/index.php\/2023\/04\/03\/revitalizacao\/\"]}]},{\"@type\":\"Person\",\"@id\":\"https:\/\/saec.sp.gov.br\/#\/schema\/person\/50ef0d9dd88bbbcefe39443548103bbb\",\"name\":\"Katia Muller\"}]}<\/script>\n<!-- \/ Yoast SEO plugin. -->","amp_validity":null,"amp_enabled":true,"_links":{"self":[{"href":"https:\/\/saec.sp.gov.br\/index.php\/wp-json\/wp\/v2\/posts\/6437"}],"collection":[{"href":"https:\/\/saec.sp.gov.br\/index.php\/wp-json\/wp\/v2\/posts"}],"about":[{"href":"https:\/\/saec.sp.gov.br\/index.php\/wp-json\/wp\/v2\/types\/post"}],"author":[{"embeddable":true,"href":"https:\/\/saec.sp.gov.br\/index.php\/wp-json\/wp\/v2\/users\/9"}],"replies":[{"embeddable":true,"href":"https:\/\/saec.sp.gov.br\/index.php\/wp-json\/wp\/v2\/comments?post=6437"}],"version-history":[{"count":2,"href":"https:\/\/saec.sp.gov.br\/index.php\/wp-json\/wp\/v2\/posts\/6437\/revisions"}],"predecessor-version":[{"id":6444,"href":"https:\/\/saec.sp.gov.br\/index.php\/wp-json\/wp\/v2\/posts\/6437\/revisions\/6444"}],"wp:featuredmedia":[{"embeddable":true,"href":"https:\/\/saec.sp.gov.br\/index.php\/wp-json\/wp\/v2\/media\/6438"}],"wp:attachment":[{"href":"https:\/\/saec.sp.gov.br\/index.php\/wp-json\/wp\/v2\/media?parent=6437"}],"wp:term":[{"taxonomy":"category","embeddable":true,"href":"https:\/\/saec.sp.gov.br\/index.php\/wp-json\/wp\/v2\/categories?post=6437"},{"taxonomy":"post_tag","embeddable":true,"href":"https:\/\/saec.sp.gov.br\/index.php\/wp-json\/wp\/v2\/tags?post=6437"}],"curies":[{"name":"wp","href":"https:\/\/api.w.org\/{rel}","templated":true}]}}