{"id":6479,"date":"2023-04-10T10:59:00","date_gmt":"2023-04-10T13:59:00","guid":{"rendered":"http:\/\/saec.sp.gov.br\/?p=6479"},"modified":"2023-04-10T12:00:53","modified_gmt":"2023-04-10T15:00:53","slug":"interrupcao-no-fornecimento-de-agua-santo-antonio","status":"publish","type":"post","link":"https:\/\/saec.sp.gov.br\/index.php\/2023\/04\/10\/interrupcao-no-fornecimento-de-agua-santo-antonio\/","title":{"rendered":"INTERRUP\u00c7\u00c3O NO FORNECIMENTO DE \u00c1GUA &#8211; SANTO ANT\u00d4NIO"},"content":{"rendered":"\n<p><\/p>\n\n\n\n<p>A SAEC comunica os moradores sobre interrup\u00e7\u00e3o no abastecimento de \u00e1gua nos bairros Jardim Cl\u00e9lia, Joaquim Lopes, Aeroporto, Jardim Brasil, Vila Juca Pedro, Vila S\u00e3o Pedro, Am\u00eandola, Agudo Rom\u00e3o, Santo Ant\u00f4nio, Jardim Bel\u00e9m e Olinda.<\/p>\n\n\n\n<p>O desligamento \u00e9 tempor\u00e1rio para reparo emergencial em rede de \u00e1gua na rua Osvaldo Cruz. A previs\u00e3o \u00e9 de que o servi\u00e7o seja conclu\u00eddo \u00e0s 15h.<\/p>\n\n\n\n<p>A SAEC pede que os mun\u00edcipes economizem \u00e1gua para que n\u00e3o ocorra desabastecimento.<\/p>\n\n\n\n<p>10\/04\/2023<\/p>\n","protected":false},"excerpt":{"rendered":"<p>A SAEC comunica os moradores sobre interrup\u00e7\u00e3o no abastecimento de \u00e1gua nos bairros Jardim Cl\u00e9lia, Joaquim Lopes, Aeroporto, Jardim Brasil, Vila Juca Pedro, Vila S\u00e3o Pedro, Am\u00eandola, Agudo Rom\u00e3o, Santo Ant\u00f4nio, Jardim Bel\u00e9m e Olinda. O desligamento \u00e9 tempor\u00e1rio para reparo emergencial em rede de \u00e1gua na rua Osvaldo Cruz. A previs\u00e3o \u00e9 de que [&hellip;]<\/p>\n","protected":false},"author":9,"featured_media":6480,"comment_status":"closed","ping_status":"closed","sticky":false,"template":"","format":"standard","meta":{"footnotes":""},"categories":[41,43],"tags":[],"yoast_head":"<!-- This site is optimized with the Yoast SEO plugin v15.3 - https:\/\/yoast.com\/wordpress\/plugins\/seo\/ -->\n<title>INTERRUP\u00c7\u00c3O NO FORNECIMENTO DE \u00c1GUA - SANTO ANT\u00d4NIO - SAEC Superintendencia de Agua e Esgoto de Catanduva<\/title>\n<meta name=\"robots\" content=\"index, follow, max-snippet:-1, max-image-preview:large, max-video-preview:-1\" \/>\n<link rel=\"canonical\" href=\"https:\/\/saec.sp.gov.br\/index.php\/2023\/04\/10\/interrupcao-no-fornecimento-de-agua-santo-antonio\/\" \/>\n<meta property=\"og:locale\" content=\"pt_BR\" \/>\n<meta property=\"og:type\" content=\"article\" \/>\n<meta property=\"og:title\" content=\"INTERRUP\u00c7\u00c3O NO FORNECIMENTO DE \u00c1GUA - SANTO ANT\u00d4NIO - SAEC Superintendencia de Agua e Esgoto de Catanduva\" \/>\n<meta property=\"og:description\" content=\"A SAEC comunica os moradores sobre interrup\u00e7\u00e3o no abastecimento de \u00e1gua nos bairros Jardim Cl\u00e9lia, Joaquim Lopes, Aeroporto, Jardim Brasil, Vila Juca Pedro, Vila S\u00e3o Pedro, Am\u00eandola, Agudo Rom\u00e3o, Santo Ant\u00f4nio, Jardim Bel\u00e9m e Olinda. O desligamento \u00e9 tempor\u00e1rio para reparo emergencial em rede de \u00e1gua na rua Osvaldo Cruz. A previs\u00e3o \u00e9 de que [&hellip;]\" \/>\n<meta property=\"og:url\" content=\"https:\/\/saec.sp.gov.br\/index.php\/2023\/04\/10\/interrupcao-no-fornecimento-de-agua-santo-antonio\/\" \/>\n<meta property=\"og:site_name\" content=\"SAEC Superintendencia de Agua e Esgoto de Catanduva\" \/>\n<meta property=\"article:published_time\" content=\"2023-04-10T13:59:00+00:00\" \/>\n<meta property=\"article:modified_time\" content=\"2023-04-10T15:00:53+00:00\" \/>\n<meta property=\"og:image\" content=\"https:\/\/saec.sp.gov.br\/wp-content\/uploads\/2023\/04\/Comunicado-Post-Feed-Para-Instagram-Azul-Amarelo-e-Branco-1.jpg\" \/>\n\t<meta property=\"og:image:width\" content=\"1080\" \/>\n\t<meta property=\"og:image:height\" content=\"1080\" \/>\n<meta name=\"twitter:card\" content=\"summary\" \/>\n<meta name=\"twitter:label1\" content=\"Written by\">\n\t<meta name=\"twitter:data1\" content=\"Katia Muller\">\n\t<meta name=\"twitter:label2\" content=\"Est. reading time\">\n\t<meta name=\"twitter:data2\" content=\"0 minuto\">\n<script type=\"application\/ld+json\" class=\"yoast-schema-graph\">{\"@context\":\"https:\/\/schema.org\",\"@graph\":[{\"@type\":\"WebSite\",\"@id\":\"https:\/\/saec.sp.gov.br\/#website\",\"url\":\"https:\/\/saec.sp.gov.br\/\",\"name\":\"SAEC Superintendencia de Agua e Esgoto de Catanduva\",\"description\":\"SAEC\",\"potentialAction\":[{\"@type\":\"SearchAction\",\"target\":\"https:\/\/saec.sp.gov.br\/?s={search_term_string}\",\"query-input\":\"required name=search_term_string\"}],\"inLanguage\":\"pt-BR\"},{\"@type\":\"ImageObject\",\"@id\":\"https:\/\/saec.sp.gov.br\/index.php\/2023\/04\/10\/interrupcao-no-fornecimento-de-agua-santo-antonio\/#primaryimage\",\"inLanguage\":\"pt-BR\",\"url\":\"https:\/\/saec.sp.gov.br\/wp-content\/uploads\/2023\/04\/Comunicado-Post-Feed-Para-Instagram-Azul-Amarelo-e-Branco-1.jpg\",\"width\":1080,\"height\":1080},{\"@type\":\"WebPage\",\"@id\":\"https:\/\/saec.sp.gov.br\/index.php\/2023\/04\/10\/interrupcao-no-fornecimento-de-agua-santo-antonio\/#webpage\",\"url\":\"https:\/\/saec.sp.gov.br\/index.php\/2023\/04\/10\/interrupcao-no-fornecimento-de-agua-santo-antonio\/\",\"name\":\"INTERRUP\\u00c7\\u00c3O NO FORNECIMENTO DE \\u00c1GUA - SANTO ANT\\u00d4NIO - SAEC Superintendencia de Agua e Esgoto de Catanduva\",\"isPartOf\":{\"@id\":\"https:\/\/saec.sp.gov.br\/#website\"},\"primaryImageOfPage\":{\"@id\":\"https:\/\/saec.sp.gov.br\/index.php\/2023\/04\/10\/interrupcao-no-fornecimento-de-agua-santo-antonio\/#primaryimage\"},\"datePublished\":\"2023-04-10T13:59:00+00:00\",\"dateModified\":\"2023-04-10T15:00:53+00:00\",\"author\":{\"@id\":\"https:\/\/saec.sp.gov.br\/#\/schema\/person\/50ef0d9dd88bbbcefe39443548103bbb\"},\"inLanguage\":\"pt-BR\",\"potentialAction\":[{\"@type\":\"ReadAction\",\"target\":[\"https:\/\/saec.sp.gov.br\/index.php\/2023\/04\/10\/interrupcao-no-fornecimento-de-agua-santo-antonio\/\"]}]},{\"@type\":\"Person\",\"@id\":\"https:\/\/saec.sp.gov.br\/#\/schema\/person\/50ef0d9dd88bbbcefe39443548103bbb\",\"name\":\"Katia Muller\"}]}<\/script>\n<!-- \/ Yoast SEO plugin. -->","amp_validity":null,"amp_enabled":true,"_links":{"self":[{"href":"https:\/\/saec.sp.gov.br\/index.php\/wp-json\/wp\/v2\/posts\/6479"}],"collection":[{"href":"https:\/\/saec.sp.gov.br\/index.php\/wp-json\/wp\/v2\/posts"}],"about":[{"href":"https:\/\/saec.sp.gov.br\/index.php\/wp-json\/wp\/v2\/types\/post"}],"author":[{"embeddable":true,"href":"https:\/\/saec.sp.gov.br\/index.php\/wp-json\/wp\/v2\/users\/9"}],"replies":[{"embeddable":true,"href":"https:\/\/saec.sp.gov.br\/index.php\/wp-json\/wp\/v2\/comments?post=6479"}],"version-history":[{"count":1,"href":"https:\/\/saec.sp.gov.br\/index.php\/wp-json\/wp\/v2\/posts\/6479\/revisions"}],"predecessor-version":[{"id":6481,"href":"https:\/\/saec.sp.gov.br\/index.php\/wp-json\/wp\/v2\/posts\/6479\/revisions\/6481"}],"wp:featuredmedia":[{"embeddable":true,"href":"https:\/\/saec.sp.gov.br\/index.php\/wp-json\/wp\/v2\/media\/6480"}],"wp:attachment":[{"href":"https:\/\/saec.sp.gov.br\/index.php\/wp-json\/wp\/v2\/media?parent=6479"}],"wp:term":[{"taxonomy":"category","embeddable":true,"href":"https:\/\/saec.sp.gov.br\/index.php\/wp-json\/wp\/v2\/categories?post=6479"},{"taxonomy":"post_tag","embeddable":true,"href":"https:\/\/saec.sp.gov.br\/index.php\/wp-json\/wp\/v2\/tags?post=6479"}],"curies":[{"name":"wp","href":"https:\/\/api.w.org\/{rel}","templated":true}]}}