{"id":6520,"date":"2023-04-16T10:19:09","date_gmt":"2023-04-16T13:19:09","guid":{"rendered":"http:\/\/saec.sp.gov.br\/?p=6520"},"modified":"2023-04-17T10:24:24","modified_gmt":"2023-04-17T13:24:24","slug":"nota-10","status":"publish","type":"post","link":"https:\/\/saec.sp.gov.br\/index.php\/2023\/04\/16\/nota-10\/","title":{"rendered":"NOTA 10!"},"content":{"rendered":"\n<p>Li\u00e7\u00e3o de casa! A import\u00e2ncia da \u00e1gua foi discutida em sala de aula. A aluna Gabriela Vieira, de 9 anos, do Col\u00e9gio Ressurrei\u00e7\u00e3o Ortega Josu\u00e9 mais que de pressa ressaltou o trabalho da SAEC.<\/p>\n\n\n\n<p>Gabriela \u00e9 filha do colaborador Amilton Vieira \u00e9 tem muito orgulho em dizer que o pai trabalha na SAEC.<br>A superintend\u00eancia realiza um trabalho de precis\u00e3o diariamente para analisar a qualidade da \u00e1gua que sai do po\u00e7os, at\u00e9 chegar em nossas resid\u00eancias.<\/p>\n\n\n\n<p>Olha que linda a maquete do pr\u00e9dio sede da autarquia que a Gabi fez! Muito capricho!<br><br>16\/04\/2023<\/p>\n","protected":false},"excerpt":{"rendered":"<p>Li\u00e7\u00e3o de casa! A import\u00e2ncia da \u00e1gua foi discutida em sala de aula. A aluna Gabriela Vieira, de 9 anos, do Col\u00e9gio Ressurrei\u00e7\u00e3o Ortega Josu\u00e9 mais que de pressa ressaltou o trabalho da SAEC. Gabriela \u00e9 filha do colaborador Amilton Vieira \u00e9 tem muito orgulho em dizer que o pai trabalha na SAEC.A superintend\u00eancia realiza [&hellip;]<\/p>\n","protected":false},"author":9,"featured_media":6521,"comment_status":"closed","ping_status":"closed","sticky":false,"template":"","format":"standard","meta":{"footnotes":""},"categories":[41,43],"tags":[],"yoast_head":"<!-- This site is optimized with the Yoast SEO plugin v15.3 - https:\/\/yoast.com\/wordpress\/plugins\/seo\/ -->\n<title>NOTA 10! - SAEC Superintendencia de Agua e Esgoto de Catanduva<\/title>\n<meta name=\"robots\" content=\"index, follow, max-snippet:-1, max-image-preview:large, max-video-preview:-1\" \/>\n<link rel=\"canonical\" href=\"https:\/\/saec.sp.gov.br\/index.php\/2023\/04\/16\/nota-10\/\" \/>\n<meta property=\"og:locale\" content=\"pt_BR\" \/>\n<meta property=\"og:type\" content=\"article\" \/>\n<meta property=\"og:title\" content=\"NOTA 10! - SAEC Superintendencia de Agua e Esgoto de Catanduva\" \/>\n<meta property=\"og:description\" content=\"Li\u00e7\u00e3o de casa! A import\u00e2ncia da \u00e1gua foi discutida em sala de aula. A aluna Gabriela Vieira, de 9 anos, do Col\u00e9gio Ressurrei\u00e7\u00e3o Ortega Josu\u00e9 mais que de pressa ressaltou o trabalho da SAEC. Gabriela \u00e9 filha do colaborador Amilton Vieira \u00e9 tem muito orgulho em dizer que o pai trabalha na SAEC.A superintend\u00eancia realiza [&hellip;]\" \/>\n<meta property=\"og:url\" content=\"https:\/\/saec.sp.gov.br\/index.php\/2023\/04\/16\/nota-10\/\" \/>\n<meta property=\"og:site_name\" content=\"SAEC Superintendencia de Agua e Esgoto de Catanduva\" \/>\n<meta property=\"article:published_time\" content=\"2023-04-16T13:19:09+00:00\" \/>\n<meta property=\"article:modified_time\" content=\"2023-04-17T13:24:24+00:00\" \/>\n<meta property=\"og:image\" content=\"https:\/\/saec.sp.gov.br\/wp-content\/uploads\/2023\/04\/maquete.jpg\" \/>\n\t<meta property=\"og:image:width\" content=\"720\" \/>\n\t<meta property=\"og:image:height\" content=\"720\" \/>\n<meta name=\"twitter:card\" content=\"summary\" \/>\n<meta name=\"twitter:label1\" content=\"Written by\">\n\t<meta name=\"twitter:data1\" content=\"Katia Muller\">\n\t<meta name=\"twitter:label2\" content=\"Est. reading time\">\n\t<meta name=\"twitter:data2\" content=\"0 minuto\">\n<script type=\"application\/ld+json\" class=\"yoast-schema-graph\">{\"@context\":\"https:\/\/schema.org\",\"@graph\":[{\"@type\":\"WebSite\",\"@id\":\"https:\/\/saec.sp.gov.br\/#website\",\"url\":\"https:\/\/saec.sp.gov.br\/\",\"name\":\"SAEC Superintendencia de Agua e Esgoto de Catanduva\",\"description\":\"SAEC\",\"potentialAction\":[{\"@type\":\"SearchAction\",\"target\":\"https:\/\/saec.sp.gov.br\/?s={search_term_string}\",\"query-input\":\"required name=search_term_string\"}],\"inLanguage\":\"pt-BR\"},{\"@type\":\"ImageObject\",\"@id\":\"https:\/\/saec.sp.gov.br\/index.php\/2023\/04\/16\/nota-10\/#primaryimage\",\"inLanguage\":\"pt-BR\",\"url\":\"https:\/\/saec.sp.gov.br\/wp-content\/uploads\/2023\/04\/maquete.jpg\",\"width\":720,\"height\":720},{\"@type\":\"WebPage\",\"@id\":\"https:\/\/saec.sp.gov.br\/index.php\/2023\/04\/16\/nota-10\/#webpage\",\"url\":\"https:\/\/saec.sp.gov.br\/index.php\/2023\/04\/16\/nota-10\/\",\"name\":\"NOTA 10! - SAEC Superintendencia de Agua e Esgoto de Catanduva\",\"isPartOf\":{\"@id\":\"https:\/\/saec.sp.gov.br\/#website\"},\"primaryImageOfPage\":{\"@id\":\"https:\/\/saec.sp.gov.br\/index.php\/2023\/04\/16\/nota-10\/#primaryimage\"},\"datePublished\":\"2023-04-16T13:19:09+00:00\",\"dateModified\":\"2023-04-17T13:24:24+00:00\",\"author\":{\"@id\":\"https:\/\/saec.sp.gov.br\/#\/schema\/person\/50ef0d9dd88bbbcefe39443548103bbb\"},\"inLanguage\":\"pt-BR\",\"potentialAction\":[{\"@type\":\"ReadAction\",\"target\":[\"https:\/\/saec.sp.gov.br\/index.php\/2023\/04\/16\/nota-10\/\"]}]},{\"@type\":\"Person\",\"@id\":\"https:\/\/saec.sp.gov.br\/#\/schema\/person\/50ef0d9dd88bbbcefe39443548103bbb\",\"name\":\"Katia Muller\"}]}<\/script>\n<!-- \/ Yoast SEO plugin. -->","amp_validity":null,"amp_enabled":true,"_links":{"self":[{"href":"https:\/\/saec.sp.gov.br\/index.php\/wp-json\/wp\/v2\/posts\/6520"}],"collection":[{"href":"https:\/\/saec.sp.gov.br\/index.php\/wp-json\/wp\/v2\/posts"}],"about":[{"href":"https:\/\/saec.sp.gov.br\/index.php\/wp-json\/wp\/v2\/types\/post"}],"author":[{"embeddable":true,"href":"https:\/\/saec.sp.gov.br\/index.php\/wp-json\/wp\/v2\/users\/9"}],"replies":[{"embeddable":true,"href":"https:\/\/saec.sp.gov.br\/index.php\/wp-json\/wp\/v2\/comments?post=6520"}],"version-history":[{"count":1,"href":"https:\/\/saec.sp.gov.br\/index.php\/wp-json\/wp\/v2\/posts\/6520\/revisions"}],"predecessor-version":[{"id":6522,"href":"https:\/\/saec.sp.gov.br\/index.php\/wp-json\/wp\/v2\/posts\/6520\/revisions\/6522"}],"wp:featuredmedia":[{"embeddable":true,"href":"https:\/\/saec.sp.gov.br\/index.php\/wp-json\/wp\/v2\/media\/6521"}],"wp:attachment":[{"href":"https:\/\/saec.sp.gov.br\/index.php\/wp-json\/wp\/v2\/media?parent=6520"}],"wp:term":[{"taxonomy":"category","embeddable":true,"href":"https:\/\/saec.sp.gov.br\/index.php\/wp-json\/wp\/v2\/categories?post=6520"},{"taxonomy":"post_tag","embeddable":true,"href":"https:\/\/saec.sp.gov.br\/index.php\/wp-json\/wp\/v2\/tags?post=6520"}],"curies":[{"name":"wp","href":"https:\/\/api.w.org\/{rel}","templated":true}]}}