{"id":6532,"date":"2023-04-14T10:43:17","date_gmt":"2023-04-14T13:43:17","guid":{"rendered":"http:\/\/saec.sp.gov.br\/?p=6532"},"modified":"2023-04-17T10:47:29","modified_gmt":"2023-04-17T13:47:29","slug":"manha-festiva","status":"publish","type":"post","link":"https:\/\/saec.sp.gov.br\/index.php\/2023\/04\/14\/manha-festiva\/","title":{"rendered":"MANH\u00c3 FESTIVA"},"content":{"rendered":"\n<p>A SAEC marcou presen\u00e7a na manh\u00e3 festiva na Pra\u00e7a da Matriz. A a\u00e7\u00e3o faz parte da comemora\u00e7\u00e3o dos 105 anos de Catanduva.<br><br>Teve Desfile C\u00edvico, transmiss\u00e3o ao vivo da TV TEM, m\u00fasica, dan\u00e7a, atividades esportivas e da cultura caipira. O que n\u00e3o faltou foi \u00e1gua geladinha e conscientiza\u00e7\u00e3o aqui na nossa tenda. Foi lindo!<br><br>14\/04\/2023<\/p>\n\n\n\n<p><\/p>\n","protected":false},"excerpt":{"rendered":"<p>A SAEC marcou presen\u00e7a na manh\u00e3 festiva na Pra\u00e7a da Matriz. A a\u00e7\u00e3o faz parte da comemora\u00e7\u00e3o dos 105 anos de Catanduva. Teve Desfile C\u00edvico, transmiss\u00e3o ao vivo da TV TEM, m\u00fasica, dan\u00e7a, atividades esportivas e da cultura caipira. O que n\u00e3o faltou foi \u00e1gua geladinha e conscientiza\u00e7\u00e3o aqui na nossa tenda. Foi lindo! 14\/04\/2023<\/p>\n","protected":false},"author":9,"featured_media":6533,"comment_status":"closed","ping_status":"closed","sticky":false,"template":"","format":"standard","meta":{"footnotes":""},"categories":[41,43],"tags":[],"yoast_head":"<!-- This site is optimized with the Yoast SEO plugin v15.3 - https:\/\/yoast.com\/wordpress\/plugins\/seo\/ -->\n<title>MANH\u00c3 FESTIVA - SAEC Superintendencia de Agua e Esgoto de Catanduva<\/title>\n<meta name=\"robots\" content=\"index, follow, max-snippet:-1, max-image-preview:large, max-video-preview:-1\" \/>\n<link rel=\"canonical\" href=\"https:\/\/saec.sp.gov.br\/index.php\/2023\/04\/14\/manha-festiva\/\" \/>\n<meta property=\"og:locale\" content=\"pt_BR\" \/>\n<meta property=\"og:type\" content=\"article\" \/>\n<meta property=\"og:title\" content=\"MANH\u00c3 FESTIVA - SAEC Superintendencia de Agua e Esgoto de Catanduva\" \/>\n<meta property=\"og:description\" content=\"A SAEC marcou presen\u00e7a na manh\u00e3 festiva na Pra\u00e7a da Matriz. A a\u00e7\u00e3o faz parte da comemora\u00e7\u00e3o dos 105 anos de Catanduva. Teve Desfile C\u00edvico, transmiss\u00e3o ao vivo da TV TEM, m\u00fasica, dan\u00e7a, atividades esportivas e da cultura caipira. O que n\u00e3o faltou foi \u00e1gua geladinha e conscientiza\u00e7\u00e3o aqui na nossa tenda. Foi lindo! 14\/04\/2023\" \/>\n<meta property=\"og:url\" content=\"https:\/\/saec.sp.gov.br\/index.php\/2023\/04\/14\/manha-festiva\/\" \/>\n<meta property=\"og:site_name\" content=\"SAEC Superintendencia de Agua e Esgoto de Catanduva\" \/>\n<meta property=\"article:published_time\" content=\"2023-04-14T13:43:17+00:00\" \/>\n<meta property=\"article:modified_time\" content=\"2023-04-17T13:47:29+00:00\" \/>\n<meta property=\"og:image\" content=\"https:\/\/saec.sp.gov.br\/wp-content\/uploads\/2023\/04\/105-anos-catanduva.jpg\" \/>\n\t<meta property=\"og:image:width\" content=\"1440\" \/>\n\t<meta property=\"og:image:height\" content=\"1080\" \/>\n<meta name=\"twitter:card\" content=\"summary\" \/>\n<meta name=\"twitter:label1\" content=\"Written by\">\n\t<meta name=\"twitter:data1\" content=\"Katia Muller\">\n\t<meta name=\"twitter:label2\" content=\"Est. reading time\">\n\t<meta name=\"twitter:data2\" content=\"0 minuto\">\n<script type=\"application\/ld+json\" class=\"yoast-schema-graph\">{\"@context\":\"https:\/\/schema.org\",\"@graph\":[{\"@type\":\"WebSite\",\"@id\":\"https:\/\/saec.sp.gov.br\/#website\",\"url\":\"https:\/\/saec.sp.gov.br\/\",\"name\":\"SAEC Superintendencia de Agua e Esgoto de Catanduva\",\"description\":\"SAEC\",\"potentialAction\":[{\"@type\":\"SearchAction\",\"target\":\"https:\/\/saec.sp.gov.br\/?s={search_term_string}\",\"query-input\":\"required name=search_term_string\"}],\"inLanguage\":\"pt-BR\"},{\"@type\":\"ImageObject\",\"@id\":\"https:\/\/saec.sp.gov.br\/index.php\/2023\/04\/14\/manha-festiva\/#primaryimage\",\"inLanguage\":\"pt-BR\",\"url\":\"https:\/\/saec.sp.gov.br\/wp-content\/uploads\/2023\/04\/105-anos-catanduva.jpg\",\"width\":1440,\"height\":1080},{\"@type\":\"WebPage\",\"@id\":\"https:\/\/saec.sp.gov.br\/index.php\/2023\/04\/14\/manha-festiva\/#webpage\",\"url\":\"https:\/\/saec.sp.gov.br\/index.php\/2023\/04\/14\/manha-festiva\/\",\"name\":\"MANH\\u00c3 FESTIVA - SAEC Superintendencia de Agua e Esgoto de Catanduva\",\"isPartOf\":{\"@id\":\"https:\/\/saec.sp.gov.br\/#website\"},\"primaryImageOfPage\":{\"@id\":\"https:\/\/saec.sp.gov.br\/index.php\/2023\/04\/14\/manha-festiva\/#primaryimage\"},\"datePublished\":\"2023-04-14T13:43:17+00:00\",\"dateModified\":\"2023-04-17T13:47:29+00:00\",\"author\":{\"@id\":\"https:\/\/saec.sp.gov.br\/#\/schema\/person\/50ef0d9dd88bbbcefe39443548103bbb\"},\"inLanguage\":\"pt-BR\",\"potentialAction\":[{\"@type\":\"ReadAction\",\"target\":[\"https:\/\/saec.sp.gov.br\/index.php\/2023\/04\/14\/manha-festiva\/\"]}]},{\"@type\":\"Person\",\"@id\":\"https:\/\/saec.sp.gov.br\/#\/schema\/person\/50ef0d9dd88bbbcefe39443548103bbb\",\"name\":\"Katia Muller\"}]}<\/script>\n<!-- \/ Yoast SEO plugin. -->","amp_validity":null,"amp_enabled":true,"_links":{"self":[{"href":"https:\/\/saec.sp.gov.br\/index.php\/wp-json\/wp\/v2\/posts\/6532"}],"collection":[{"href":"https:\/\/saec.sp.gov.br\/index.php\/wp-json\/wp\/v2\/posts"}],"about":[{"href":"https:\/\/saec.sp.gov.br\/index.php\/wp-json\/wp\/v2\/types\/post"}],"author":[{"embeddable":true,"href":"https:\/\/saec.sp.gov.br\/index.php\/wp-json\/wp\/v2\/users\/9"}],"replies":[{"embeddable":true,"href":"https:\/\/saec.sp.gov.br\/index.php\/wp-json\/wp\/v2\/comments?post=6532"}],"version-history":[{"count":1,"href":"https:\/\/saec.sp.gov.br\/index.php\/wp-json\/wp\/v2\/posts\/6532\/revisions"}],"predecessor-version":[{"id":6534,"href":"https:\/\/saec.sp.gov.br\/index.php\/wp-json\/wp\/v2\/posts\/6532\/revisions\/6534"}],"wp:featuredmedia":[{"embeddable":true,"href":"https:\/\/saec.sp.gov.br\/index.php\/wp-json\/wp\/v2\/media\/6533"}],"wp:attachment":[{"href":"https:\/\/saec.sp.gov.br\/index.php\/wp-json\/wp\/v2\/media?parent=6532"}],"wp:term":[{"taxonomy":"category","embeddable":true,"href":"https:\/\/saec.sp.gov.br\/index.php\/wp-json\/wp\/v2\/categories?post=6532"},{"taxonomy":"post_tag","embeddable":true,"href":"https:\/\/saec.sp.gov.br\/index.php\/wp-json\/wp\/v2\/tags?post=6532"}],"curies":[{"name":"wp","href":"https:\/\/api.w.org\/{rel}","templated":true}]}}