{"id":6607,"date":"2023-04-28T10:21:04","date_gmt":"2023-04-28T13:21:04","guid":{"rendered":"http:\/\/saec.sp.gov.br\/?p=6607"},"modified":"2023-04-28T13:27:06","modified_gmt":"2023-04-28T16:27:06","slug":"interrupcao-emergencial-no-fornecimento-de-agua-nesta-sexta","status":"publish","type":"post","link":"https:\/\/saec.sp.gov.br\/index.php\/2023\/04\/28\/interrupcao-emergencial-no-fornecimento-de-agua-nesta-sexta\/","title":{"rendered":"INTERRUP\u00c7\u00c3O EMERGENCIAL NO FORNECIMENTO DE \u00c1GUA NESTA SEXTA"},"content":{"rendered":"\n<p>A SAEC comunica que nesta sexta-feira, dia 28, haver\u00e1 interrup\u00e7\u00e3o no abastecimento de \u00e1gua no Raul de Carvalho.<br>Na ocasi\u00e3o, a Unidade de Reserva\u00e7\u00e3o que abastece o bairro precisou ser fechada para r\u00e1pida manuten\u00e7\u00e3o.<br>A previs\u00e3o que o servi\u00e7o seja conclu\u00eddo \u00e0s 11 horas.<\/p>\n\n\n\n<p>A Superintend\u00eancia solicita aos moradores que economizem \u00e1gua durante o per\u00edodo de execu\u00e7\u00e3o do servi\u00e7o.<br><br>28\/04\/2023<\/p>\n\n\n\n<p><\/p>\n","protected":false},"excerpt":{"rendered":"<p>A SAEC comunica que nesta sexta-feira, dia 28, haver\u00e1 interrup\u00e7\u00e3o no abastecimento de \u00e1gua no Raul de Carvalho.Na ocasi\u00e3o, a Unidade de Reserva\u00e7\u00e3o que abastece o bairro precisou ser fechada para r\u00e1pida manuten\u00e7\u00e3o.A previs\u00e3o que o servi\u00e7o seja conclu\u00eddo \u00e0s 11 horas. A Superintend\u00eancia solicita aos moradores que economizem \u00e1gua durante o per\u00edodo de execu\u00e7\u00e3o [&hellip;]<\/p>\n","protected":false},"author":9,"featured_media":6540,"comment_status":"closed","ping_status":"closed","sticky":false,"template":"","format":"standard","meta":{"footnotes":""},"categories":[49,41,43],"tags":[],"yoast_head":"<!-- This site is optimized with the Yoast SEO plugin v15.3 - https:\/\/yoast.com\/wordpress\/plugins\/seo\/ -->\n<title>INTERRUP\u00c7\u00c3O EMERGENCIAL NO FORNECIMENTO DE \u00c1GUA NESTA SEXTA - SAEC Superintendencia de Agua e Esgoto de Catanduva<\/title>\n<meta name=\"robots\" content=\"index, follow, max-snippet:-1, max-image-preview:large, max-video-preview:-1\" \/>\n<link rel=\"canonical\" href=\"https:\/\/saec.sp.gov.br\/index.php\/2023\/04\/28\/interrupcao-emergencial-no-fornecimento-de-agua-nesta-sexta\/\" \/>\n<meta property=\"og:locale\" content=\"pt_BR\" \/>\n<meta property=\"og:type\" content=\"article\" \/>\n<meta property=\"og:title\" content=\"INTERRUP\u00c7\u00c3O EMERGENCIAL NO FORNECIMENTO DE \u00c1GUA NESTA SEXTA - SAEC Superintendencia de Agua e Esgoto de Catanduva\" \/>\n<meta property=\"og:description\" content=\"A SAEC comunica que nesta sexta-feira, dia 28, haver\u00e1 interrup\u00e7\u00e3o no abastecimento de \u00e1gua no Raul de Carvalho.Na ocasi\u00e3o, a Unidade de Reserva\u00e7\u00e3o que abastece o bairro precisou ser fechada para r\u00e1pida manuten\u00e7\u00e3o.A previs\u00e3o que o servi\u00e7o seja conclu\u00eddo \u00e0s 11 horas. A Superintend\u00eancia solicita aos moradores que economizem \u00e1gua durante o per\u00edodo de execu\u00e7\u00e3o [&hellip;]\" \/>\n<meta property=\"og:url\" content=\"https:\/\/saec.sp.gov.br\/index.php\/2023\/04\/28\/interrupcao-emergencial-no-fornecimento-de-agua-nesta-sexta\/\" \/>\n<meta property=\"og:site_name\" content=\"SAEC Superintendencia de Agua e Esgoto de Catanduva\" \/>\n<meta property=\"article:published_time\" content=\"2023-04-28T13:21:04+00:00\" \/>\n<meta property=\"article:modified_time\" content=\"2023-04-28T16:27:06+00:00\" \/>\n<meta property=\"og:image\" content=\"https:\/\/saec.sp.gov.br\/wp-content\/uploads\/2023\/04\/interrupcao-agua.jpg\" \/>\n\t<meta property=\"og:image:width\" content=\"526\" \/>\n\t<meta property=\"og:image:height\" content=\"526\" \/>\n<meta name=\"twitter:card\" content=\"summary\" \/>\n<meta name=\"twitter:label1\" content=\"Written by\">\n\t<meta name=\"twitter:data1\" content=\"Katia Muller\">\n\t<meta name=\"twitter:label2\" content=\"Est. reading time\">\n\t<meta name=\"twitter:data2\" content=\"0 minuto\">\n<script type=\"application\/ld+json\" class=\"yoast-schema-graph\">{\"@context\":\"https:\/\/schema.org\",\"@graph\":[{\"@type\":\"WebSite\",\"@id\":\"https:\/\/saec.sp.gov.br\/#website\",\"url\":\"https:\/\/saec.sp.gov.br\/\",\"name\":\"SAEC Superintendencia de Agua e Esgoto de Catanduva\",\"description\":\"SAEC\",\"potentialAction\":[{\"@type\":\"SearchAction\",\"target\":\"https:\/\/saec.sp.gov.br\/?s={search_term_string}\",\"query-input\":\"required name=search_term_string\"}],\"inLanguage\":\"pt-BR\"},{\"@type\":\"ImageObject\",\"@id\":\"https:\/\/saec.sp.gov.br\/index.php\/2023\/04\/28\/interrupcao-emergencial-no-fornecimento-de-agua-nesta-sexta\/#primaryimage\",\"inLanguage\":\"pt-BR\",\"url\":\"https:\/\/saec.sp.gov.br\/wp-content\/uploads\/2023\/04\/interrupcao-agua.jpg\",\"width\":526,\"height\":526},{\"@type\":\"WebPage\",\"@id\":\"https:\/\/saec.sp.gov.br\/index.php\/2023\/04\/28\/interrupcao-emergencial-no-fornecimento-de-agua-nesta-sexta\/#webpage\",\"url\":\"https:\/\/saec.sp.gov.br\/index.php\/2023\/04\/28\/interrupcao-emergencial-no-fornecimento-de-agua-nesta-sexta\/\",\"name\":\"INTERRUP\\u00c7\\u00c3O EMERGENCIAL NO FORNECIMENTO DE \\u00c1GUA NESTA SEXTA - SAEC Superintendencia de Agua e Esgoto de Catanduva\",\"isPartOf\":{\"@id\":\"https:\/\/saec.sp.gov.br\/#website\"},\"primaryImageOfPage\":{\"@id\":\"https:\/\/saec.sp.gov.br\/index.php\/2023\/04\/28\/interrupcao-emergencial-no-fornecimento-de-agua-nesta-sexta\/#primaryimage\"},\"datePublished\":\"2023-04-28T13:21:04+00:00\",\"dateModified\":\"2023-04-28T16:27:06+00:00\",\"author\":{\"@id\":\"https:\/\/saec.sp.gov.br\/#\/schema\/person\/50ef0d9dd88bbbcefe39443548103bbb\"},\"inLanguage\":\"pt-BR\",\"potentialAction\":[{\"@type\":\"ReadAction\",\"target\":[\"https:\/\/saec.sp.gov.br\/index.php\/2023\/04\/28\/interrupcao-emergencial-no-fornecimento-de-agua-nesta-sexta\/\"]}]},{\"@type\":\"Person\",\"@id\":\"https:\/\/saec.sp.gov.br\/#\/schema\/person\/50ef0d9dd88bbbcefe39443548103bbb\",\"name\":\"Katia Muller\"}]}<\/script>\n<!-- \/ Yoast SEO plugin. -->","amp_validity":null,"amp_enabled":true,"_links":{"self":[{"href":"https:\/\/saec.sp.gov.br\/index.php\/wp-json\/wp\/v2\/posts\/6607"}],"collection":[{"href":"https:\/\/saec.sp.gov.br\/index.php\/wp-json\/wp\/v2\/posts"}],"about":[{"href":"https:\/\/saec.sp.gov.br\/index.php\/wp-json\/wp\/v2\/types\/post"}],"author":[{"embeddable":true,"href":"https:\/\/saec.sp.gov.br\/index.php\/wp-json\/wp\/v2\/users\/9"}],"replies":[{"embeddable":true,"href":"https:\/\/saec.sp.gov.br\/index.php\/wp-json\/wp\/v2\/comments?post=6607"}],"version-history":[{"count":2,"href":"https:\/\/saec.sp.gov.br\/index.php\/wp-json\/wp\/v2\/posts\/6607\/revisions"}],"predecessor-version":[{"id":6612,"href":"https:\/\/saec.sp.gov.br\/index.php\/wp-json\/wp\/v2\/posts\/6607\/revisions\/6612"}],"wp:featuredmedia":[{"embeddable":true,"href":"https:\/\/saec.sp.gov.br\/index.php\/wp-json\/wp\/v2\/media\/6540"}],"wp:attachment":[{"href":"https:\/\/saec.sp.gov.br\/index.php\/wp-json\/wp\/v2\/media?parent=6607"}],"wp:term":[{"taxonomy":"category","embeddable":true,"href":"https:\/\/saec.sp.gov.br\/index.php\/wp-json\/wp\/v2\/categories?post=6607"},{"taxonomy":"post_tag","embeddable":true,"href":"https:\/\/saec.sp.gov.br\/index.php\/wp-json\/wp\/v2\/tags?post=6607"}],"curies":[{"name":"wp","href":"https:\/\/api.w.org\/{rel}","templated":true}]}}