{"id":6609,"date":"2023-04-28T13:26:13","date_gmt":"2023-04-28T16:26:13","guid":{"rendered":"http:\/\/saec.sp.gov.br\/?p=6609"},"modified":"2023-04-28T13:26:15","modified_gmt":"2023-04-28T16:26:15","slug":"saec-na-rua-osvaldo-cruz","status":"publish","type":"post","link":"https:\/\/saec.sp.gov.br\/index.php\/2023\/04\/28\/saec-na-rua-osvaldo-cruz\/","title":{"rendered":"SAEC NA RUA OSVALDO CRUZ"},"content":{"rendered":"\n<p>A todo vapor! A finaliza\u00e7\u00e3o da implanta\u00e7\u00e3o das redes e ramais de \u00e1gua e esgoto, na rua Osvaldo Cruz segue em ritmo acelerado.<\/p>\n\n\n\n<p>Nesta sexta-feira, dia 28, todo o trecho trabalhado foi executado com a massa asf\u00e1ltica.<br>Tudo vai ficar nos trinques para receber, posteriormente, essa via ser\u00e1 recapeada por completo, conforme cronograma da Prefeitura de Catanduva.<br><br>Qualidade de vida para popula\u00e7\u00e3o.<br><br>28\/04\/2023<\/p>\n","protected":false},"excerpt":{"rendered":"<p>A todo vapor! A finaliza\u00e7\u00e3o da implanta\u00e7\u00e3o das redes e ramais de \u00e1gua e esgoto, na rua Osvaldo Cruz segue em ritmo acelerado. Nesta sexta-feira, dia 28, todo o trecho trabalhado foi executado com a massa asf\u00e1ltica.Tudo vai ficar nos trinques para receber, posteriormente, essa via ser\u00e1 recapeada por completo, conforme cronograma da Prefeitura de [&hellip;]<\/p>\n","protected":false},"author":9,"featured_media":6610,"comment_status":"closed","ping_status":"closed","sticky":false,"template":"","format":"standard","meta":{"footnotes":""},"categories":[41,43],"tags":[],"yoast_head":"<!-- This site is optimized with the Yoast SEO plugin v15.3 - https:\/\/yoast.com\/wordpress\/plugins\/seo\/ -->\n<title>SAEC NA RUA OSVALDO CRUZ - SAEC Superintendencia de Agua e Esgoto de Catanduva<\/title>\n<meta name=\"robots\" content=\"index, follow, max-snippet:-1, max-image-preview:large, max-video-preview:-1\" \/>\n<link rel=\"canonical\" href=\"https:\/\/saec.sp.gov.br\/index.php\/2023\/04\/28\/saec-na-rua-osvaldo-cruz\/\" \/>\n<meta property=\"og:locale\" content=\"pt_BR\" \/>\n<meta property=\"og:type\" content=\"article\" \/>\n<meta property=\"og:title\" content=\"SAEC NA RUA OSVALDO CRUZ - SAEC Superintendencia de Agua e Esgoto de Catanduva\" \/>\n<meta property=\"og:description\" content=\"A todo vapor! A finaliza\u00e7\u00e3o da implanta\u00e7\u00e3o das redes e ramais de \u00e1gua e esgoto, na rua Osvaldo Cruz segue em ritmo acelerado. Nesta sexta-feira, dia 28, todo o trecho trabalhado foi executado com a massa asf\u00e1ltica.Tudo vai ficar nos trinques para receber, posteriormente, essa via ser\u00e1 recapeada por completo, conforme cronograma da Prefeitura de [&hellip;]\" \/>\n<meta property=\"og:url\" content=\"https:\/\/saec.sp.gov.br\/index.php\/2023\/04\/28\/saec-na-rua-osvaldo-cruz\/\" \/>\n<meta property=\"og:site_name\" content=\"SAEC Superintendencia de Agua e Esgoto de Catanduva\" \/>\n<meta property=\"article:published_time\" content=\"2023-04-28T16:26:13+00:00\" \/>\n<meta property=\"article:modified_time\" content=\"2023-04-28T16:26:15+00:00\" \/>\n<meta property=\"og:image\" content=\"https:\/\/saec.sp.gov.br\/wp-content\/uploads\/2023\/04\/IMG_20230428_105158874_HDR-scaled.jpg\" \/>\n\t<meta property=\"og:image:width\" content=\"2560\" \/>\n\t<meta property=\"og:image:height\" content=\"1920\" \/>\n<meta name=\"twitter:card\" content=\"summary\" \/>\n<meta name=\"twitter:label1\" content=\"Written by\">\n\t<meta name=\"twitter:data1\" content=\"Katia Muller\">\n\t<meta name=\"twitter:label2\" content=\"Est. reading time\">\n\t<meta name=\"twitter:data2\" content=\"0 minuto\">\n<script type=\"application\/ld+json\" class=\"yoast-schema-graph\">{\"@context\":\"https:\/\/schema.org\",\"@graph\":[{\"@type\":\"WebSite\",\"@id\":\"https:\/\/saec.sp.gov.br\/#website\",\"url\":\"https:\/\/saec.sp.gov.br\/\",\"name\":\"SAEC Superintendencia de Agua e Esgoto de Catanduva\",\"description\":\"SAEC\",\"potentialAction\":[{\"@type\":\"SearchAction\",\"target\":\"https:\/\/saec.sp.gov.br\/?s={search_term_string}\",\"query-input\":\"required name=search_term_string\"}],\"inLanguage\":\"pt-BR\"},{\"@type\":\"ImageObject\",\"@id\":\"https:\/\/saec.sp.gov.br\/index.php\/2023\/04\/28\/saec-na-rua-osvaldo-cruz\/#primaryimage\",\"inLanguage\":\"pt-BR\",\"url\":\"https:\/\/saec.sp.gov.br\/wp-content\/uploads\/2023\/04\/IMG_20230428_105158874_HDR-scaled.jpg\",\"width\":2560,\"height\":1920},{\"@type\":\"WebPage\",\"@id\":\"https:\/\/saec.sp.gov.br\/index.php\/2023\/04\/28\/saec-na-rua-osvaldo-cruz\/#webpage\",\"url\":\"https:\/\/saec.sp.gov.br\/index.php\/2023\/04\/28\/saec-na-rua-osvaldo-cruz\/\",\"name\":\"SAEC NA RUA OSVALDO CRUZ - SAEC Superintendencia de Agua e Esgoto de Catanduva\",\"isPartOf\":{\"@id\":\"https:\/\/saec.sp.gov.br\/#website\"},\"primaryImageOfPage\":{\"@id\":\"https:\/\/saec.sp.gov.br\/index.php\/2023\/04\/28\/saec-na-rua-osvaldo-cruz\/#primaryimage\"},\"datePublished\":\"2023-04-28T16:26:13+00:00\",\"dateModified\":\"2023-04-28T16:26:15+00:00\",\"author\":{\"@id\":\"https:\/\/saec.sp.gov.br\/#\/schema\/person\/50ef0d9dd88bbbcefe39443548103bbb\"},\"inLanguage\":\"pt-BR\",\"potentialAction\":[{\"@type\":\"ReadAction\",\"target\":[\"https:\/\/saec.sp.gov.br\/index.php\/2023\/04\/28\/saec-na-rua-osvaldo-cruz\/\"]}]},{\"@type\":\"Person\",\"@id\":\"https:\/\/saec.sp.gov.br\/#\/schema\/person\/50ef0d9dd88bbbcefe39443548103bbb\",\"name\":\"Katia Muller\"}]}<\/script>\n<!-- \/ Yoast SEO plugin. -->","amp_validity":null,"amp_enabled":true,"_links":{"self":[{"href":"https:\/\/saec.sp.gov.br\/index.php\/wp-json\/wp\/v2\/posts\/6609"}],"collection":[{"href":"https:\/\/saec.sp.gov.br\/index.php\/wp-json\/wp\/v2\/posts"}],"about":[{"href":"https:\/\/saec.sp.gov.br\/index.php\/wp-json\/wp\/v2\/types\/post"}],"author":[{"embeddable":true,"href":"https:\/\/saec.sp.gov.br\/index.php\/wp-json\/wp\/v2\/users\/9"}],"replies":[{"embeddable":true,"href":"https:\/\/saec.sp.gov.br\/index.php\/wp-json\/wp\/v2\/comments?post=6609"}],"version-history":[{"count":1,"href":"https:\/\/saec.sp.gov.br\/index.php\/wp-json\/wp\/v2\/posts\/6609\/revisions"}],"predecessor-version":[{"id":6611,"href":"https:\/\/saec.sp.gov.br\/index.php\/wp-json\/wp\/v2\/posts\/6609\/revisions\/6611"}],"wp:featuredmedia":[{"embeddable":true,"href":"https:\/\/saec.sp.gov.br\/index.php\/wp-json\/wp\/v2\/media\/6610"}],"wp:attachment":[{"href":"https:\/\/saec.sp.gov.br\/index.php\/wp-json\/wp\/v2\/media?parent=6609"}],"wp:term":[{"taxonomy":"category","embeddable":true,"href":"https:\/\/saec.sp.gov.br\/index.php\/wp-json\/wp\/v2\/categories?post=6609"},{"taxonomy":"post_tag","embeddable":true,"href":"https:\/\/saec.sp.gov.br\/index.php\/wp-json\/wp\/v2\/tags?post=6609"}],"curies":[{"name":"wp","href":"https:\/\/api.w.org\/{rel}","templated":true}]}}