{"id":6614,"date":"2023-04-28T10:08:00","date_gmt":"2023-04-28T13:08:00","guid":{"rendered":"http:\/\/saec.sp.gov.br\/?p=6614"},"modified":"2023-05-02T10:12:53","modified_gmt":"2023-05-02T13:12:53","slug":"saec-no-gloria-v","status":"publish","type":"post","link":"https:\/\/saec.sp.gov.br\/index.php\/2023\/04\/28\/saec-no-gloria-v\/","title":{"rendered":"SAEC NO GL\u00d3RIA V"},"content":{"rendered":"\n<p>Melhorias! As equipes da SAEC mandaram bem nesta sexta-feira, dia 28. Para fechar o m\u00eas com chave de ouro, o trabalho foi intensificado no Gl\u00f3ria V.Nas imagens voc\u00ea confere a interdi\u00e7\u00e3o na Rua Mundo Novo esquina com a Filad\u00e9lfia. No trecho, foram implantados 9 metros de galerias pluviais. A a\u00e7\u00e3o favorece melhor escoamento das \u00e1guas das chuvas.<\/p>\n\n\n\n<p>Mais adiante, ainda na Mundo Novo, esquina com a rua Casa Nova, voc\u00ea v\u00ea o trabalho executado de substitui\u00e7\u00e3o de po\u00e7os de visitas. Foram constru\u00eddos dois novos com bases refor\u00e7adas, todas em concreto.<\/p>\n\n\n\n<p>Melhoria que favorecer\u00e1 o escoamento dos efluentes que v\u00e3o direto para a ETE (Esta\u00e7\u00e3o de Tratamento de Esgoto).<br><br>28\/04\/2023<\/p>\n","protected":false},"excerpt":{"rendered":"<p>Melhorias! As equipes da SAEC mandaram bem nesta sexta-feira, dia 28. Para fechar o m\u00eas com chave de ouro, o trabalho foi intensificado no Gl\u00f3ria V.Nas imagens voc\u00ea confere a interdi\u00e7\u00e3o na Rua Mundo Novo esquina com a Filad\u00e9lfia. No trecho, foram implantados 9 metros de galerias pluviais. A a\u00e7\u00e3o favorece melhor escoamento das \u00e1guas [&hellip;]<\/p>\n","protected":false},"author":9,"featured_media":6615,"comment_status":"closed","ping_status":"closed","sticky":false,"template":"","format":"standard","meta":{"footnotes":""},"categories":[41,43],"tags":[],"yoast_head":"<!-- This site is optimized with the Yoast SEO plugin v15.3 - https:\/\/yoast.com\/wordpress\/plugins\/seo\/ -->\n<title>SAEC NO GL\u00d3RIA V - SAEC Superintendencia de Agua e Esgoto de Catanduva<\/title>\n<meta name=\"robots\" content=\"index, follow, max-snippet:-1, max-image-preview:large, max-video-preview:-1\" \/>\n<link rel=\"canonical\" href=\"https:\/\/saec.sp.gov.br\/index.php\/2023\/04\/28\/saec-no-gloria-v\/\" \/>\n<meta property=\"og:locale\" content=\"pt_BR\" \/>\n<meta property=\"og:type\" content=\"article\" \/>\n<meta property=\"og:title\" content=\"SAEC NO GL\u00d3RIA V - SAEC Superintendencia de Agua e Esgoto de Catanduva\" \/>\n<meta property=\"og:description\" content=\"Melhorias! As equipes da SAEC mandaram bem nesta sexta-feira, dia 28. Para fechar o m\u00eas com chave de ouro, o trabalho foi intensificado no Gl\u00f3ria V.Nas imagens voc\u00ea confere a interdi\u00e7\u00e3o na Rua Mundo Novo esquina com a Filad\u00e9lfia. No trecho, foram implantados 9 metros de galerias pluviais. A a\u00e7\u00e3o favorece melhor escoamento das \u00e1guas [&hellip;]\" \/>\n<meta property=\"og:url\" content=\"https:\/\/saec.sp.gov.br\/index.php\/2023\/04\/28\/saec-no-gloria-v\/\" \/>\n<meta property=\"og:site_name\" content=\"SAEC Superintendencia de Agua e Esgoto de Catanduva\" \/>\n<meta property=\"article:published_time\" content=\"2023-04-28T13:08:00+00:00\" \/>\n<meta property=\"article:modified_time\" content=\"2023-05-02T13:12:53+00:00\" \/>\n<meta property=\"og:image\" content=\"https:\/\/saec.sp.gov.br\/wp-content\/uploads\/2023\/05\/g5.jpg\" \/>\n\t<meta property=\"og:image:width\" content=\"1440\" \/>\n\t<meta property=\"og:image:height\" content=\"1440\" \/>\n<meta name=\"twitter:card\" content=\"summary\" \/>\n<meta name=\"twitter:label1\" content=\"Written by\">\n\t<meta name=\"twitter:data1\" content=\"Katia Muller\">\n\t<meta name=\"twitter:label2\" content=\"Est. reading time\">\n\t<meta name=\"twitter:data2\" content=\"0 minuto\">\n<script type=\"application\/ld+json\" class=\"yoast-schema-graph\">{\"@context\":\"https:\/\/schema.org\",\"@graph\":[{\"@type\":\"WebSite\",\"@id\":\"https:\/\/saec.sp.gov.br\/#website\",\"url\":\"https:\/\/saec.sp.gov.br\/\",\"name\":\"SAEC Superintendencia de Agua e Esgoto de Catanduva\",\"description\":\"SAEC\",\"potentialAction\":[{\"@type\":\"SearchAction\",\"target\":\"https:\/\/saec.sp.gov.br\/?s={search_term_string}\",\"query-input\":\"required name=search_term_string\"}],\"inLanguage\":\"pt-BR\"},{\"@type\":\"ImageObject\",\"@id\":\"https:\/\/saec.sp.gov.br\/index.php\/2023\/04\/28\/saec-no-gloria-v\/#primaryimage\",\"inLanguage\":\"pt-BR\",\"url\":\"https:\/\/saec.sp.gov.br\/wp-content\/uploads\/2023\/05\/g5.jpg\",\"width\":1440,\"height\":1440},{\"@type\":\"WebPage\",\"@id\":\"https:\/\/saec.sp.gov.br\/index.php\/2023\/04\/28\/saec-no-gloria-v\/#webpage\",\"url\":\"https:\/\/saec.sp.gov.br\/index.php\/2023\/04\/28\/saec-no-gloria-v\/\",\"name\":\"SAEC NO GL\\u00d3RIA V - SAEC Superintendencia de Agua e Esgoto de Catanduva\",\"isPartOf\":{\"@id\":\"https:\/\/saec.sp.gov.br\/#website\"},\"primaryImageOfPage\":{\"@id\":\"https:\/\/saec.sp.gov.br\/index.php\/2023\/04\/28\/saec-no-gloria-v\/#primaryimage\"},\"datePublished\":\"2023-04-28T13:08:00+00:00\",\"dateModified\":\"2023-05-02T13:12:53+00:00\",\"author\":{\"@id\":\"https:\/\/saec.sp.gov.br\/#\/schema\/person\/50ef0d9dd88bbbcefe39443548103bbb\"},\"inLanguage\":\"pt-BR\",\"potentialAction\":[{\"@type\":\"ReadAction\",\"target\":[\"https:\/\/saec.sp.gov.br\/index.php\/2023\/04\/28\/saec-no-gloria-v\/\"]}]},{\"@type\":\"Person\",\"@id\":\"https:\/\/saec.sp.gov.br\/#\/schema\/person\/50ef0d9dd88bbbcefe39443548103bbb\",\"name\":\"Katia Muller\"}]}<\/script>\n<!-- \/ Yoast SEO plugin. -->","amp_validity":null,"amp_enabled":true,"_links":{"self":[{"href":"https:\/\/saec.sp.gov.br\/index.php\/wp-json\/wp\/v2\/posts\/6614"}],"collection":[{"href":"https:\/\/saec.sp.gov.br\/index.php\/wp-json\/wp\/v2\/posts"}],"about":[{"href":"https:\/\/saec.sp.gov.br\/index.php\/wp-json\/wp\/v2\/types\/post"}],"author":[{"embeddable":true,"href":"https:\/\/saec.sp.gov.br\/index.php\/wp-json\/wp\/v2\/users\/9"}],"replies":[{"embeddable":true,"href":"https:\/\/saec.sp.gov.br\/index.php\/wp-json\/wp\/v2\/comments?post=6614"}],"version-history":[{"count":1,"href":"https:\/\/saec.sp.gov.br\/index.php\/wp-json\/wp\/v2\/posts\/6614\/revisions"}],"predecessor-version":[{"id":6616,"href":"https:\/\/saec.sp.gov.br\/index.php\/wp-json\/wp\/v2\/posts\/6614\/revisions\/6616"}],"wp:featuredmedia":[{"embeddable":true,"href":"https:\/\/saec.sp.gov.br\/index.php\/wp-json\/wp\/v2\/media\/6615"}],"wp:attachment":[{"href":"https:\/\/saec.sp.gov.br\/index.php\/wp-json\/wp\/v2\/media?parent=6614"}],"wp:term":[{"taxonomy":"category","embeddable":true,"href":"https:\/\/saec.sp.gov.br\/index.php\/wp-json\/wp\/v2\/categories?post=6614"},{"taxonomy":"post_tag","embeddable":true,"href":"https:\/\/saec.sp.gov.br\/index.php\/wp-json\/wp\/v2\/tags?post=6614"}],"curies":[{"name":"wp","href":"https:\/\/api.w.org\/{rel}","templated":true}]}}