{"id":6631,"date":"2023-05-03T15:58:58","date_gmt":"2023-05-03T18:58:58","guid":{"rendered":"http:\/\/saec.sp.gov.br\/?p=6631"},"modified":"2023-05-03T16:49:02","modified_gmt":"2023-05-03T19:49:02","slug":"interrupcoes-no-fornecimento-de-agua","status":"publish","type":"post","link":"https:\/\/saec.sp.gov.br\/index.php\/2023\/05\/03\/interrupcoes-no-fornecimento-de-agua\/","title":{"rendered":"INTERRUP\u00c7\u00d5ES NO FORNECIMENTO DE \u00c1GUA"},"content":{"rendered":"\n<p>A SAEC comunica os moradores sobre interrup\u00e7\u00f5es no fornecimento de \u00e1gua nesta quinta-feira feira, dia 4.<\/p>\n\n\n\n<p>7h \u00e0s 17 horas:<br>&#8211; Jardim Monte Carlo<\/p>\n\n\n\n<p> 12h \u00e0s 17 horas:<br>&#8211;  Vila Bela, Jardim do Bosque, Vila Lunardelli, Alto do Higien\u00f3polis e Vila S\u00e3o Jorge.<\/p>\n\n\n\n<p>Ser\u00e1 necess\u00e1rio o fechamento dos reservat\u00f3rios para inspe\u00e7\u00f5es dos mesmos.<br>A SAEC pede que os moradores economizem \u00e1gua para que n\u00e3o ocorra desabastecimento.<br><br>03\/05\/2023<\/p>\n","protected":false},"excerpt":{"rendered":"<p>A SAEC comunica os moradores sobre interrup\u00e7\u00f5es no fornecimento de \u00e1gua nesta quinta-feira feira, dia 4. 7h \u00e0s 17 horas:&#8211; Jardim Monte Carlo 12h \u00e0s 17 horas:&#8211; Vila Bela, Jardim do Bosque, Vila Lunardelli, Alto do Higien\u00f3polis e Vila S\u00e3o Jorge. Ser\u00e1 necess\u00e1rio o fechamento dos reservat\u00f3rios para inspe\u00e7\u00f5es dos mesmos.A SAEC pede que os [&hellip;]<\/p>\n","protected":false},"author":9,"featured_media":6540,"comment_status":"closed","ping_status":"closed","sticky":false,"template":"","format":"standard","meta":{"footnotes":""},"categories":[49,41,43],"tags":[],"yoast_head":"<!-- This site is optimized with the Yoast SEO plugin v15.3 - https:\/\/yoast.com\/wordpress\/plugins\/seo\/ -->\n<title>INTERRUP\u00c7\u00d5ES NO FORNECIMENTO DE \u00c1GUA - SAEC Superintendencia de Agua e Esgoto de Catanduva<\/title>\n<meta name=\"robots\" content=\"index, follow, max-snippet:-1, max-image-preview:large, max-video-preview:-1\" \/>\n<link rel=\"canonical\" href=\"https:\/\/saec.sp.gov.br\/index.php\/2023\/05\/03\/interrupcoes-no-fornecimento-de-agua\/\" \/>\n<meta property=\"og:locale\" content=\"pt_BR\" \/>\n<meta property=\"og:type\" content=\"article\" \/>\n<meta property=\"og:title\" content=\"INTERRUP\u00c7\u00d5ES NO FORNECIMENTO DE \u00c1GUA - SAEC Superintendencia de Agua e Esgoto de Catanduva\" \/>\n<meta property=\"og:description\" content=\"A SAEC comunica os moradores sobre interrup\u00e7\u00f5es no fornecimento de \u00e1gua nesta quinta-feira feira, dia 4. 7h \u00e0s 17 horas:&#8211; Jardim Monte Carlo 12h \u00e0s 17 horas:&#8211; Vila Bela, Jardim do Bosque, Vila Lunardelli, Alto do Higien\u00f3polis e Vila S\u00e3o Jorge. Ser\u00e1 necess\u00e1rio o fechamento dos reservat\u00f3rios para inspe\u00e7\u00f5es dos mesmos.A SAEC pede que os [&hellip;]\" \/>\n<meta property=\"og:url\" content=\"https:\/\/saec.sp.gov.br\/index.php\/2023\/05\/03\/interrupcoes-no-fornecimento-de-agua\/\" \/>\n<meta property=\"og:site_name\" content=\"SAEC Superintendencia de Agua e Esgoto de Catanduva\" \/>\n<meta property=\"article:published_time\" content=\"2023-05-03T18:58:58+00:00\" \/>\n<meta property=\"article:modified_time\" content=\"2023-05-03T19:49:02+00:00\" \/>\n<meta property=\"og:image\" content=\"https:\/\/saec.sp.gov.br\/wp-content\/uploads\/2023\/04\/interrupcao-agua.jpg\" \/>\n\t<meta property=\"og:image:width\" content=\"526\" \/>\n\t<meta property=\"og:image:height\" content=\"526\" \/>\n<meta name=\"twitter:card\" content=\"summary\" \/>\n<meta name=\"twitter:label1\" content=\"Written by\">\n\t<meta name=\"twitter:data1\" content=\"Katia Muller\">\n\t<meta name=\"twitter:label2\" content=\"Est. reading time\">\n\t<meta name=\"twitter:data2\" content=\"0 minuto\">\n<script type=\"application\/ld+json\" class=\"yoast-schema-graph\">{\"@context\":\"https:\/\/schema.org\",\"@graph\":[{\"@type\":\"WebSite\",\"@id\":\"https:\/\/saec.sp.gov.br\/#website\",\"url\":\"https:\/\/saec.sp.gov.br\/\",\"name\":\"SAEC Superintendencia de Agua e Esgoto de Catanduva\",\"description\":\"SAEC\",\"potentialAction\":[{\"@type\":\"SearchAction\",\"target\":\"https:\/\/saec.sp.gov.br\/?s={search_term_string}\",\"query-input\":\"required name=search_term_string\"}],\"inLanguage\":\"pt-BR\"},{\"@type\":\"ImageObject\",\"@id\":\"https:\/\/saec.sp.gov.br\/index.php\/2023\/05\/03\/interrupcoes-no-fornecimento-de-agua\/#primaryimage\",\"inLanguage\":\"pt-BR\",\"url\":\"https:\/\/saec.sp.gov.br\/wp-content\/uploads\/2023\/04\/interrupcao-agua.jpg\",\"width\":526,\"height\":526},{\"@type\":\"WebPage\",\"@id\":\"https:\/\/saec.sp.gov.br\/index.php\/2023\/05\/03\/interrupcoes-no-fornecimento-de-agua\/#webpage\",\"url\":\"https:\/\/saec.sp.gov.br\/index.php\/2023\/05\/03\/interrupcoes-no-fornecimento-de-agua\/\",\"name\":\"INTERRUP\\u00c7\\u00d5ES NO FORNECIMENTO DE \\u00c1GUA - SAEC Superintendencia de Agua e Esgoto de Catanduva\",\"isPartOf\":{\"@id\":\"https:\/\/saec.sp.gov.br\/#website\"},\"primaryImageOfPage\":{\"@id\":\"https:\/\/saec.sp.gov.br\/index.php\/2023\/05\/03\/interrupcoes-no-fornecimento-de-agua\/#primaryimage\"},\"datePublished\":\"2023-05-03T18:58:58+00:00\",\"dateModified\":\"2023-05-03T19:49:02+00:00\",\"author\":{\"@id\":\"https:\/\/saec.sp.gov.br\/#\/schema\/person\/50ef0d9dd88bbbcefe39443548103bbb\"},\"inLanguage\":\"pt-BR\",\"potentialAction\":[{\"@type\":\"ReadAction\",\"target\":[\"https:\/\/saec.sp.gov.br\/index.php\/2023\/05\/03\/interrupcoes-no-fornecimento-de-agua\/\"]}]},{\"@type\":\"Person\",\"@id\":\"https:\/\/saec.sp.gov.br\/#\/schema\/person\/50ef0d9dd88bbbcefe39443548103bbb\",\"name\":\"Katia Muller\"}]}<\/script>\n<!-- \/ Yoast SEO plugin. -->","amp_validity":null,"amp_enabled":true,"_links":{"self":[{"href":"https:\/\/saec.sp.gov.br\/index.php\/wp-json\/wp\/v2\/posts\/6631"}],"collection":[{"href":"https:\/\/saec.sp.gov.br\/index.php\/wp-json\/wp\/v2\/posts"}],"about":[{"href":"https:\/\/saec.sp.gov.br\/index.php\/wp-json\/wp\/v2\/types\/post"}],"author":[{"embeddable":true,"href":"https:\/\/saec.sp.gov.br\/index.php\/wp-json\/wp\/v2\/users\/9"}],"replies":[{"embeddable":true,"href":"https:\/\/saec.sp.gov.br\/index.php\/wp-json\/wp\/v2\/comments?post=6631"}],"version-history":[{"count":3,"href":"https:\/\/saec.sp.gov.br\/index.php\/wp-json\/wp\/v2\/posts\/6631\/revisions"}],"predecessor-version":[{"id":6636,"href":"https:\/\/saec.sp.gov.br\/index.php\/wp-json\/wp\/v2\/posts\/6631\/revisions\/6636"}],"wp:featuredmedia":[{"embeddable":true,"href":"https:\/\/saec.sp.gov.br\/index.php\/wp-json\/wp\/v2\/media\/6540"}],"wp:attachment":[{"href":"https:\/\/saec.sp.gov.br\/index.php\/wp-json\/wp\/v2\/media?parent=6631"}],"wp:term":[{"taxonomy":"category","embeddable":true,"href":"https:\/\/saec.sp.gov.br\/index.php\/wp-json\/wp\/v2\/categories?post=6631"},{"taxonomy":"post_tag","embeddable":true,"href":"https:\/\/saec.sp.gov.br\/index.php\/wp-json\/wp\/v2\/tags?post=6631"}],"curies":[{"name":"wp","href":"https:\/\/api.w.org\/{rel}","templated":true}]}}